{"id":22377,"date":"2022-09-29T15:10:45","date_gmt":"2022-09-29T18:10:45","guid":{"rendered":"https:\/\/radiorevelacionfm.cl\/?p=22377"},"modified":"2022-09-29T15:10:45","modified_gmt":"2022-09-29T18:10:45","slug":"diputada-raphael-llamo-al-gobierno-a-que-entregue-soluciones-reales-a-falta-de-conectividad-en-chile-chico","status":"publish","type":"post","link":"https:\/\/radiorevelacionfm.cl\/?p=22377","title":{"rendered":"Diputada Raphael llam\u00f3 al gobierno a que entregue soluciones reales a falta de conectividad en Chile Chico"},"content":{"rendered":"<div class=\"flex_column av_one_full  flex_column_div av-zero-column-padding first  avia-builder-el-0  el_before_av_one_full  avia-builder-el-first  \" style='border-radius:0px; '><div  class='avia-image-container  av-styling-    avia-builder-el-1  avia-builder-el-no-sibling  avia-align-center '  itemprop=\"image\" itemscope=\"itemscope\" itemtype=\"https:\/\/schema.org\/ImageObject\"  ><div class='avia-image-container-inner'><div class='avia-image-overlay-wrap'><img decoding=\"async\" class='wp-image-22378 avia-img-lazy-loading-not-22378 avia_image' src=\"https:\/\/radiorevelacionfm.cl\/wp-content\/uploads\/2022\/09\/Diputada-Image-2022-09-28-at-8.26.00-AM-1-1.jpeg\" alt='' title='Diputada Image 2022-09-28 at 8.26.00 AM (1) (1)' height=\"600\" width=\"900\"  itemprop=\"thumbnailUrl\" srcset=\"https:\/\/radiorevelacionfm.cl\/wp-content\/uploads\/2022\/09\/Diputada-Image-2022-09-28-at-8.26.00-AM-1-1.jpeg 900w, https:\/\/radiorevelacionfm.cl\/wp-content\/uploads\/2022\/09\/Diputada-Image-2022-09-28-at-8.26.00-AM-1-1-300x200.jpeg 300w, https:\/\/radiorevelacionfm.cl\/wp-content\/uploads\/2022\/09\/Diputada-Image-2022-09-28-at-8.26.00-AM-1-1-768x512.jpeg 768w, https:\/\/radiorevelacionfm.cl\/wp-content\/uploads\/2022\/09\/Diputada-Image-2022-09-28-at-8.26.00-AM-1-1-705x470.jpeg 705w, https:\/\/radiorevelacionfm.cl\/wp-content\/uploads\/2022\/09\/Diputada-Image-2022-09-28-at-8.26.00-AM-1-1-600x400.jpeg 600w\" sizes=\"(max-width: 900px) 100vw, 900px\" \/><\/div><\/div><\/div><\/div><div class=\"flex_column av_one_full  flex_column_div av-zero-column-padding first  avia-builder-el-2  el_after_av_one_full  el_before_av_one_full  column-top-margin\" style='border-radius:0px; '><section class=\"av_textblock_section \"  itemscope=\"itemscope\" itemtype=\"https:\/\/schema.org\/BlogPosting\" itemprop=\"blogPost\" ><div class='avia_textblock  '   itemprop=\"text\" ><p style=\"text-align: center;\"><strong><span style=\"font-size: 18pt;\">Diputada Raphael llam\u00f3 al gobierno a que entregue soluciones reales a falta de conectividad en Chile Chico<\/span><\/strong><\/p>\n<div id=\"gtx-trans\" style=\"position: absolute; left: -50px; top: 4.31534px;\">\n<div class=\"gtx-trans-icon\"><\/div>\n<\/div>\n<\/div><\/section><\/div><div class=\"flex_column av_one_full  flex_column_div av-zero-column-padding first  avia-builder-el-4  el_after_av_one_full  el_before_av_hr  column-top-margin\" style='border-radius:0px; '><section class=\"av_textblock_section \"  itemscope=\"itemscope\" itemtype=\"https:\/\/schema.org\/BlogPosting\" itemprop=\"blogPost\" ><div class='avia_textblock  '   itemprop=\"text\" ><p style=\"text-align: justify;\">El domingo 25 la barcaza Chelenco perdi\u00f3 su rampa de acceso. Y tras tres meses no se ha cumplido el compromiso de contar con una nave solo para traslado de pasajeros.<\/p>\n<p>M\u00e1s de dos d\u00e9cadas lleva este siglo 21 y a\u00fan los m\u00e1s de 5 mil habitantes de la comuna de Chile Chico, en la Regi\u00f3n de Ays\u00e9n, sufren las penurias por la falta de conectividad. Y pese a los constantes llamados al gobierno para mejorar la mantenci\u00f3n de las barcazas que conectan con Coyhaique, los problemas y constantes fallas de las naves, contin\u00faan.<\/p>\n<p>La diputada de RN Marcia Raphael, tras el \u00faltimo desperfecto que sufri\u00f3 la barcaza Chelenco, que el domingo pasado perdi\u00f3 la rampa de acceso a pocos minutos de zarpar, se reuni\u00f3 con el ministro de Transportes y Telecomunicaciones, Juan Carlos Mu\u00f1oz, para demandar soluciones reales a las problem\u00e1ticas que enfrenta la ciudadan\u00eda de la Regi\u00f3n de Ays\u00e9n.<\/p>\n<p>Marcia Raphael, tras el encuentro, critic\u00f3 \u00abla desidia \u00a0de los gobiernos con la conectividad lacustre. Chile Chico espera una soluci\u00f3n definitiva hace mucho tiempo y las respuestas han sido deficientes, negligentes, soluciones de parche\u00bb.<\/p>\n<p>La parlamentaria por Ays\u00e9n, a\u00f1adi\u00f3 que tampoco existe la disposici\u00f3n \u00abde dotar de embarcaciones que permitan desarrollar toda la cuenca del Lago General Carrera (el segundo lago m\u00e1s grande de Am\u00e9rica del Sur) que cuenta con gran potencial en agricultura, miner\u00eda y turismo\u00bb.<\/p>\n<p>Y record\u00f3 que se cumplir\u00e1n tres meses desde que los parlamentarios de Ays\u00e9n \u00able solicitamos al Subsecretario de Transportes que pusiera a disposici\u00f3n de la comunidad una nave solo para transportes de pasajeros ante los desperfectos de las barcazas y as\u00ed pudieran atender sus emergencias personales. Sin embargo, a la fecha nos han informado de contar con tres cotizaciones, pero nada concreto en cuanto a contar con un nav\u00edo de apoyo\u00bb.<\/p>\n<p>Ante la ausencia de soluciones reales para los m\u00e1s de 5 mil habitantes de Chile Chico, que a estas alturas del siglo 21 no logran adelantos en su conectividad, concluy\u00f3 que \u00abnecesitamos que el gobierno solucione los problemas concretos de la gente. M\u00e1s soluci\u00f3n y menos preocupaci\u00f3n por la Constituci\u00f3n\u00bb.<\/p>\n<\/div><\/section><\/div><div  style='height:50px' class='hr hr-invisible   avia-builder-el-6  el_after_av_one_full  el_before_av_social_share '><span class='hr-inner ' ><span class='hr-inner-style'><\/span><\/span><\/div><\/p>\n<div  class='av-social-sharing-box  avia-builder-el-7  el_after_av_hr  el_before_av_hr  '><div class='av-share-box'><h5 class='av-share-link-description av-no-toc '>Compartir esta noticia<\/h5><ul class='av-share-box-list noLightbox'><li class='av-share-link av-social-link-facebook' ><a target=\"_blank\" aria-label=\"Compartir en Facebook\" href='https:\/\/www.facebook.com\/sharer.php?u=https:\/\/radiorevelacionfm.cl\/?p=22377&#038;t=Diputada%20Raphael%20llam%C3%B3%20al%20gobierno%20a%20que%20entregue%20soluciones%20reales%20a%20falta%20de%20conectividad%20en%20Chile%20Chico' aria-hidden='false' data-av_icon='\ue8f3' data-av_iconfont='entypo-fontello' title='' data-avia-related-tooltip='Compartir en Facebook' rel=\"noopener\"><span class='avia_hidden_link_text'>Compartir en Facebook<\/span><\/a><\/li><li class='av-share-link av-social-link-twitter' ><a target=\"_blank\" aria-label=\"Compartir en Twitter\" href='https:\/\/twitter.com\/share?text=Diputada%20Raphael%20llam%C3%B3%20al%20gobierno%20a%20que%20entregue%20soluciones%20reales%20a%20falta%20de%20conectividad%20en%20Chile%20Chico&#038;url=https:\/\/radiorevelacionfm.cl\/?p=22377' aria-hidden='false' data-av_icon='\ue8f1' data-av_iconfont='entypo-fontello' title='' data-avia-related-tooltip='Compartir en Twitter' rel=\"noopener\"><span class='avia_hidden_link_text'>Compartir en Twitter<\/span><\/a><\/li><li class='av-share-link av-social-link-whatsapp' ><a target=\"_blank\" aria-label=\"Compartir en Whatsapp\" href='https:\/\/api.whatsapp.com\/send?text=https:\/\/radiorevelacionfm.cl\/?p=22377' aria-hidden='false' data-av_icon='\uf232' data-av_iconfont='entypo-fontello' title='' data-avia-related-tooltip='Compartir en Whatsapp' rel=\"noopener\"><span class='avia_hidden_link_text'>Compartir en Whatsapp<\/span><\/a><\/li><li class='av-share-link av-social-link-linkedin' ><a target=\"_blank\" aria-label=\"Compartir en LinkedIn\" href='https:\/\/linkedin.com\/shareArticle?mini=true&#038;title=Diputada%20Raphael%20llam%C3%B3%20al%20gobierno%20a%20que%20entregue%20soluciones%20reales%20a%20falta%20de%20conectividad%20en%20Chile%20Chico&#038;url=https:\/\/radiorevelacionfm.cl\/?p=22377' aria-hidden='false' data-av_icon='\ue8fc' data-av_iconfont='entypo-fontello' title='' data-avia-related-tooltip='Compartir en LinkedIn' rel=\"noopener\"><span class='avia_hidden_link_text'>Compartir en LinkedIn<\/span><\/a><\/li><li class='av-share-link av-social-link-mail' ><a  aria-label=\"Compartir por correo\" href='mailto:?subject=Diputada%20Raphael%20llam%C3%B3%20al%20gobierno%20a%20que%20entregue%20soluciones%20reales%20a%20falta%20de%20conectividad%20en%20Chile%20Chico&#038;body=https:\/\/radiorevelacionfm.cl\/?p=22377' aria-hidden='false' data-av_icon='\ue805' data-av_iconfont='entypo-fontello' title='' data-avia-related-tooltip='Compartir por correo'><span class='avia_hidden_link_text'>Compartir por correo<\/span><\/a><\/li><\/ul><\/div><\/div>\n<div  style='height:50px' class='hr hr-invisible   avia-builder-el-8  el_after_av_social_share  el_before_av_comments_list '><span class='hr-inner ' ><span class='hr-inner-style'><\/span><\/span><\/div>\n<div  class='av-buildercomment  av-blog-meta-html-info-disabled av-blog-meta-tag-disabled  '><\/div>\n","protected":false},"excerpt":{"rendered":"","protected":false},"author":1,"featured_media":22378,"comment_status":"open","ping_status":"open","sticky":false,"template":"","format":"standard","meta":{"footnotes":""},"categories":[35],"tags":[],"class_list":["post-22377","post","type-post","status-publish","format-standard","has-post-thumbnail","hentry","category-politica"],"jetpack_featured_media_url":"https:\/\/radiorevelacionfm.cl\/wp-content\/uploads\/2022\/09\/Diputada-Image-2022-09-28-at-8.26.00-AM-1-1.jpeg","_links":{"self":[{"href":"https:\/\/radiorevelacionfm.cl\/index.php?rest_route=\/wp\/v2\/posts\/22377","targetHints":{"allow":["GET"]}}],"collection":[{"href":"https:\/\/radiorevelacionfm.cl\/index.php?rest_route=\/wp\/v2\/posts"}],"about":[{"href":"https:\/\/radiorevelacionfm.cl\/index.php?rest_route=\/wp\/v2\/types\/post"}],"author":[{"embeddable":true,"href":"https:\/\/radiorevelacionfm.cl\/index.php?rest_route=\/wp\/v2\/users\/1"}],"replies":[{"embeddable":true,"href":"https:\/\/radiorevelacionfm.cl\/index.php?rest_route=%2Fwp%2Fv2%2Fcomments&post=22377"}],"version-history":[{"count":2,"href":"https:\/\/radiorevelacionfm.cl\/index.php?rest_route=\/wp\/v2\/posts\/22377\/revisions"}],"predecessor-version":[{"id":22384,"href":"https:\/\/radiorevelacionfm.cl\/index.php?rest_route=\/wp\/v2\/posts\/22377\/revisions\/22384"}],"wp:featuredmedia":[{"embeddable":true,"href":"https:\/\/radiorevelacionfm.cl\/index.php?rest_route=\/wp\/v2\/media\/22378"}],"wp:attachment":[{"href":"https:\/\/radiorevelacionfm.cl\/index.php?rest_route=%2Fwp%2Fv2%2Fmedia&parent=22377"}],"wp:term":[{"taxonomy":"category","embeddable":true,"href":"https:\/\/radiorevelacionfm.cl\/index.php?rest_route=%2Fwp%2Fv2%2Fcategories&post=22377"},{"taxonomy":"post_tag","embeddable":true,"href":"https:\/\/radiorevelacionfm.cl\/index.php?rest_route=%2Fwp%2Fv2%2Ftags&post=22377"}],"curies":[{"name":"wp","href":"https:\/\/api.w.org\/{rel}","templated":true}]}}