{"id":22372,"date":"2022-10-01T12:16:52","date_gmt":"2022-10-01T15:16:52","guid":{"rendered":"https:\/\/radiorevelacionfm.cl\/?p=22372"},"modified":"2022-10-03T15:54:02","modified_gmt":"2022-10-03T18:54:02","slug":"pension-garantizada-universal-a-medias-no-sirve-preocuparse-sin-ocuparse","status":"publish","type":"post","link":"https:\/\/radiorevelacionfm.cl\/?p=22372","title":{"rendered":"Pensi\u00f3n Garantizada Universal a medias: No sirve preocuparse sin ocuparse"},"content":{"rendered":"<div class=\"flex_column av_one_full  flex_column_div av-zero-column-padding first  avia-builder-el-0  el_before_av_one_full  avia-builder-el-first  \" style='border-radius:0px; '><div  class='avia-image-container  av-styling-    avia-builder-el-1  avia-builder-el-no-sibling  avia-align-center '  itemprop=\"image\" itemscope=\"itemscope\" itemtype=\"https:\/\/schema.org\/ImageObject\"  ><div class='avia-image-container-inner'><div class='avia-image-overlay-wrap'><img decoding=\"async\" class='wp-image-22374 avia-img-lazy-loading-not-22374 avia_image' src=\"https:\/\/radiorevelacionfm.cl\/wp-content\/uploads\/2022\/09\/marcelo-santanana-2-1-1.jpg\" alt='' title='marcelo-santanana (2) (1) (1)' height=\"600\" width=\"1145\"  itemprop=\"thumbnailUrl\" srcset=\"https:\/\/radiorevelacionfm.cl\/wp-content\/uploads\/2022\/09\/marcelo-santanana-2-1-1.jpg 1145w, https:\/\/radiorevelacionfm.cl\/wp-content\/uploads\/2022\/09\/marcelo-santanana-2-1-1-300x157.jpg 300w, https:\/\/radiorevelacionfm.cl\/wp-content\/uploads\/2022\/09\/marcelo-santanana-2-1-1-1030x540.jpg 1030w, https:\/\/radiorevelacionfm.cl\/wp-content\/uploads\/2022\/09\/marcelo-santanana-2-1-1-768x402.jpg 768w, https:\/\/radiorevelacionfm.cl\/wp-content\/uploads\/2022\/09\/marcelo-santanana-2-1-1-705x369.jpg 705w, https:\/\/radiorevelacionfm.cl\/wp-content\/uploads\/2022\/09\/marcelo-santanana-2-1-1-600x314.jpg 600w\" sizes=\"(max-width: 1145px) 100vw, 1145px\" \/><\/div><\/div><\/div><\/div><div class=\"flex_column av_one_full  flex_column_div av-zero-column-padding first  avia-builder-el-2  el_after_av_one_full  el_before_av_one_full  column-top-margin\" style='border-radius:0px; '><section class=\"av_textblock_section \"  itemscope=\"itemscope\" itemtype=\"https:\/\/schema.org\/BlogPosting\" itemprop=\"blogPost\" ><div class='avia_textblock  '   itemprop=\"text\" ><p style=\"text-align: center;\"><strong><span style=\"font-size: 18pt;\">Pensi\u00f3n Garantizada Universal a medias: No sirve preocuparse sin ocuparse<\/span><\/strong><\/p>\n<div id=\"gtx-trans\" style=\"position: absolute; left: -50px; top: 4.31534px;\">\n<div class=\"gtx-trans-icon\"><\/div>\n<\/div>\n<\/div><\/section><\/div><div class=\"flex_column av_one_full  flex_column_div av-zero-column-padding first  avia-builder-el-4  el_after_av_one_full  el_before_av_hr  column-top-margin\" style='border-radius:0px; '><section class=\"av_textblock_section \"  itemscope=\"itemscope\" itemtype=\"https:\/\/schema.org\/BlogPosting\" itemprop=\"blogPost\" ><div class='avia_textblock  '   itemprop=\"text\" ><p style=\"text-align: justify;\">La Pensi\u00f3n Garantizada Universal (PGU) que comenz\u00f3 a regir en febrero del presente a\u00f1o y que reemplaz\u00f3 a los beneficios de vejez del Pilar Solidario, es el resultado de los primeros pulsos de esfuerzo para dar respuesta a la demanda hist\u00f3rica por \u201cpensiones dignas\u201d, sin embargo, los resultados de entrega del beneficio reflejan que, a pesar de las buenas intenciones, el gobierno solo se preocup\u00f3 y no se ocup\u00f3 en ejecutar de forma eficiente la entrega de este beneficio.<\/p>\n<p style=\"text-align: justify;\">Tenemos a dos grupos que reciben esta pensi\u00f3n, por un lado, m\u00e1s de 1,7 millones de personas correspondiente al 60% de la poblaci\u00f3n con menores ingresos, recibieron un pago m\u00e1ximo de $193.917 en la primera etapa del PGU, sin mayores complicaciones.<\/p>\n<p style=\"text-align: justify;\">Por otro lado, el segundo grupo son los nuevos beneficiarios que se encuentran entre el 60% y 90% que representan a cerca de 660 mil personas, de los cuales solo 100 mil han recibido el pago del beneficio desde el mes de agosto \u00bfQu\u00e9 ocurre con las otras 500 mil personas?<\/p>\n<p style=\"text-align: justify;\">Desde las municipalidades de la Regi\u00f3n de Ays\u00e9n podemos observar c\u00f3mo se ha encarecido la vida y c\u00f3mo esto impacta directamente al bolsillo de los m\u00e1s vulnerables de la poblaci\u00f3n, nuestros adultos mayores. Por esta raz\u00f3n, nos preocupa de sobre manera que el Gobierno no est\u00e9 cumpliendo con su tarea de proveer e informar oportunamente a la comunidad, para que puedan solicitar este tipo de beneficios.<\/p>\n<p style=\"text-align: justify;\">Se destin\u00f3 un 2% del PIB al PGU con la finalidad de mejorar las pensiones de nuestros adultos mayores, pero hasta la fecha no estamos viendo resultados concretos, solo buenas intenciones que no se materializan en una ayuda directa. Actualmente, como municipios solo sabemos que cerca de 21 mil adultos mayores recibieron el PGU en la Regi\u00f3n de Ays\u00e9n, pero \u00bfCu\u00e1ntos beneficiarios existen en la Regi\u00f3n de Ays\u00e9n? \u00bfCu\u00e1ntos ya solicitaron el beneficio? Nos encontramos sin respuestas y sin recibir la informaci\u00f3n detallada desde el Gobierno Central. No podemos seguir funcionando en base a preocupaciones, si no nos ocupamos de ejecutar las soluciones.<\/p>\n<p>Por Marcelo Santana Vargas<\/p>\n<p>Presidente de la Asociaci\u00f3n de Municipalidades de Ays\u00e9n (AREMU)<\/p>\n<\/div><\/section><\/div><div  style='height:50px' class='hr hr-invisible   avia-builder-el-6  el_after_av_one_full  el_before_av_social_share '><span class='hr-inner ' ><span class='hr-inner-style'><\/span><\/span><\/div><\/p>\n<div  class='av-social-sharing-box  avia-builder-el-7  el_after_av_hr  el_before_av_hr  '><div class='av-share-box'><h5 class='av-share-link-description av-no-toc '>Compartir esta noticia<\/h5><ul class='av-share-box-list noLightbox'><li class='av-share-link av-social-link-facebook' ><a target=\"_blank\" aria-label=\"Compartir en Facebook\" href='https:\/\/www.facebook.com\/sharer.php?u=https:\/\/radiorevelacionfm.cl\/?p=22372&#038;t=Pensi%C3%B3n%20Garantizada%20Universal%20a%20medias%3A%20No%20sirve%20preocuparse%20sin%20ocuparse' aria-hidden='false' data-av_icon='\ue8f3' data-av_iconfont='entypo-fontello' title='' data-avia-related-tooltip='Compartir en Facebook' rel=\"noopener\"><span class='avia_hidden_link_text'>Compartir en Facebook<\/span><\/a><\/li><li class='av-share-link av-social-link-twitter' ><a target=\"_blank\" aria-label=\"Compartir en Twitter\" href='https:\/\/twitter.com\/share?text=Pensi%C3%B3n%20Garantizada%20Universal%20a%20medias%3A%20No%20sirve%20preocuparse%20sin%20ocuparse&#038;url=https:\/\/radiorevelacionfm.cl\/?p=22372' aria-hidden='false' data-av_icon='\ue8f1' data-av_iconfont='entypo-fontello' title='' data-avia-related-tooltip='Compartir en Twitter' rel=\"noopener\"><span class='avia_hidden_link_text'>Compartir en Twitter<\/span><\/a><\/li><li class='av-share-link av-social-link-whatsapp' ><a target=\"_blank\" aria-label=\"Compartir en Whatsapp\" href='https:\/\/api.whatsapp.com\/send?text=https:\/\/radiorevelacionfm.cl\/?p=22372' aria-hidden='false' data-av_icon='\uf232' data-av_iconfont='entypo-fontello' title='' data-avia-related-tooltip='Compartir en Whatsapp' rel=\"noopener\"><span class='avia_hidden_link_text'>Compartir en Whatsapp<\/span><\/a><\/li><li class='av-share-link av-social-link-linkedin' ><a target=\"_blank\" aria-label=\"Compartir en LinkedIn\" href='https:\/\/linkedin.com\/shareArticle?mini=true&#038;title=Pensi%C3%B3n%20Garantizada%20Universal%20a%20medias%3A%20No%20sirve%20preocuparse%20sin%20ocuparse&#038;url=https:\/\/radiorevelacionfm.cl\/?p=22372' aria-hidden='false' data-av_icon='\ue8fc' data-av_iconfont='entypo-fontello' title='' data-avia-related-tooltip='Compartir en LinkedIn' rel=\"noopener\"><span class='avia_hidden_link_text'>Compartir en LinkedIn<\/span><\/a><\/li><li class='av-share-link av-social-link-mail' ><a  aria-label=\"Compartir por correo\" href='mailto:?subject=Pensi%C3%B3n%20Garantizada%20Universal%20a%20medias%3A%20No%20sirve%20preocuparse%20sin%20ocuparse&#038;body=https:\/\/radiorevelacionfm.cl\/?p=22372' aria-hidden='false' data-av_icon='\ue805' data-av_iconfont='entypo-fontello' title='' data-avia-related-tooltip='Compartir por correo'><span class='avia_hidden_link_text'>Compartir por correo<\/span><\/a><\/li><\/ul><\/div><\/div>\n<div  style='height:50px' class='hr hr-invisible   avia-builder-el-8  el_after_av_social_share  el_before_av_comments_list '><span class='hr-inner ' ><span class='hr-inner-style'><\/span><\/span><\/div>\n<div  class='av-buildercomment  av-blog-meta-html-info-disabled av-blog-meta-tag-disabled  '><\/div>\n","protected":false},"excerpt":{"rendered":"","protected":false},"author":1,"featured_media":22554,"comment_status":"open","ping_status":"open","sticky":false,"template":"","format":"standard","meta":{"footnotes":""},"categories":[50],"tags":[],"class_list":["post-22372","post","type-post","status-publish","format-standard","has-post-thumbnail","hentry","category-cartas-y-opinion"],"jetpack_featured_media_url":"https:\/\/radiorevelacionfm.cl\/wp-content\/uploads\/2022\/10\/marcelo-santanana-2-1-1.jpg","_links":{"self":[{"href":"https:\/\/radiorevelacionfm.cl\/index.php?rest_route=\/wp\/v2\/posts\/22372","targetHints":{"allow":["GET"]}}],"collection":[{"href":"https:\/\/radiorevelacionfm.cl\/index.php?rest_route=\/wp\/v2\/posts"}],"about":[{"href":"https:\/\/radiorevelacionfm.cl\/index.php?rest_route=\/wp\/v2\/types\/post"}],"author":[{"embeddable":true,"href":"https:\/\/radiorevelacionfm.cl\/index.php?rest_route=\/wp\/v2\/users\/1"}],"replies":[{"embeddable":true,"href":"https:\/\/radiorevelacionfm.cl\/index.php?rest_route=%2Fwp%2Fv2%2Fcomments&post=22372"}],"version-history":[{"count":2,"href":"https:\/\/radiorevelacionfm.cl\/index.php?rest_route=\/wp\/v2\/posts\/22372\/revisions"}],"predecessor-version":[{"id":22553,"href":"https:\/\/radiorevelacionfm.cl\/index.php?rest_route=\/wp\/v2\/posts\/22372\/revisions\/22553"}],"wp:featuredmedia":[{"embeddable":true,"href":"https:\/\/radiorevelacionfm.cl\/index.php?rest_route=\/wp\/v2\/media\/22554"}],"wp:attachment":[{"href":"https:\/\/radiorevelacionfm.cl\/index.php?rest_route=%2Fwp%2Fv2%2Fmedia&parent=22372"}],"wp:term":[{"taxonomy":"category","embeddable":true,"href":"https:\/\/radiorevelacionfm.cl\/index.php?rest_route=%2Fwp%2Fv2%2Fcategories&post=22372"},{"taxonomy":"post_tag","embeddable":true,"href":"https:\/\/radiorevelacionfm.cl\/index.php?rest_route=%2Fwp%2Fv2%2Ftags&post=22372"}],"curies":[{"name":"wp","href":"https:\/\/api.w.org\/{rel}","templated":true}]}}