{"id":22368,"date":"2022-09-29T14:43:09","date_gmt":"2022-09-29T17:43:09","guid":{"rendered":"https:\/\/radiorevelacionfm.cl\/?p=22368"},"modified":"2022-09-29T14:43:09","modified_gmt":"2022-09-29T17:43:09","slug":"estudiantes-de-violin-y-violonchelo-de-la-escuela-gabriela-mistral-reciben-su-primer-instrumento-musical","status":"publish","type":"post","link":"https:\/\/radiorevelacionfm.cl\/?p=22368","title":{"rendered":"Estudiantes de viol\u00edn y violonchelo de la escuela Gabriela Mistral reciben su primer instrumento musical"},"content":{"rendered":"<div class=\"flex_column av_one_full  flex_column_div av-zero-column-padding first  avia-builder-el-0  el_before_av_one_full  avia-builder-el-first  \" style='border-radius:0px; '><div  class='avia-image-container  av-styling-    avia-builder-el-1  avia-builder-el-no-sibling  avia-align-center '  itemprop=\"image\" itemscope=\"itemscope\" itemtype=\"https:\/\/schema.org\/ImageObject\"  ><div class='avia-image-container-inner'><div class='avia-image-overlay-wrap'><img decoding=\"async\" class='wp-image-22369 avia-img-lazy-loading-not-22369 avia_image' src=\"https:\/\/radiorevelacionfm.cl\/wp-content\/uploads\/2022\/09\/estudiantes-violin-y-violonchelo-1_optimized.jpg\" alt='' title='estudiantes-violin-y-violonchelo-(1)_optimized' height=\"600\" width=\"950\"  itemprop=\"thumbnailUrl\" srcset=\"https:\/\/radiorevelacionfm.cl\/wp-content\/uploads\/2022\/09\/estudiantes-violin-y-violonchelo-1_optimized.jpg 950w, https:\/\/radiorevelacionfm.cl\/wp-content\/uploads\/2022\/09\/estudiantes-violin-y-violonchelo-1_optimized-300x189.jpg 300w, https:\/\/radiorevelacionfm.cl\/wp-content\/uploads\/2022\/09\/estudiantes-violin-y-violonchelo-1_optimized-768x485.jpg 768w, https:\/\/radiorevelacionfm.cl\/wp-content\/uploads\/2022\/09\/estudiantes-violin-y-violonchelo-1_optimized-705x445.jpg 705w, https:\/\/radiorevelacionfm.cl\/wp-content\/uploads\/2022\/09\/estudiantes-violin-y-violonchelo-1_optimized-600x379.jpg 600w\" sizes=\"(max-width: 950px) 100vw, 950px\" \/><\/div><\/div><\/div><\/div><div class=\"flex_column av_one_full  flex_column_div av-zero-column-padding first  avia-builder-el-2  el_after_av_one_full  el_before_av_one_full  column-top-margin\" style='border-radius:0px; '><section class=\"av_textblock_section \"  itemscope=\"itemscope\" itemtype=\"https:\/\/schema.org\/BlogPosting\" itemprop=\"blogPost\" ><div class='avia_textblock  '   itemprop=\"text\" ><p style=\"text-align: center;\"><strong><span style=\"font-size: 18pt;\">Estudiantes de viol\u00edn y violonchelo de la escuela Gabriela Mistral reciben su primer instrumento musical<\/span><\/strong><\/p>\n<div id=\"gtx-trans\" style=\"position: absolute; left: -50px; top: 4.31534px;\">\n<div class=\"gtx-trans-icon\"><\/div>\n<\/div>\n<\/div><\/section><\/div><div class=\"flex_column av_one_full  flex_column_div av-zero-column-padding first  avia-builder-el-4  el_after_av_one_full  el_before_av_hr  column-top-margin\" style='border-radius:0px; '><section class=\"av_textblock_section \"  itemscope=\"itemscope\" itemtype=\"https:\/\/schema.org\/BlogPosting\" itemprop=\"blogPost\" ><div class='avia_textblock  '   itemprop=\"text\" ><p style=\"text-align: justify;\">Feliz se mostr\u00f3 la comunidad educativa de la escuela Poetisa Gabriela Mistral, en Puerto Ays\u00e9n, especialmente por el grupo de estudiantes que conforma los talleres de viol\u00edn y violonchelo, quienes recientemente recibieron su instrumento musical, el cual podr\u00e1n llevar a casa y de esta manera generar mayor autonom\u00eda en los procesos de aprendizaje.<\/p>\n<p style=\"text-align: justify;\">En una ceremonia \u00edntima los ocho alumnos y alumnas que integran este conjunto musical, interpretaron diversas piezas conjuntamente a sus monitores, lo que luego dio paso a la entrega de instrumentos. Importante avance que se genera tras un arduo trabajo y mucho compromiso, en que los ni\u00f1os y ni\u00f1as -de entre segundo a sexto a\u00f1o b\u00e1sico- lograron cumplir con los primeros objetivos del taller.<\/p>\n<p style=\"text-align: justify;\">\u201cPara nosotros es especialmente importante y significativa esta instancia porque como establecimiento apostamos por el arte y, en esta oportunidad, por la m\u00fasica as\u00ed que estamos felices, estamos muy orgullosos de nuestros estudiantes\u201d, manifest\u00f3 la directora (s) de Gabriela Mistral, Cinthya Oyarz\u00fan.<\/p>\n<p style=\"text-align: justify;\">La jefa de UTP explic\u00f3 que \u201cintentamos desarrollar esta habilidad art\u00edstica en todos nuestros ni\u00f1os, que todos los ni\u00f1os durante su paso por la escuela puedan lograr tocar un instrumento, es la meta que tenemos instaurada en la asignatura de m\u00fasica. Entonces, estos talleres de viol\u00edn y violonchelo fortalecen este objetivo. Tocar estos instrumentos no es f\u00e1cil as\u00ed que le agradezco a la orquesta comunal, a los docentes que trabajan en este taller porque han hecho un trabajo espectacular as\u00ed que como escuela felices por nuestros ni\u00f1os y vamos a estar ah\u00ed siempre para apoyarlos, apostando por la m\u00fasica y apostando por ellos\u201d, indic\u00f3 Oyarz\u00fan Mar\u00edn.<\/p>\n<p style=\"text-align: justify;\">Por su parte, la encargada de la Unidad de Orquestas Escolares del DEM, Patricia Araya, relev\u00f3 esta ceremonia, se\u00f1alando que \u201ceste es el primer conjunto que se crea en la escuela Gabriela Mistral. Este septeto de cuerda lo conformamos aqu\u00ed, es por eso que es muy importante poder contar con nuestros propios instrumentos de cuerda, porque est\u00e1 el sue\u00f1o de seguir ampliando los cupos para otros ni\u00f1os de la escuela\u201d.<\/p>\n<p style=\"text-align: justify;\">La recientemente nominada y semifinalista de los premios Global Prize Teacher en la categor\u00eda musical, agreg\u00f3 que \u201cen preescolar estamos trabajando con una orquesta de papel, y que tiene un sello identitario en la escuela que es la orquesta de papel patagona, as\u00ed que es bonito c\u00f3mo las escuelas se van apropiando y van creando sus propias identidades a trav\u00e9s de la m\u00fasica, y van poniendo sus sellos especiales en cada uno de los conjuntos de m\u00fasica que hemos ido creando\u201d.<\/p>\n<p style=\"text-align: justify;\">Respecto a este nuevo hito de la Unidad de Orquestas del DEM, vendr\u00e1 a reforzar adem\u00e1s el valor de la responsabilidad en los estudiantes al tener que hacerse cargo de estos instrumentos. \u201cEs trascendental en el proceso que viene de aqu\u00ed en adelante el apoyo de las familias para generar un h\u00e1bito en las casas. Reemplazar, por ejemplo, esas horas en que los ni\u00f1os ven tele o el tel\u00e9fono, por una hora al viol\u00edn o violonchelo, en el caso de su instrumento musical, y ese implica mucho apoyo por parte de la familia\u201d, subray\u00f3 Araya Bilbao.<\/p>\n<p style=\"text-align: justify;\">Esta ceremonia de entrega de instrumentos -que se suma a la realizada en diversos establecimientos educacionales-, da cuenta de la aceptaci\u00f3n que ha tenido esta iniciativa art\u00edstico-musical a nivel comunal, que forma parte de la educaci\u00f3n integral por la que apuesta el municipio aysenino, a trav\u00e9s de la direcci\u00f3n de Educaci\u00f3n, y que cuenta con el apoyo esencial de la unidad de Orquestas Escolares.<\/p>\n<\/div><\/section><\/div><div  style='height:50px' class='hr hr-invisible   avia-builder-el-6  el_after_av_one_full  el_before_av_social_share '><span class='hr-inner ' ><span class='hr-inner-style'><\/span><\/span><\/div><\/p>\n<div  class='av-social-sharing-box  avia-builder-el-7  el_after_av_hr  el_before_av_hr  '><div class='av-share-box'><h5 class='av-share-link-description av-no-toc '>Compartir esta noticia<\/h5><ul class='av-share-box-list noLightbox'><li class='av-share-link av-social-link-facebook' ><a target=\"_blank\" aria-label=\"Compartir en Facebook\" href='https:\/\/www.facebook.com\/sharer.php?u=https:\/\/radiorevelacionfm.cl\/?p=22368&#038;t=Estudiantes%20de%20viol%C3%ADn%20y%20violonchelo%20de%20la%20escuela%20Gabriela%20Mistral%20reciben%20su%20primer%20instrumento%20musical' aria-hidden='false' data-av_icon='\ue8f3' data-av_iconfont='entypo-fontello' title='' data-avia-related-tooltip='Compartir en Facebook' rel=\"noopener\"><span class='avia_hidden_link_text'>Compartir en Facebook<\/span><\/a><\/li><li class='av-share-link av-social-link-twitter' ><a target=\"_blank\" aria-label=\"Compartir en Twitter\" href='https:\/\/twitter.com\/share?text=Estudiantes%20de%20viol%C3%ADn%20y%20violonchelo%20de%20la%20escuela%20Gabriela%20Mistral%20reciben%20su%20primer%20instrumento%20musical&#038;url=https:\/\/radiorevelacionfm.cl\/?p=22368' aria-hidden='false' data-av_icon='\ue8f1' data-av_iconfont='entypo-fontello' title='' data-avia-related-tooltip='Compartir en Twitter' rel=\"noopener\"><span class='avia_hidden_link_text'>Compartir en Twitter<\/span><\/a><\/li><li class='av-share-link av-social-link-whatsapp' ><a target=\"_blank\" aria-label=\"Compartir en Whatsapp\" href='https:\/\/api.whatsapp.com\/send?text=https:\/\/radiorevelacionfm.cl\/?p=22368' aria-hidden='false' data-av_icon='\uf232' data-av_iconfont='entypo-fontello' title='' data-avia-related-tooltip='Compartir en Whatsapp' rel=\"noopener\"><span class='avia_hidden_link_text'>Compartir en Whatsapp<\/span><\/a><\/li><li class='av-share-link av-social-link-linkedin' ><a target=\"_blank\" aria-label=\"Compartir en LinkedIn\" href='https:\/\/linkedin.com\/shareArticle?mini=true&#038;title=Estudiantes%20de%20viol%C3%ADn%20y%20violonchelo%20de%20la%20escuela%20Gabriela%20Mistral%20reciben%20su%20primer%20instrumento%20musical&#038;url=https:\/\/radiorevelacionfm.cl\/?p=22368' aria-hidden='false' data-av_icon='\ue8fc' data-av_iconfont='entypo-fontello' title='' data-avia-related-tooltip='Compartir en LinkedIn' rel=\"noopener\"><span class='avia_hidden_link_text'>Compartir en LinkedIn<\/span><\/a><\/li><li class='av-share-link av-social-link-mail' ><a  aria-label=\"Compartir por correo\" href='mailto:?subject=Estudiantes%20de%20viol%C3%ADn%20y%20violonchelo%20de%20la%20escuela%20Gabriela%20Mistral%20reciben%20su%20primer%20instrumento%20musical&#038;body=https:\/\/radiorevelacionfm.cl\/?p=22368' aria-hidden='false' data-av_icon='\ue805' data-av_iconfont='entypo-fontello' title='' data-avia-related-tooltip='Compartir por correo'><span class='avia_hidden_link_text'>Compartir por correo<\/span><\/a><\/li><\/ul><\/div><\/div>\n<div  style='height:50px' class='hr hr-invisible   avia-builder-el-8  el_after_av_social_share  el_before_av_comments_list '><span class='hr-inner ' ><span class='hr-inner-style'><\/span><\/span><\/div>\n<div  class='av-buildercomment  av-blog-meta-html-info-disabled av-blog-meta-tag-disabled  '><\/div>\n","protected":false},"excerpt":{"rendered":"","protected":false},"author":1,"featured_media":22369,"comment_status":"open","ping_status":"open","sticky":false,"template":"","format":"standard","meta":{"footnotes":""},"categories":[38],"tags":[],"class_list":["post-22368","post","type-post","status-publish","format-standard","has-post-thumbnail","hentry","category-regional"],"jetpack_featured_media_url":"https:\/\/radiorevelacionfm.cl\/wp-content\/uploads\/2022\/09\/estudiantes-violin-y-violonchelo-1_optimized.jpg","_links":{"self":[{"href":"https:\/\/radiorevelacionfm.cl\/index.php?rest_route=\/wp\/v2\/posts\/22368","targetHints":{"allow":["GET"]}}],"collection":[{"href":"https:\/\/radiorevelacionfm.cl\/index.php?rest_route=\/wp\/v2\/posts"}],"about":[{"href":"https:\/\/radiorevelacionfm.cl\/index.php?rest_route=\/wp\/v2\/types\/post"}],"author":[{"embeddable":true,"href":"https:\/\/radiorevelacionfm.cl\/index.php?rest_route=\/wp\/v2\/users\/1"}],"replies":[{"embeddable":true,"href":"https:\/\/radiorevelacionfm.cl\/index.php?rest_route=%2Fwp%2Fv2%2Fcomments&post=22368"}],"version-history":[{"count":2,"href":"https:\/\/radiorevelacionfm.cl\/index.php?rest_route=\/wp\/v2\/posts\/22368\/revisions"}],"predecessor-version":[{"id":22376,"href":"https:\/\/radiorevelacionfm.cl\/index.php?rest_route=\/wp\/v2\/posts\/22368\/revisions\/22376"}],"wp:featuredmedia":[{"embeddable":true,"href":"https:\/\/radiorevelacionfm.cl\/index.php?rest_route=\/wp\/v2\/media\/22369"}],"wp:attachment":[{"href":"https:\/\/radiorevelacionfm.cl\/index.php?rest_route=%2Fwp%2Fv2%2Fmedia&parent=22368"}],"wp:term":[{"taxonomy":"category","embeddable":true,"href":"https:\/\/radiorevelacionfm.cl\/index.php?rest_route=%2Fwp%2Fv2%2Fcategories&post=22368"},{"taxonomy":"post_tag","embeddable":true,"href":"https:\/\/radiorevelacionfm.cl\/index.php?rest_route=%2Fwp%2Fv2%2Ftags&post=22368"}],"curies":[{"name":"wp","href":"https:\/\/api.w.org\/{rel}","templated":true}]}}