{"id":22364,"date":"2022-09-30T21:12:24","date_gmt":"2022-10-01T00:12:24","guid":{"rendered":"https:\/\/radiorevelacionfm.cl\/?p=22364"},"modified":"2022-09-30T21:12:24","modified_gmt":"2022-10-01T00:12:24","slug":"gobierno-lanza-plan-mas-seguridad-mas-comunidad-con-una-inversion-sobre-30-mil-millones","status":"publish","type":"post","link":"https:\/\/radiorevelacionfm.cl\/?p=22364","title":{"rendered":"Gobierno lanza plan \u201cM\u00e1s Seguridad M\u00e1s Comunidad\u201d con una inversi\u00f3n sobre $30 mil millones"},"content":{"rendered":"<div class=\"flex_column av_one_full  flex_column_div av-zero-column-padding first  avia-builder-el-0  el_before_av_one_full  avia-builder-el-first  \" style='border-radius:0px; '><div  class='avia-image-container  av-styling-    avia-builder-el-1  avia-builder-el-no-sibling  avia-align-center '  itemprop=\"image\" itemscope=\"itemscope\" itemtype=\"https:\/\/schema.org\/ImageObject\"  ><div class='avia-image-container-inner'><div class='avia-image-overlay-wrap'><img decoding=\"async\" class='wp-image-22455 avia-img-lazy-loading-not-22455 avia_image' src=\"https:\/\/radiorevelacionfm.cl\/wp-content\/uploads\/2022\/09\/foto1-6-1_optimized.jpg\" alt='' title='foto1-(6)-(1)_optimized' height=\"600\" width=\"900\"  itemprop=\"thumbnailUrl\" srcset=\"https:\/\/radiorevelacionfm.cl\/wp-content\/uploads\/2022\/09\/foto1-6-1_optimized.jpg 900w, https:\/\/radiorevelacionfm.cl\/wp-content\/uploads\/2022\/09\/foto1-6-1_optimized-300x200.jpg 300w, https:\/\/radiorevelacionfm.cl\/wp-content\/uploads\/2022\/09\/foto1-6-1_optimized-768x512.jpg 768w, https:\/\/radiorevelacionfm.cl\/wp-content\/uploads\/2022\/09\/foto1-6-1_optimized-705x470.jpg 705w, https:\/\/radiorevelacionfm.cl\/wp-content\/uploads\/2022\/09\/foto1-6-1_optimized-600x400.jpg 600w\" sizes=\"(max-width: 900px) 100vw, 900px\" \/><\/div><\/div><\/div><\/div><div class=\"flex_column av_one_full  flex_column_div av-zero-column-padding first  avia-builder-el-2  el_after_av_one_full  el_before_av_one_full  column-top-margin\" style='border-radius:0px; '><section class=\"av_textblock_section \"  itemscope=\"itemscope\" itemtype=\"https:\/\/schema.org\/BlogPosting\" itemprop=\"blogPost\" ><div class='avia_textblock  '   itemprop=\"text\" ><p style=\"text-align: center;\"><strong><span style=\"font-size: 18pt;\">Gobierno lanza plan \u201cM\u00e1s Seguridad M\u00e1s Comunidad\u201d con una inversi\u00f3n sobre $30 mil millones<\/span><\/strong><\/p>\n<div id=\"gtx-trans\" style=\"position: absolute; left: -50px; top: 4.31534px;\">\n<div class=\"gtx-trans-icon\"><\/div>\n<\/div>\n<\/div><\/section><\/div><div class=\"flex_column av_one_full  flex_column_div av-zero-column-padding first  avia-builder-el-4  el_after_av_one_full  el_before_av_hr  column-top-margin\" style='border-radius:0px; '><section class=\"av_textblock_section \"  itemscope=\"itemscope\" itemtype=\"https:\/\/schema.org\/BlogPosting\" itemprop=\"blogPost\" ><div class='avia_textblock  '   itemprop=\"text\" ><p style=\"text-align: justify;\">El objetivo es entregar fondos de manera expedita y urgente para la implementaci\u00f3n de proyectos tales como recuperaci\u00f3n de espacios p\u00fablicos, luminarias o c\u00e1maras de seguridad. Alcaldes de Ays\u00e9n valoran la iniciativa.<\/p>\n<p style=\"text-align: justify;\">Con el objetivo de entregar apoyo directo a los municipios de todo el pa\u00eds, de manera expedita y urgente, para la implementaci\u00f3n de proyectos como recuperaci\u00f3n de espacios p\u00fablicos, luminarias y c\u00e1maras de televigilancia, el Gobierno lanz\u00f3 Plan Nacional \u201cM\u00e1s Seguridad M\u00e1s Comunidad\u201d, ceremonia en la cual participaron la Ministra del Interior, Carolina Toh\u00e1, el Subsecretario de Prevenci\u00f3n del Delito, Eduardo Vergara, el Subsecretario de Desarrollo Regional, Nicol\u00e1s Cataldo, el General Marcelo Araya, Director Nacional de Orden y Seguridad de Carabineros, entre otras autoridades.<\/p>\n<p style=\"text-align: justify;\">El objetivo del plan es generar una respuesta inmediata a las necesidades municipales, en la perspectiva de un pr\u00f3ximo Sistema Nacional de Seguridad Municipal que permitir\u00e1 contar con un mecanismo estable y transparente de financiamiento, y responde al compromiso del Gobierno del Presidente Gabriel Boric por una pol\u00edtica de prevenci\u00f3n del delito efectiva, que valoriza el rol de los municipios en la coproducci\u00f3n de seguridad.<\/p>\n<p style=\"text-align: justify;\">\u201cM\u00e1s Seguridad M\u00e1s Comunidad\u201d, iniciativa conjunta de la SPD y la SUBDERE, contempla una inversi\u00f3n de m\u00e1s de $30 mil millones para atender las necesidades m\u00e1s urgentes de los municipios, como por ejemplo, recuperar espacios p\u00fablicos, instalar luminarias poner en funcionamiento proyectos de c\u00e1maras de televigilancia.<\/p>\n<p style=\"text-align: justify;\">El Subsecretario Vergara destac\u00f3 que \u201ceste fondo nace del objetivo principal que el Presidente de la Rep\u00fablica nos pidi\u00f3 cuando llegamos al Gobierno: avanzar en seguridad, como tambi\u00e9n en justicia territorial. Es nivelar la cancha de recursos para llegar a un m\u00ednimo com\u00fan preventivo, porque en una misma regi\u00f3n y en un mismo pa\u00eds conviven comunas que tienen presupuestos que no superan los $150 per c\u00e1pita en prevenci\u00f3n del delito, mientras hay ocho que tienen m\u00e1s de $40.000 per c\u00e1pita en prevenci\u00f3n del delito\u201d.<\/p>\n<p style=\"text-align: justify;\">Mientras que el Subsecretario de la SUBDERE manifest\u00f3: \u201cQuiero entregar algunos elementos pr\u00e1cticos que me parecen relevantes para poder transmitirle a quienes tienen que escuchar esta noticia, que no son solo las comunidades, sino tambi\u00e9n los alcaldes y alcaldesas para poder atender oportunamente este proceso. Lo primero es que tenemos un plazo hasta el d\u00eda 21 de octubre para poder elevar todas las postulaciones a trav\u00e9s de la plataforma habitual de la SUBDERE, que es SUBDERE en l\u00ednea. Punto GOV con V. Punto C L. Esa es la plataforma en la cual van a tener que llevar los proyectos para luego entrar en la fase de evaluaci\u00f3n t\u00e9cnica\u201d.<\/p>\n<p style=\"text-align: justify;\">El Alcalde de Coyhaique, Carlos Gatica, dijo que \u201cestamos muy contentos con la noticia que nos ha dado el Gobierno y la Subsecretar\u00eda de Prevenci\u00f3n del Delito sobre el aumento, a trav\u00e9s de la Subdere, de los recursos para realizar proyectos de seguridad. Hoy d\u00eda que es tan necesario cuando se han elevado la tasa de delincuencia y de otro tipo de incivilidades. Y esto va precisamente en la l\u00ednea de la acci\u00f3n de poder concretar y brindar seguridad a todos nuestros vecinos y vecinas\u201d.<\/p>\n<p style=\"text-align: justify;\">Mientras que el Alcalde de Cochrane, Jorge Calder\u00f3n, afirm\u00f3 que \u201cvaloramos, por cierto, esta gesti\u00f3n conjunta entre la Subsecretar\u00eda de Prevenci\u00f3n del Delito y la Subdere para poder permitir que los municipios postulemos a iniciativas y que esperamos pronto tener resultados y ejecuci\u00f3n de estas obras. Particularmente desde Cochrane esperamos presentar iniciativas que se relacionan con demandas permanentes, tanto del Concejo Municipal como del Consejo de Seguridad P\u00fablica asociada, por supuesto, a c\u00e1maras de seguridad y recuperaci\u00f3n de espacios p\u00fablicos, iluminaci\u00f3n, que en definitiva son elementos centrales para combatir la delincuencia y delitos, cierto, que muchas veces generan inseguridad en nuestra comunidad\u201d.<\/p>\n<p style=\"text-align: justify;\">Por \u00faltimo, el Alcalde Julio Uribe, de la comuna de Ays\u00e9n, manifest\u00f3 que \u201cestamos muy contentos porque se abri\u00f3 una nueva postulaci\u00f3n para cada municipio y van a llegar recursos especiales para dos proyectos nuevos para seguridad p\u00fablica. Eso nos tiene muy contentos, porque nosotros necesitamos m\u00e1s recursos para c\u00e1maras, veh\u00edculos, iluminar lugares que son inseguros. Somos el \u00fanico municipio de la regi\u00f3n que tiene una Direcci\u00f3n de Seguridad P\u00fablica, donde contamos con abogados, con proyectista, con inspectores, con choferes, los cuales se despliegan por nuestra comuna para trabajar firmemente en esta materia que hoy d\u00eda la inseguridad se ha tomado las calles y nosotros como municipio estamos abord\u00e1ndola muy seriamente en este trabajo\u201d.<\/p>\n<p style=\"text-align: justify;\"><strong>\u00bfC\u00f3mo funciona \u201cM\u00e1s seguridad + equidad\u201d?<\/strong><\/p>\n<p style=\"text-align: justify;\">Se financiar\u00e1n proyectos a trav\u00e9s del Programa de Mejoramiento Urbano (PMU) de Seguridad, incluy\u00e9ndose proyectos que ya est\u00e1n formulados (de FNSP + PMU-seguridad), por ejemplo, iluminaci\u00f3n, recuperaci\u00f3n de espacios p\u00fablicos, sistemas de teleprotecci\u00f3n. Se presentar\u00e1n iniciativas hasta por $75 millones.<\/p>\n<\/div><\/section><\/div><div  style='height:50px' class='hr hr-invisible   avia-builder-el-6  el_after_av_one_full  el_before_av_social_share '><span class='hr-inner ' ><span class='hr-inner-style'><\/span><\/span><\/div><\/p>\n<div  class='av-social-sharing-box  avia-builder-el-7  el_after_av_hr  el_before_av_hr  '><div class='av-share-box'><h5 class='av-share-link-description av-no-toc '>Compartir esta noticia<\/h5><ul class='av-share-box-list noLightbox'><li class='av-share-link av-social-link-facebook' ><a target=\"_blank\" aria-label=\"Compartir en Facebook\" href='https:\/\/www.facebook.com\/sharer.php?u=https:\/\/radiorevelacionfm.cl\/?p=22364&#038;t=Gobierno%20lanza%20plan%20%E2%80%9CM%C3%A1s%20Seguridad%20M%C3%A1s%20Comunidad%E2%80%9D%20con%20una%20inversi%C3%B3n%20sobre%20%2430%20mil%20millones' aria-hidden='false' data-av_icon='\ue8f3' data-av_iconfont='entypo-fontello' title='' data-avia-related-tooltip='Compartir en Facebook' rel=\"noopener\"><span class='avia_hidden_link_text'>Compartir en Facebook<\/span><\/a><\/li><li class='av-share-link av-social-link-twitter' ><a target=\"_blank\" aria-label=\"Compartir en Twitter\" href='https:\/\/twitter.com\/share?text=Gobierno%20lanza%20plan%20%E2%80%9CM%C3%A1s%20Seguridad%20M%C3%A1s%20Comunidad%E2%80%9D%20con%20una%20inversi%C3%B3n%20sobre%20%2430%20mil%20millones&#038;url=https:\/\/radiorevelacionfm.cl\/?p=22364' aria-hidden='false' data-av_icon='\ue8f1' data-av_iconfont='entypo-fontello' title='' data-avia-related-tooltip='Compartir en Twitter' rel=\"noopener\"><span class='avia_hidden_link_text'>Compartir en Twitter<\/span><\/a><\/li><li class='av-share-link av-social-link-whatsapp' ><a target=\"_blank\" aria-label=\"Compartir en Whatsapp\" href='https:\/\/api.whatsapp.com\/send?text=https:\/\/radiorevelacionfm.cl\/?p=22364' aria-hidden='false' data-av_icon='\uf232' data-av_iconfont='entypo-fontello' title='' data-avia-related-tooltip='Compartir en Whatsapp' rel=\"noopener\"><span class='avia_hidden_link_text'>Compartir en Whatsapp<\/span><\/a><\/li><li class='av-share-link av-social-link-linkedin' ><a target=\"_blank\" aria-label=\"Compartir en LinkedIn\" href='https:\/\/linkedin.com\/shareArticle?mini=true&#038;title=Gobierno%20lanza%20plan%20%E2%80%9CM%C3%A1s%20Seguridad%20M%C3%A1s%20Comunidad%E2%80%9D%20con%20una%20inversi%C3%B3n%20sobre%20%2430%20mil%20millones&#038;url=https:\/\/radiorevelacionfm.cl\/?p=22364' aria-hidden='false' data-av_icon='\ue8fc' data-av_iconfont='entypo-fontello' title='' data-avia-related-tooltip='Compartir en LinkedIn' rel=\"noopener\"><span class='avia_hidden_link_text'>Compartir en LinkedIn<\/span><\/a><\/li><li class='av-share-link av-social-link-mail' ><a  aria-label=\"Compartir por correo\" href='mailto:?subject=Gobierno%20lanza%20plan%20%E2%80%9CM%C3%A1s%20Seguridad%20M%C3%A1s%20Comunidad%E2%80%9D%20con%20una%20inversi%C3%B3n%20sobre%20%2430%20mil%20millones&#038;body=https:\/\/radiorevelacionfm.cl\/?p=22364' aria-hidden='false' data-av_icon='\ue805' data-av_iconfont='entypo-fontello' title='' data-avia-related-tooltip='Compartir por correo'><span class='avia_hidden_link_text'>Compartir por correo<\/span><\/a><\/li><\/ul><\/div><\/div>\n<div  style='height:50px' class='hr hr-invisible   avia-builder-el-8  el_after_av_social_share  el_before_av_comments_list '><span class='hr-inner ' ><span class='hr-inner-style'><\/span><\/span><\/div>\n<div  class='av-buildercomment  av-blog-meta-html-info-disabled av-blog-meta-tag-disabled  '><\/div>\n","protected":false},"excerpt":{"rendered":"","protected":false},"author":1,"featured_media":22455,"comment_status":"open","ping_status":"open","sticky":false,"template":"","format":"standard","meta":{"footnotes":""},"categories":[61],"tags":[],"class_list":["post-22364","post","type-post","status-publish","format-standard","has-post-thumbnail","hentry","category-nacional"],"jetpack_featured_media_url":"https:\/\/radiorevelacionfm.cl\/wp-content\/uploads\/2022\/09\/foto1-6-1_optimized.jpg","_links":{"self":[{"href":"https:\/\/radiorevelacionfm.cl\/index.php?rest_route=\/wp\/v2\/posts\/22364","targetHints":{"allow":["GET"]}}],"collection":[{"href":"https:\/\/radiorevelacionfm.cl\/index.php?rest_route=\/wp\/v2\/posts"}],"about":[{"href":"https:\/\/radiorevelacionfm.cl\/index.php?rest_route=\/wp\/v2\/types\/post"}],"author":[{"embeddable":true,"href":"https:\/\/radiorevelacionfm.cl\/index.php?rest_route=\/wp\/v2\/users\/1"}],"replies":[{"embeddable":true,"href":"https:\/\/radiorevelacionfm.cl\/index.php?rest_route=%2Fwp%2Fv2%2Fcomments&post=22364"}],"version-history":[{"count":3,"href":"https:\/\/radiorevelacionfm.cl\/index.php?rest_route=\/wp\/v2\/posts\/22364\/revisions"}],"predecessor-version":[{"id":22495,"href":"https:\/\/radiorevelacionfm.cl\/index.php?rest_route=\/wp\/v2\/posts\/22364\/revisions\/22495"}],"wp:featuredmedia":[{"embeddable":true,"href":"https:\/\/radiorevelacionfm.cl\/index.php?rest_route=\/wp\/v2\/media\/22455"}],"wp:attachment":[{"href":"https:\/\/radiorevelacionfm.cl\/index.php?rest_route=%2Fwp%2Fv2%2Fmedia&parent=22364"}],"wp:term":[{"taxonomy":"category","embeddable":true,"href":"https:\/\/radiorevelacionfm.cl\/index.php?rest_route=%2Fwp%2Fv2%2Fcategories&post=22364"},{"taxonomy":"post_tag","embeddable":true,"href":"https:\/\/radiorevelacionfm.cl\/index.php?rest_route=%2Fwp%2Fv2%2Ftags&post=22364"}],"curies":[{"name":"wp","href":"https:\/\/api.w.org\/{rel}","templated":true}]}}