{"id":22356,"date":"2022-09-28T20:30:05","date_gmt":"2022-09-28T23:30:05","guid":{"rendered":"https:\/\/radiorevelacionfm.cl\/?p=22356"},"modified":"2022-09-28T20:30:05","modified_gmt":"2022-09-28T23:30:05","slug":"carabineros-detuvo-a-dos-personas-por-porte-de-arma-blanca-e-infraccion-a-la-ley-de-drogas-en-coyhaique","status":"publish","type":"post","link":"https:\/\/radiorevelacionfm.cl\/?p=22356","title":{"rendered":"Carabineros detuvo a dos personas por porte de arma blanca e infracci\u00f3n a la ley de drogas en Coyhaique"},"content":{"rendered":"<div class=\"flex_column av_one_full  flex_column_div av-zero-column-padding first  avia-builder-el-0  el_before_av_one_full  avia-builder-el-first  \" style='border-radius:0px; '><div  class='avia-image-container  av-styling-    avia-builder-el-1  avia-builder-el-no-sibling  avia-align-center '  itemprop=\"image\" itemscope=\"itemscope\" itemtype=\"https:\/\/schema.org\/ImageObject\"  ><div class='avia-image-container-inner'><div class='avia-image-overlay-wrap'><img decoding=\"async\" class='wp-image-22357 avia-img-lazy-loading-not-22357 avia_image' src=\"https:\/\/radiorevelacionfm.cl\/wp-content\/uploads\/2022\/09\/5fcecf2a-8837-4942-8764-1134a2a264a9-1-1.jpg\" alt='' title='5fcecf2a-8837-4942-8764-1134a2a264a9 (1) (1)' height=\"600\" width=\"859\"  itemprop=\"thumbnailUrl\" srcset=\"https:\/\/radiorevelacionfm.cl\/wp-content\/uploads\/2022\/09\/5fcecf2a-8837-4942-8764-1134a2a264a9-1-1.jpg 859w, https:\/\/radiorevelacionfm.cl\/wp-content\/uploads\/2022\/09\/5fcecf2a-8837-4942-8764-1134a2a264a9-1-1-300x210.jpg 300w, https:\/\/radiorevelacionfm.cl\/wp-content\/uploads\/2022\/09\/5fcecf2a-8837-4942-8764-1134a2a264a9-1-1-768x536.jpg 768w, https:\/\/radiorevelacionfm.cl\/wp-content\/uploads\/2022\/09\/5fcecf2a-8837-4942-8764-1134a2a264a9-1-1-705x492.jpg 705w, https:\/\/radiorevelacionfm.cl\/wp-content\/uploads\/2022\/09\/5fcecf2a-8837-4942-8764-1134a2a264a9-1-1-600x419.jpg 600w\" sizes=\"(max-width: 859px) 100vw, 859px\" \/><\/div><\/div><\/div><\/div><div class=\"flex_column av_one_full  flex_column_div av-zero-column-padding first  avia-builder-el-2  el_after_av_one_full  el_before_av_one_full  column-top-margin\" style='border-radius:0px; '><section class=\"av_textblock_section \"  itemscope=\"itemscope\" itemtype=\"https:\/\/schema.org\/BlogPosting\" itemprop=\"blogPost\" ><div class='avia_textblock  '   itemprop=\"text\" ><p style=\"text-align: center;\"><strong><span style=\"font-size: 18pt;\">Carabineros detuvo a dos personas por porte de arma blanca e infracci\u00f3n a la ley de drogas en Coyhaique<\/span><\/strong><\/p>\n<div id=\"gtx-trans\" style=\"position: absolute; left: -50px; top: 4.31534px;\">\n<div class=\"gtx-trans-icon\"><\/div>\n<\/div>\n<\/div><\/section><\/div><div class=\"flex_column av_one_full  flex_column_div av-zero-column-padding first  avia-builder-el-4  el_after_av_one_full  el_before_av_hr  column-top-margin\" style='border-radius:0px; '><section class=\"av_textblock_section \"  itemscope=\"itemscope\" itemtype=\"https:\/\/schema.org\/BlogPosting\" itemprop=\"blogPost\" ><div class='avia_textblock  '   itemprop=\"text\" ><p class=\"v1MsoNormal\" style=\"text-align: justify;\">Los elementos de aire comprimido fueron puestos a disposici\u00f3n de la Fiscal\u00eda con la finalidad de instruir los peritajes y establecer su operatividad o adaptaci\u00f3n para su uso como arma convencional.<\/p>\n<p class=\"v1MsoNormal\" style=\"text-align: justify;\">Diligencias efectuadas por Carabineros de la 1ra. Comisar\u00eda de Coyhaique, permiti\u00f3 en dos procedimientos ocurridos en las \u00faltimas horas, la detenci\u00f3n de dos personas -entre ellos un menor de edad- por porte de arma blanca, infracci\u00f3n a la ley de drogas, siendo sorprendidos portando armamento de fogueo.<\/p>\n<p class=\"v1MsoNormal\" style=\"text-align: justify;\">En un primer hecho, seg\u00fan indic\u00f3 el Comisario de Coyhaique, Mayor Franco Herrera Quezada, en circunstancias en que el personal motorizado efectuaba un patrullaje preventivo por el sector de la poblaci\u00f3n Marchant, fueron advertidos por vecinos sobre la presencia de un grupo de adolescentes, uno de los cuales portaba un rev\u00f3lver.<\/p>\n<p class=\"v1MsoNormal\" style=\"text-align: justify;\">\u00abPersonal realiz\u00f3 el patrullaje y da con el paradero de estos j\u00f3venes, quienes al ver la presencia policial \u2013uno de ellos- bota al suelo un arma blanca y se dan a la fuga, siendo alcanzados a unas cuadras del lugar de los hechos, al ser reducido y al registro de sus vestimentas se le encontr\u00f3 un rev\u00f3lver a fogueo, el cual fue incautado\u00bb, expres\u00f3.<\/p>\n<p class=\"v1MsoNormal\" style=\"text-align: justify;\">Asimismo Carabineros deriv\u00f3 dicho elemento al Ministerio P\u00fablico para efecto que disponga las pericias correspondientes orientadas a establecer si esta pieza se encuentra o no apta para el disparo como arma convencional.<\/p>\n<p class=\"v1MsoNormal\" style=\"text-align: justify;\">Dicho joven fue igualmente detenido por porte de arma blanca, luego que dicha situaci\u00f3n fue evidenciada de manera flagrante por el personal institucional, siendo derivado a la audiencia de control de detenci\u00f3n por este hecho.<\/p>\n<p class=\"v1MsoNormal\" style=\"text-align: justify;\">\u00abCarabineros de Chile est\u00e1 trabajando en la problem\u00e1tica que est\u00e1 sucediendo actualmente en Coyhaique, sobre todo en hechos que est\u00e1n relacionados con inconductas y ciertos delitos en que se han visto involucrados adolescentes o j\u00f3venes de la comuna y la regi\u00f3n\u00bb, expres\u00f3 el Oficial.<\/p>\n<p class=\"v1MsoNormal\" style=\"text-align: justify;\"><b>984 detenidos en Coyhaique<\/b><\/p>\n<p class=\"v1MsoNormal\" style=\"text-align: justify;\">Paralelamente el Mayor Herrera a\u00f1adi\u00f3 que el lunes reci\u00e9n pasado, Carabineros detuvo a un adolescente de 15 a\u00f1os de edad, el cual portaba un arma de aire comprimido, al mismo tiempo que manten\u00eda entre sus vestimentas cannabis sativa dosificada y apta para la venta, siendo detenido por microtr\u00e1fico y puesto a disposici\u00f3n de la audiencia de control de detenci\u00f3n.<\/p>\n<p class=\"v1MsoNormal\" style=\"text-align: justify;\">\u00abVamos a seguir desplegando nuestro servicio, estamos aunando esfuerzo con las diferentes instituciones que trabajan en materias de seguridad. Al d\u00eda de hoy, solo la 1ra. Comisar\u00eda de Coyhaique registra 984 personas detenidas desde el 1 de enero a la fecha. Es un n\u00famero bastante alto, lo que demuestra que se est\u00e1 trabajando sobre el hecho, las instituciones est\u00e1n funcionando. Llamamos a la comunidad a confiar en Carabineros, a confiar en las Instituciones y si tienen conocimiento de un hecho de car\u00e1cter delictual, lo hagan saber para adoptar los patrullajes o cursos de acci\u00f3n que el caso amerita\u00bb, argument\u00f3 el Oficial.<\/p>\n<p class=\"v1MsoNormal\" style=\"text-align: justify;\">Asimismo el Mayor Herrera a\u00f1adi\u00f3 que del total de detenidos a la fecha, el 9,3 % corresponde a menores de 18 a\u00f1os de edad, tras lo cual inst\u00f3 a los padres o tutores quienes tienen la custodia de los menores de edad a estar atentos al comportamiento de los adolescentes y derivarlos de manera oportuna a un profesional cuando requieran la ayuda de un sic\u00f3logo, para ir en apoyo de en esta etapa de la vida.<\/p>\n<\/div><\/section><\/div><div  style='height:50px' class='hr hr-invisible   avia-builder-el-6  el_after_av_one_full  el_before_av_social_share '><span class='hr-inner ' ><span class='hr-inner-style'><\/span><\/span><\/div><\/p>\n<div  class='av-social-sharing-box  avia-builder-el-7  el_after_av_hr  el_before_av_hr  '><div class='av-share-box'><h5 class='av-share-link-description av-no-toc '>Compartir esta noticia<\/h5><ul class='av-share-box-list noLightbox'><li class='av-share-link av-social-link-facebook' ><a target=\"_blank\" aria-label=\"Compartir en Facebook\" href='https:\/\/www.facebook.com\/sharer.php?u=https:\/\/radiorevelacionfm.cl\/?p=22356&#038;t=Carabineros%20detuvo%20a%20dos%20personas%20por%20porte%20de%20arma%20blanca%20e%20infracci%C3%B3n%20a%20la%20ley%20de%20drogas%20en%20Coyhaique' aria-hidden='false' data-av_icon='\ue8f3' data-av_iconfont='entypo-fontello' title='' data-avia-related-tooltip='Compartir en Facebook' rel=\"noopener\"><span class='avia_hidden_link_text'>Compartir en Facebook<\/span><\/a><\/li><li class='av-share-link av-social-link-twitter' ><a target=\"_blank\" aria-label=\"Compartir en Twitter\" href='https:\/\/twitter.com\/share?text=Carabineros%20detuvo%20a%20dos%20personas%20por%20porte%20de%20arma%20blanca%20e%20infracci%C3%B3n%20a%20la%20ley%20de%20drogas%20en%20Coyhaique&#038;url=https:\/\/radiorevelacionfm.cl\/?p=22356' aria-hidden='false' data-av_icon='\ue8f1' data-av_iconfont='entypo-fontello' title='' data-avia-related-tooltip='Compartir en Twitter' rel=\"noopener\"><span class='avia_hidden_link_text'>Compartir en Twitter<\/span><\/a><\/li><li class='av-share-link av-social-link-whatsapp' ><a target=\"_blank\" aria-label=\"Compartir en Whatsapp\" href='https:\/\/api.whatsapp.com\/send?text=https:\/\/radiorevelacionfm.cl\/?p=22356' aria-hidden='false' data-av_icon='\uf232' data-av_iconfont='entypo-fontello' title='' data-avia-related-tooltip='Compartir en Whatsapp' rel=\"noopener\"><span class='avia_hidden_link_text'>Compartir en Whatsapp<\/span><\/a><\/li><li class='av-share-link av-social-link-linkedin' ><a target=\"_blank\" aria-label=\"Compartir en LinkedIn\" href='https:\/\/linkedin.com\/shareArticle?mini=true&#038;title=Carabineros%20detuvo%20a%20dos%20personas%20por%20porte%20de%20arma%20blanca%20e%20infracci%C3%B3n%20a%20la%20ley%20de%20drogas%20en%20Coyhaique&#038;url=https:\/\/radiorevelacionfm.cl\/?p=22356' aria-hidden='false' data-av_icon='\ue8fc' data-av_iconfont='entypo-fontello' title='' data-avia-related-tooltip='Compartir en LinkedIn' rel=\"noopener\"><span class='avia_hidden_link_text'>Compartir en LinkedIn<\/span><\/a><\/li><li class='av-share-link av-social-link-mail' ><a  aria-label=\"Compartir por correo\" href='mailto:?subject=Carabineros%20detuvo%20a%20dos%20personas%20por%20porte%20de%20arma%20blanca%20e%20infracci%C3%B3n%20a%20la%20ley%20de%20drogas%20en%20Coyhaique&#038;body=https:\/\/radiorevelacionfm.cl\/?p=22356' aria-hidden='false' data-av_icon='\ue805' data-av_iconfont='entypo-fontello' title='' data-avia-related-tooltip='Compartir por correo'><span class='avia_hidden_link_text'>Compartir por correo<\/span><\/a><\/li><\/ul><\/div><\/div>\n<div  style='height:50px' class='hr hr-invisible   avia-builder-el-8  el_after_av_social_share  el_before_av_comments_list '><span class='hr-inner ' ><span class='hr-inner-style'><\/span><\/span><\/div>\n<div  class='av-buildercomment  av-blog-meta-html-info-disabled av-blog-meta-tag-disabled  '><\/div>\n","protected":false},"excerpt":{"rendered":"","protected":false},"author":1,"featured_media":22357,"comment_status":"open","ping_status":"open","sticky":false,"template":"","format":"standard","meta":{"footnotes":""},"categories":[36],"tags":[],"class_list":["post-22356","post","type-post","status-publish","format-standard","has-post-thumbnail","hentry","category-policial"],"jetpack_featured_media_url":"https:\/\/radiorevelacionfm.cl\/wp-content\/uploads\/2022\/09\/5fcecf2a-8837-4942-8764-1134a2a264a9-1-1.jpg","_links":{"self":[{"href":"https:\/\/radiorevelacionfm.cl\/index.php?rest_route=\/wp\/v2\/posts\/22356","targetHints":{"allow":["GET"]}}],"collection":[{"href":"https:\/\/radiorevelacionfm.cl\/index.php?rest_route=\/wp\/v2\/posts"}],"about":[{"href":"https:\/\/radiorevelacionfm.cl\/index.php?rest_route=\/wp\/v2\/types\/post"}],"author":[{"embeddable":true,"href":"https:\/\/radiorevelacionfm.cl\/index.php?rest_route=\/wp\/v2\/users\/1"}],"replies":[{"embeddable":true,"href":"https:\/\/radiorevelacionfm.cl\/index.php?rest_route=%2Fwp%2Fv2%2Fcomments&post=22356"}],"version-history":[{"count":2,"href":"https:\/\/radiorevelacionfm.cl\/index.php?rest_route=\/wp\/v2\/posts\/22356\/revisions"}],"predecessor-version":[{"id":22359,"href":"https:\/\/radiorevelacionfm.cl\/index.php?rest_route=\/wp\/v2\/posts\/22356\/revisions\/22359"}],"wp:featuredmedia":[{"embeddable":true,"href":"https:\/\/radiorevelacionfm.cl\/index.php?rest_route=\/wp\/v2\/media\/22357"}],"wp:attachment":[{"href":"https:\/\/radiorevelacionfm.cl\/index.php?rest_route=%2Fwp%2Fv2%2Fmedia&parent=22356"}],"wp:term":[{"taxonomy":"category","embeddable":true,"href":"https:\/\/radiorevelacionfm.cl\/index.php?rest_route=%2Fwp%2Fv2%2Fcategories&post=22356"},{"taxonomy":"post_tag","embeddable":true,"href":"https:\/\/radiorevelacionfm.cl\/index.php?rest_route=%2Fwp%2Fv2%2Ftags&post=22356"}],"curies":[{"name":"wp","href":"https:\/\/api.w.org\/{rel}","templated":true}]}}