{"id":22352,"date":"2022-09-28T19:49:07","date_gmt":"2022-09-28T22:49:07","guid":{"rendered":"https:\/\/radiorevelacionfm.cl\/?p=22352"},"modified":"2022-09-28T19:49:07","modified_gmt":"2022-09-28T22:49:07","slug":"este-fin-de-semana-se-juega-la-segunda-fecha-del-cisnes-cup","status":"publish","type":"post","link":"https:\/\/radiorevelacionfm.cl\/?p=22352","title":{"rendered":"Este fin de semana se juega la segunda fecha del \u201cCisnes Cup\u201d"},"content":{"rendered":"<div class=\"flex_column av_one_full  flex_column_div av-zero-column-padding first  avia-builder-el-0  el_before_av_one_full  avia-builder-el-first  \" style='border-radius:0px; '><div  class='avia-image-container  av-styling-    avia-builder-el-1  avia-builder-el-no-sibling  avia-align-center '  itemprop=\"image\" itemscope=\"itemscope\" itemtype=\"https:\/\/schema.org\/ImageObject\"  ><div class='avia-image-container-inner'><div class='avia-image-overlay-wrap'><img decoding=\"async\" class='wp-image-22353 avia-img-lazy-loading-not-22353 avia_image' src=\"https:\/\/radiorevelacionfm.cl\/wp-content\/uploads\/2022\/09\/cisnes-cup_optimized.jpg\" alt='' title='cisnes-cup_optimized' height=\"626\" width=\"835\"  itemprop=\"thumbnailUrl\" srcset=\"https:\/\/radiorevelacionfm.cl\/wp-content\/uploads\/2022\/09\/cisnes-cup_optimized.jpg 835w, https:\/\/radiorevelacionfm.cl\/wp-content\/uploads\/2022\/09\/cisnes-cup_optimized-300x225.jpg 300w, https:\/\/radiorevelacionfm.cl\/wp-content\/uploads\/2022\/09\/cisnes-cup_optimized-768x576.jpg 768w, https:\/\/radiorevelacionfm.cl\/wp-content\/uploads\/2022\/09\/cisnes-cup_optimized-705x529.jpg 705w, https:\/\/radiorevelacionfm.cl\/wp-content\/uploads\/2022\/09\/cisnes-cup_optimized-600x450.jpg 600w\" sizes=\"(max-width: 835px) 100vw, 835px\" \/><\/div><\/div><\/div><\/div><div class=\"flex_column av_one_full  flex_column_div av-zero-column-padding first  avia-builder-el-2  el_after_av_one_full  el_before_av_one_full  column-top-margin\" style='border-radius:0px; '><section class=\"av_textblock_section \"  itemscope=\"itemscope\" itemtype=\"https:\/\/schema.org\/BlogPosting\" itemprop=\"blogPost\" ><div class='avia_textblock  '   itemprop=\"text\" ><p style=\"text-align: center;\"><strong><span style=\"font-size: 18pt;\">Este fin de semana se juega la segunda fecha del \u201cCisnes Cup\u201d <\/span><\/strong><\/p>\n<div id=\"gtx-trans\" style=\"position: absolute; left: -50px; top: 4.31534px;\">\n<div class=\"gtx-trans-icon\"><\/div>\n<\/div>\n<\/div><\/section><\/div><div class=\"flex_column av_one_full  flex_column_div av-zero-column-padding first  avia-builder-el-4  el_after_av_one_full  el_before_av_hr  column-top-margin\" style='border-radius:0px; '><section class=\"av_textblock_section \"  itemscope=\"itemscope\" itemtype=\"https:\/\/schema.org\/BlogPosting\" itemprop=\"blogPost\" ><div class='avia_textblock  '   itemprop=\"text\" ><p style=\"text-align: justify;\">\u00abCisnes Cup\u00bb es una actividad deportiva creada por el joven de la localidad, Carlos Rubilar, quien en su primera fecha realizada recientemente convoc\u00f3 a un equipo de Chile Chico y cuatro de Coyhaique, resultando ganador el equipo de la escuela de futbol de la UC de Coyhaique.<\/p>\n<p style=\"text-align: justify;\">En esa oportunidad, Cristian Vargas, parte de la unidad t\u00e9cnica del equipo triunfador, destacaba. \u201cEs una alegr\u00eda grande, este grupo est\u00e1 trabajando hace muy poco con nosotros, es un k\u00ednder \u2013 futbol, tuvimos la invitaci\u00f3n de Carlos para participar en esta actividad y la verdad fue un honor venir ac\u00e1, Carlos fue mi alumno, el campeonato tiene una muy buena organizaci\u00f3n, en Coyhaique no hemos visto una competencia tan bien organizada como \u00e9sta. As\u00ed es que, para nosotros fue exitoso, fuimos de menos a m\u00e1s, pero fuimos un justo campe\u00f3n\u201d.<\/p>\n<p style=\"text-align: justify;\">En esta primera instancia se cont\u00f3 con la presencia de equipos de Coyhaique, Chile Chico y Puerto Cisnes. Precisamente los ganadores de la primera fase del campeonato viajar\u00e1n prontamente a Vi\u00f1a del Mar a medirse con ni\u00f1os de su misma categor\u00eda, ni\u00f1os nacidos entre los a\u00f1os 2015 \u2013 2016.<\/p>\n<p style=\"text-align: justify;\">Carlos Rubilar, organizador de la actividad, se\u00f1al\u00f3 que, \u201cme siento emocionado, es el sue\u00f1o que siempre quise, que en mi pueblo se hagan actividades de futbol infantil, de que tengan la posibilidad de que un equipo de la regi\u00f3n pueda viajar a representar a la regi\u00f3n a Vi\u00f1a del Mar, me llena de felicidad. Obviamente todo esto se logra con pura gente de Puerto Cisnes, tenemos el cantante tambi\u00e9n que es de Santiago, una compa\u00f1era que es de Concepci\u00f3n y obviamente gente de Cisnes, entre 14 a 15 personas trabajando\u201d.<\/p>\n<p style=\"text-align: justify;\">Gracias a la organizaci\u00f3n del campeonato se pudo becar a dos ni\u00f1os, quienes salieron campeones junto al equipo de la escuela de futbol de la Universidad Cat\u00f3lica de Coyhaique. Tambi\u00e9n pusieron en valor el apoyo de la comunidad, de la escuela de futbol de Puerto Cisnes y la Municipalidad de Cisnes.<\/p>\n<p style=\"text-align: justify;\">Este fin de semana se juega la segunda fecha del \u201cCisnes Cup\u201d, categor\u00eda sub \u2013 10, donde estar\u00e1n presentes equipos de Futaleuf\u00fa, Coyhaique y Cisnes, evento deportivo programado para los d\u00edas 30 de septiembre, 1 y 2 de octubre, jornada que los organizadores han denominado \u201cla fiesta del futbol infantil\u201d.<\/p>\n<\/div><\/section><\/div><div  style='height:50px' class='hr hr-invisible   avia-builder-el-6  el_after_av_one_full  el_before_av_social_share '><span class='hr-inner ' ><span class='hr-inner-style'><\/span><\/span><\/div><\/p>\n<div  class='av-social-sharing-box  avia-builder-el-7  el_after_av_hr  el_before_av_hr  '><div class='av-share-box'><h5 class='av-share-link-description av-no-toc '>Compartir esta noticia<\/h5><ul class='av-share-box-list noLightbox'><li class='av-share-link av-social-link-facebook' ><a target=\"_blank\" aria-label=\"Compartir en Facebook\" href='https:\/\/www.facebook.com\/sharer.php?u=https:\/\/radiorevelacionfm.cl\/?p=22352&#038;t=Este%20fin%20de%20semana%20se%20juega%20la%20segunda%20fecha%20del%20%E2%80%9CCisnes%20Cup%E2%80%9D' aria-hidden='false' data-av_icon='\ue8f3' data-av_iconfont='entypo-fontello' title='' data-avia-related-tooltip='Compartir en Facebook' rel=\"noopener\"><span class='avia_hidden_link_text'>Compartir en Facebook<\/span><\/a><\/li><li class='av-share-link av-social-link-twitter' ><a target=\"_blank\" aria-label=\"Compartir en Twitter\" href='https:\/\/twitter.com\/share?text=Este%20fin%20de%20semana%20se%20juega%20la%20segunda%20fecha%20del%20%E2%80%9CCisnes%20Cup%E2%80%9D&#038;url=https:\/\/radiorevelacionfm.cl\/?p=22352' aria-hidden='false' data-av_icon='\ue8f1' data-av_iconfont='entypo-fontello' title='' data-avia-related-tooltip='Compartir en Twitter' rel=\"noopener\"><span class='avia_hidden_link_text'>Compartir en Twitter<\/span><\/a><\/li><li class='av-share-link av-social-link-whatsapp' ><a target=\"_blank\" aria-label=\"Compartir en Whatsapp\" href='https:\/\/api.whatsapp.com\/send?text=https:\/\/radiorevelacionfm.cl\/?p=22352' aria-hidden='false' data-av_icon='\uf232' data-av_iconfont='entypo-fontello' title='' data-avia-related-tooltip='Compartir en Whatsapp' rel=\"noopener\"><span class='avia_hidden_link_text'>Compartir en Whatsapp<\/span><\/a><\/li><li class='av-share-link av-social-link-linkedin' ><a target=\"_blank\" aria-label=\"Compartir en LinkedIn\" href='https:\/\/linkedin.com\/shareArticle?mini=true&#038;title=Este%20fin%20de%20semana%20se%20juega%20la%20segunda%20fecha%20del%20%E2%80%9CCisnes%20Cup%E2%80%9D&#038;url=https:\/\/radiorevelacionfm.cl\/?p=22352' aria-hidden='false' data-av_icon='\ue8fc' data-av_iconfont='entypo-fontello' title='' data-avia-related-tooltip='Compartir en LinkedIn' rel=\"noopener\"><span class='avia_hidden_link_text'>Compartir en LinkedIn<\/span><\/a><\/li><li class='av-share-link av-social-link-mail' ><a  aria-label=\"Compartir por correo\" href='mailto:?subject=Este%20fin%20de%20semana%20se%20juega%20la%20segunda%20fecha%20del%20%E2%80%9CCisnes%20Cup%E2%80%9D&#038;body=https:\/\/radiorevelacionfm.cl\/?p=22352' aria-hidden='false' data-av_icon='\ue805' data-av_iconfont='entypo-fontello' title='' data-avia-related-tooltip='Compartir por correo'><span class='avia_hidden_link_text'>Compartir por correo<\/span><\/a><\/li><\/ul><\/div><\/div>\n<div  style='height:50px' class='hr hr-invisible   avia-builder-el-8  el_after_av_social_share  el_before_av_comments_list '><span class='hr-inner ' ><span class='hr-inner-style'><\/span><\/span><\/div>\n<div  class='av-buildercomment  av-blog-meta-html-info-disabled av-blog-meta-tag-disabled  '><\/div>\n","protected":false},"excerpt":{"rendered":"","protected":false},"author":1,"featured_media":22353,"comment_status":"open","ping_status":"open","sticky":false,"template":"","format":"standard","meta":{"footnotes":""},"categories":[40],"tags":[],"class_list":["post-22352","post","type-post","status-publish","format-standard","has-post-thumbnail","hentry","category-deportes"],"jetpack_featured_media_url":"https:\/\/radiorevelacionfm.cl\/wp-content\/uploads\/2022\/09\/cisnes-cup_optimized.jpg","_links":{"self":[{"href":"https:\/\/radiorevelacionfm.cl\/index.php?rest_route=\/wp\/v2\/posts\/22352","targetHints":{"allow":["GET"]}}],"collection":[{"href":"https:\/\/radiorevelacionfm.cl\/index.php?rest_route=\/wp\/v2\/posts"}],"about":[{"href":"https:\/\/radiorevelacionfm.cl\/index.php?rest_route=\/wp\/v2\/types\/post"}],"author":[{"embeddable":true,"href":"https:\/\/radiorevelacionfm.cl\/index.php?rest_route=\/wp\/v2\/users\/1"}],"replies":[{"embeddable":true,"href":"https:\/\/radiorevelacionfm.cl\/index.php?rest_route=%2Fwp%2Fv2%2Fcomments&post=22352"}],"version-history":[{"count":2,"href":"https:\/\/radiorevelacionfm.cl\/index.php?rest_route=\/wp\/v2\/posts\/22352\/revisions"}],"predecessor-version":[{"id":22355,"href":"https:\/\/radiorevelacionfm.cl\/index.php?rest_route=\/wp\/v2\/posts\/22352\/revisions\/22355"}],"wp:featuredmedia":[{"embeddable":true,"href":"https:\/\/radiorevelacionfm.cl\/index.php?rest_route=\/wp\/v2\/media\/22353"}],"wp:attachment":[{"href":"https:\/\/radiorevelacionfm.cl\/index.php?rest_route=%2Fwp%2Fv2%2Fmedia&parent=22352"}],"wp:term":[{"taxonomy":"category","embeddable":true,"href":"https:\/\/radiorevelacionfm.cl\/index.php?rest_route=%2Fwp%2Fv2%2Fcategories&post=22352"},{"taxonomy":"post_tag","embeddable":true,"href":"https:\/\/radiorevelacionfm.cl\/index.php?rest_route=%2Fwp%2Fv2%2Ftags&post=22352"}],"curies":[{"name":"wp","href":"https:\/\/api.w.org\/{rel}","templated":true}]}}