{"id":2235,"date":"2021-01-30T20:50:38","date_gmt":"2021-01-30T23:50:38","guid":{"rendered":"https:\/\/radiorevelacionfm.cl\/?p=2235"},"modified":"2021-01-30T20:52:12","modified_gmt":"2021-01-30T23:52:12","slug":"logran-desbaratar-a-clan-familiar-que-internaba-droga-hacia-puerto-aysen","status":"publish","type":"post","link":"https:\/\/radiorevelacionfm.cl\/?p=2235","title":{"rendered":"Logran desbaratar clan familiar que internaba droga hacia Puerto Ays\u00e9n"},"content":{"rendered":"<div class=\"flex_column av_one_full  flex_column_div av-zero-column-padding first  avia-builder-el-0  el_before_av_one_full  avia-builder-el-first  \" style='border-radius:0px; '><div  class='avia-image-container  av-styling-    avia-builder-el-1  avia-builder-el-no-sibling  avia-align-center '  itemprop=\"image\" itemscope=\"itemscope\" itemtype=\"https:\/\/schema.org\/ImageObject\"  ><div class='avia-image-container-inner'><div class='avia-image-overlay-wrap'><img decoding=\"async\" class='wp-image-0 avia-img-lazy-loading-not-0 avia_image' src=\"https:\/\/radiorevelacionfm.cl\/wp-content\/uploads\/2021\/01\/PDI-30.01_21-1.jpg\" alt='' title=''   itemprop=\"thumbnailUrl\"  \/><\/div><\/div><\/div><\/div>\n<div class=\"flex_column av_one_full  flex_column_div av-zero-column-padding first  avia-builder-el-2  el_after_av_one_full  el_before_av_one_full  column-top-margin\" style='border-radius:0px; '><section class=\"av_textblock_section \"  itemscope=\"itemscope\" itemtype=\"https:\/\/schema.org\/BlogPosting\" itemprop=\"blogPost\" ><div class='avia_textblock  '   itemprop=\"text\" ><p style=\"text-align: center;\"><span style=\"font-size: 18pt;\"><strong>Logran desbaratar clan familiar que internaba droga hacia Puerto Ays\u00e9n<\/strong><\/span><\/p>\n<div id=\"gtx-trans\" style=\"position: absolute; left: -50px; top: 4.31534px;\">\n<div class=\"gtx-trans-icon\"><\/div>\n<\/div>\n<\/div><\/section><\/div><div class=\"flex_column av_one_full  flex_column_div av-zero-column-padding first  avia-builder-el-4  el_after_av_one_full  el_before_av_hr  column-top-margin\" style='border-radius:0px; '><section class=\"av_textblock_section \"  itemscope=\"itemscope\" itemtype=\"https:\/\/schema.org\/BlogPosting\" itemprop=\"blogPost\" ><div class='avia_textblock  '   itemprop=\"text\" ><p style=\"text-align: justify;\">La investigaci\u00f3n en su totalidad permiti\u00f3 sacar de circulaci\u00f3n de la ciudad de Puerto Ays\u00e9n 4.450,4 gramos de cannabis sativa, lo que equivale a 13.352 dosis, droga avaluada en $66.756.000 pesos, adem\u00e1s de $675.220 pesos de dinero en efectivo.<\/p>\n<p style=\"text-align: justify;\">Tras una investigaci\u00f3n conjunta entre la Fiscal\u00eda Local de Puerto Ays\u00e9n y el equipo Microtr\u00e1fico Cero de la Brigada de Investigaci\u00f3n Criminal Ays\u00e9n de la PDI, detectives lograron la detenci\u00f3n de un clan familiar dedicado a internar droga, espec\u00edficamente cannabis sativa, a la comuna de Puerto Ays\u00e9n desde distintas regiones del pa\u00eds mediante encomiendas.<\/p>\n<p style=\"text-align: justify;\">El \u00faltimo procedimiento policial de la investigaci\u00f3n, que data de enero de 2020, culmin\u00f3 con la detenci\u00f3n de cuatro imputados -dos hombres y dos mujeres, todos mayores de edad y dos de ellos con antecedentes policiales- por el delito de tr\u00e1fico il\u00edcito de drogas y estupefacientes, quienes eran liderados por dos internos del Centro de Detenci\u00f3n Preventiva de Puerto Ays\u00e9n, los que financiaban y coordinaban la internaci\u00f3n de sustancias il\u00edcitas y su posterior comercializaci\u00f3n en la comuna.<\/p>\n<p style=\"text-align: justify;\">Entre los detenidos se encuentra la madre de los dos hermanos que se encontraban en prisi\u00f3n preventiva, otro hermano, una hermana y un cercano a la familia, quienes prestaban colaboraci\u00f3n para el tr\u00e1fico de drogas en la comuna de Puerto Ays\u00e9n.<\/p>\n<p style=\"text-align: justify;\">Al respecto, el jefe de la Brigada de Investigaci\u00f3n Criminal Ays\u00e9n, subprefecto Eduardo Charpentier, destac\u00f3 que \u201ccon este procedimiento policial se logra sacar de circulaci\u00f3n un clan familiar dedicado a internar y comercializar sustancias il\u00edcitas en la comuna de Puerto Ays\u00e9n, liderado y financiado por internos del Centro de Detenci\u00f3n Preventiva de Puerto Ays\u00e9n\u201d.<\/p>\n<p style=\"text-align: justify;\">Gracias al trabajo de an\u00e1lisis criminal e inteligencia policial, utilizando diversas t\u00e9cnicas investigativas, \u201cse logr\u00f3 determinar la internaci\u00f3n de una importante cantidad de droga a la ciudad de Puerto Ays\u00e9n, la cual ser\u00eda dosificada y distribuida en el domicilio de los l\u00edderes de la banda. Por lo anterior, se gestion\u00f3 una orden de entrada, registro e incautaci\u00f3n de especies, a trav\u00e9s de la Fiscal\u00eda Local de Puerto Ays\u00e9n, con el Juzgado de Garant\u00eda de la ciudad, logrando la detenci\u00f3n de estas personas, desbaratando de esta manera el clan familiar liderado por dos internos del CDP\u201d, puntualiz\u00f3 el subprefecto Eduardo Charpentier.<\/p>\n<p style=\"text-align: justify;\">Durante la diligencia MT-0 se incaut\u00f3 1.156,96 gramos de cannabis sativa, lo que equivale a 3.470 dosis, droga avaluada en $17.354.400 pesos, adem\u00e1s de $604.000 pesos de dinero en efectivo y elementos para la dosificaci\u00f3n y comercializaci\u00f3n de la droga en la ciudad puerto.<\/p>\n<p style=\"text-align: justify;\">El d\u00eda de ayer, a ra\u00edz de una diligencia complementaria en la ciudad de Talca, domicilio de una de las personas detenidas, se incaut\u00f3 242,87 gramos de cannabis sativa, una planta de cannabis y elementos para la dosificaci\u00f3n, trabajo coordinado con el equipo MT-0 de Talca de la PDI.<\/p>\n<p style=\"text-align: justify;\">Cabe destacar que este procedimiento de la PDI se suma a otros que se realizaron en los \u00faltimos meses del 2020, donde se detuvo a otras dos personas. As\u00ed, la investigaci\u00f3n en su totalidad permiti\u00f3 sacar de circulaci\u00f3n de la ciudad de Puerto Ays\u00e9n 4.450,4 gramos de cannabis sativa, lo que equivale a 13.352 dosis, droga avaluada en $66.756.000 pesos, adem\u00e1s de $675.220 pesos de dinero en efectivo.<\/p>\n<p style=\"text-align: justify;\">Adem\u00e1s, \u201cgracias al proceso investigativo se procedi\u00f3 a la detenci\u00f3n de adolescentes, quienes eran reclutados por este clan familiar con el fin de realizar ingresos al CDP a trav\u00e9s de la modalidad de lanzamiento de drogas\u201d, agreg\u00f3 el jefe de la BICRIM Ays\u00e9n, subprefecto Eduardo Charpentier.<\/p>\n<p style=\"text-align: justify;\">Por su parte, el Fiscal Jefe de Puerto Ays\u00e9n, Aquiles Cubillos, indic\u00f3 que corresponde a \u201cuna investigaci\u00f3n de largo aliento que llevaba la Fiscal\u00eda de Puerto Ays\u00e9n con la Polic\u00eda de Investigaciones que parti\u00f3 en enero del a\u00f1o pasado, donde est\u00e1bamos investigando a una organizaci\u00f3n familiar dedicada al tr\u00e1fico de droga, la cual internaba a trav\u00e9s de encomiendas enviadas desde distintas ciudades del pa\u00eds droga hacia Puerto Ays\u00e9n, a trav\u00e9s de distintos remitentes y destinatarios, para lo cual utilizaban una serie de colaboradores y las remit\u00edan principalmente a trav\u00e9s de empresas de correos, tuvimos env\u00edos desde la quinta regi\u00f3n, desde la metropolitana y desde la s\u00e9ptima regi\u00f3n\u201d.<\/p>\n<p style=\"text-align: justify;\">Todos estos env\u00edos llegaban a Puerto Ays\u00e9n, los que \u201ceran distribuidos y comercializados por esta banda familiar, liderada por dos hermanos que en los \u00faltimos meses realizaban esta labor desde la c\u00e1rcel de Puerto Ays\u00e9n, conjuntamente con otros hermanos que estaban en libertad y su madre, adem\u00e1s de una serie de sujetos que prestaban colaboraci\u00f3n para esta tarea\u201d, detall\u00f3 el fiscal a cargo de la investigaci\u00f3n, quien adem\u00e1s enfatiz\u00f3 que la distribuci\u00f3n y comercializaci\u00f3n de la droga se focalizaba en Puerto Ays\u00e9n.<\/p>\n<p style=\"text-align: justify;\">Los cuatro detenidos fueron puestos a disposici\u00f3n del Juzgado de Garant\u00eda de Puerto Ays\u00e9n, desde el Cuartel de la PDI de Puerto Ays\u00e9n mediante videoconferencia, donde el Tribunal declar\u00f3 legal la detenci\u00f3n. En la instancia, la Fiscal\u00eda Local de Puerto Ays\u00e9n los formaliz\u00f3 por microtr\u00e1fico, decretando el Tribunal la medida cautelar de prisi\u00f3n preventiva para los cuatro imputados y un plazo de investigaci\u00f3n de 60 d\u00edas.<\/p>\n<\/div><\/section><\/div><\/p>\n<div  style='height:50px' class='hr hr-invisible   avia-builder-el-6  el_after_av_one_full  el_before_av_social_share '><span class='hr-inner ' ><span class='hr-inner-style'><\/span><\/span><\/div>\n<div  class='av-social-sharing-box  avia-builder-el-7  el_after_av_hr  el_before_av_hr  '><div class='av-share-box'><h5 class='av-share-link-description av-no-toc '>Compartir esta noticia<\/h5><ul class='av-share-box-list noLightbox'><li class='av-share-link av-social-link-facebook' ><a target=\"_blank\" aria-label=\"Compartir en Facebook\" href='https:\/\/www.facebook.com\/sharer.php?u=https:\/\/radiorevelacionfm.cl\/?p=2235&#038;t=Logran%20desbaratar%20clan%20familiar%20que%20internaba%20droga%20hacia%20Puerto%20Ays%C3%A9n' aria-hidden='false' data-av_icon='\ue8f3' data-av_iconfont='entypo-fontello' title='' data-avia-related-tooltip='Compartir en Facebook' rel=\"noopener\"><span class='avia_hidden_link_text'>Compartir en Facebook<\/span><\/a><\/li><li class='av-share-link av-social-link-twitter' ><a target=\"_blank\" aria-label=\"Compartir en Twitter\" href='https:\/\/twitter.com\/share?text=Logran%20desbaratar%20clan%20familiar%20que%20internaba%20droga%20hacia%20Puerto%20Ays%C3%A9n&#038;url=https:\/\/radiorevelacionfm.cl\/?p=2235' aria-hidden='false' data-av_icon='\ue8f1' data-av_iconfont='entypo-fontello' title='' data-avia-related-tooltip='Compartir en Twitter' rel=\"noopener\"><span class='avia_hidden_link_text'>Compartir en Twitter<\/span><\/a><\/li><li class='av-share-link av-social-link-whatsapp' ><a target=\"_blank\" aria-label=\"Compartir en Whatsapp\" href='https:\/\/api.whatsapp.com\/send?text=https:\/\/radiorevelacionfm.cl\/?p=2235' aria-hidden='false' data-av_icon='\uf232' data-av_iconfont='entypo-fontello' title='' data-avia-related-tooltip='Compartir en Whatsapp' rel=\"noopener\"><span class='avia_hidden_link_text'>Compartir en Whatsapp<\/span><\/a><\/li><li class='av-share-link av-social-link-linkedin' ><a target=\"_blank\" aria-label=\"Compartir en LinkedIn\" href='https:\/\/linkedin.com\/shareArticle?mini=true&#038;title=Logran%20desbaratar%20clan%20familiar%20que%20internaba%20droga%20hacia%20Puerto%20Ays%C3%A9n&#038;url=https:\/\/radiorevelacionfm.cl\/?p=2235' aria-hidden='false' data-av_icon='\ue8fc' data-av_iconfont='entypo-fontello' title='' data-avia-related-tooltip='Compartir en LinkedIn' rel=\"noopener\"><span class='avia_hidden_link_text'>Compartir en LinkedIn<\/span><\/a><\/li><li class='av-share-link av-social-link-mail' ><a  aria-label=\"Compartir por correo\" href='mailto:?subject=Logran%20desbaratar%20clan%20familiar%20que%20internaba%20droga%20hacia%20Puerto%20Ays%C3%A9n&#038;body=https:\/\/radiorevelacionfm.cl\/?p=2235' aria-hidden='false' data-av_icon='\ue805' data-av_iconfont='entypo-fontello' title='' data-avia-related-tooltip='Compartir por correo'><span class='avia_hidden_link_text'>Compartir por correo<\/span><\/a><\/li><\/ul><\/div><\/div>\n<div  style='height:50px' class='hr hr-invisible   avia-builder-el-8  el_after_av_social_share  el_before_av_comments_list '><span class='hr-inner ' ><span class='hr-inner-style'><\/span><\/span><\/div>\n<div  class='av-buildercomment  av-blog-meta-html-info-disabled av-blog-meta-tag-disabled  '><\/div>\n","protected":false},"excerpt":{"rendered":"","protected":false},"author":1,"featured_media":0,"comment_status":"open","ping_status":"open","sticky":false,"template":"","format":"standard","meta":{"footnotes":""},"categories":[55,36],"tags":[],"class_list":["post-2235","post","type-post","status-publish","format-standard","hentry","category-justicia","category-policial"],"jetpack_featured_media_url":"","_links":{"self":[{"href":"https:\/\/radiorevelacionfm.cl\/index.php?rest_route=\/wp\/v2\/posts\/2235","targetHints":{"allow":["GET"]}}],"collection":[{"href":"https:\/\/radiorevelacionfm.cl\/index.php?rest_route=\/wp\/v2\/posts"}],"about":[{"href":"https:\/\/radiorevelacionfm.cl\/index.php?rest_route=\/wp\/v2\/types\/post"}],"author":[{"embeddable":true,"href":"https:\/\/radiorevelacionfm.cl\/index.php?rest_route=\/wp\/v2\/users\/1"}],"replies":[{"embeddable":true,"href":"https:\/\/radiorevelacionfm.cl\/index.php?rest_route=%2Fwp%2Fv2%2Fcomments&post=2235"}],"version-history":[{"count":2,"href":"https:\/\/radiorevelacionfm.cl\/index.php?rest_route=\/wp\/v2\/posts\/2235\/revisions"}],"predecessor-version":[{"id":2239,"href":"https:\/\/radiorevelacionfm.cl\/index.php?rest_route=\/wp\/v2\/posts\/2235\/revisions\/2239"}],"wp:attachment":[{"href":"https:\/\/radiorevelacionfm.cl\/index.php?rest_route=%2Fwp%2Fv2%2Fmedia&parent=2235"}],"wp:term":[{"taxonomy":"category","embeddable":true,"href":"https:\/\/radiorevelacionfm.cl\/index.php?rest_route=%2Fwp%2Fv2%2Fcategories&post=2235"},{"taxonomy":"post_tag","embeddable":true,"href":"https:\/\/radiorevelacionfm.cl\/index.php?rest_route=%2Fwp%2Fv2%2Ftags&post=2235"}],"curies":[{"name":"wp","href":"https:\/\/api.w.org\/{rel}","templated":true}]}}