{"id":22348,"date":"2022-09-29T09:29:08","date_gmt":"2022-09-29T12:29:08","guid":{"rendered":"https:\/\/radiorevelacionfm.cl\/?p=22348"},"modified":"2022-09-29T09:29:08","modified_gmt":"2022-09-29T12:29:08","slug":"seremis-del-mop-y-transportes-exponen-avances-en-construccion-del-plan-de-conectividad-ante-comision-del-consejo-regional-aysen","status":"publish","type":"post","link":"https:\/\/radiorevelacionfm.cl\/?p=22348","title":{"rendered":"Seremis del MOP y Transportes exponen avances en construcci\u00f3n del plan de conectividad ante comisi\u00f3n del Consejo Regional Ays\u00e9n"},"content":{"rendered":"<div class=\"flex_column av_one_full  flex_column_div av-zero-column-padding first  avia-builder-el-0  el_before_av_one_full  avia-builder-el-first  \" style='border-radius:0px; '><div  class='avia-image-container  av-styling-    avia-builder-el-1  avia-builder-el-no-sibling  avia-align-center '  itemprop=\"image\" itemscope=\"itemscope\" itemtype=\"https:\/\/schema.org\/ImageObject\"  ><div class='avia-image-container-inner'><div class='avia-image-overlay-wrap'><img decoding=\"async\" class='wp-image-22349 avia-img-lazy-loading-not-22349 avia_image' src=\"https:\/\/radiorevelacionfm.cl\/wp-content\/uploads\/2022\/09\/4-68-1-1.jpg\" alt='' title='4 (68) (1) (1)' height=\"600\" width=\"900\"  itemprop=\"thumbnailUrl\" srcset=\"https:\/\/radiorevelacionfm.cl\/wp-content\/uploads\/2022\/09\/4-68-1-1.jpg 900w, https:\/\/radiorevelacionfm.cl\/wp-content\/uploads\/2022\/09\/4-68-1-1-300x200.jpg 300w, https:\/\/radiorevelacionfm.cl\/wp-content\/uploads\/2022\/09\/4-68-1-1-768x512.jpg 768w, https:\/\/radiorevelacionfm.cl\/wp-content\/uploads\/2022\/09\/4-68-1-1-705x470.jpg 705w, https:\/\/radiorevelacionfm.cl\/wp-content\/uploads\/2022\/09\/4-68-1-1-600x400.jpg 600w\" sizes=\"(max-width: 900px) 100vw, 900px\" \/><\/div><\/div><\/div><\/div><div class=\"flex_column av_one_full  flex_column_div av-zero-column-padding first  avia-builder-el-2  el_after_av_one_full  el_before_av_one_full  column-top-margin\" style='border-radius:0px; '><section class=\"av_textblock_section \"  itemscope=\"itemscope\" itemtype=\"https:\/\/schema.org\/BlogPosting\" itemprop=\"blogPost\" ><div class='avia_textblock  '   itemprop=\"text\" ><p style=\"text-align: center;\"><span style=\"font-size: 18pt;\"><strong>Seremis del MOP y Transportes exponen avances en construcci\u00f3n del plan de conectividad ante comisi\u00f3n del Consejo Regional Ays\u00e9n<\/strong><\/span><\/p>\n<div id=\"gtx-trans\" style=\"position: absolute; left: -50px; top: 4.31534px;\">\n<div class=\"gtx-trans-icon\"><\/div>\n<\/div>\n<\/div><\/section><\/div><div class=\"flex_column av_one_full  flex_column_div av-zero-column-padding first  avia-builder-el-4  el_after_av_one_full  el_before_av_hr  column-top-margin\" style='border-radius:0px; '><section class=\"av_textblock_section \"  itemscope=\"itemscope\" itemtype=\"https:\/\/schema.org\/BlogPosting\" itemprop=\"blogPost\" ><div class='avia_textblock  '   itemprop=\"text\" ><p style=\"text-align: justify;\">El Secretario Regional Ministerial de Obras P\u00fablicas Patricio Sanhueza y la Secretaria Regional Ministerial de Transportes y Telecomunicaciones Claudia Cantero realizaron una exposici\u00f3n de los avances en materia de conectividad lacustre en Chile Chico y la construcci\u00f3n del Plan de Conectividad que ambas Carteras est\u00e1n trabajando para entregar soluciones integrales a la comunidad regional.<\/p>\n<p style=\"text-align: justify;\">Al respecto, el Seremi del MOP Patricio Sanhueza Ulloa indic\u00f3: \u201cHoy d\u00eda hemos continuado con este trabajo en conjunto con las autoridades electas como el Consejo Regional, de acuerdo al mandato del presidente Gabriel Boric que nos ha pedido que la toma de decisiones est\u00e9 radicada en las regiones y comunidades, as\u00ed como tambi\u00e9n alineado con el anuncio previo de nuestro ministro de Obras P\u00fablicas Juan Carlos Garc\u00eda, sobre este nuevo Plan de Conectividad, el que ha sido encomendado iniciar desde el territorio y sus personas, y de nuestro Delegado Regional Rodrigo Araya Morales quien desde el momento que comenzamos a ejercer nuestras labores \u00a0nos ha pedido atender con sentido de urgencia las necesidades de las comunidades y con una fuerte coordinaci\u00f3n tanto con la propia Delegaci\u00f3n, como con las Delegaciones provinciales en el territorio y con el Ministerio de Transportes liderado por mi colega Claudia Cantero. Primero hemos estado atendiendo las situaciones m\u00e1s urgentes como es la conectividad en el lago General Carrera en donde ya hemos tenido bastantes avances en materia de planes de contingencia, as\u00ed como tambi\u00e9n en el abordaje que estamos haciendo para el Dise\u00f1o de una nueva nave y el Plan de Conectividad a largo plazo, lo que va en l\u00ednea con lo que hoy d\u00eda tambi\u00e9n queremos desarrollar a nivel regional, as\u00ed que tenemos que cambiar los ritmos y reformular los \u00e9nfasis en un trabajo a largo plazo que ambos Ministerios estamos efectuando, as\u00ed que ese \u00a0es un gran desaf\u00edo en donde hay que repensar la conectividad regional, \u00a0el trabajo que vamos a hacer con la regi\u00f3n de Los Lagos y con proyectos que tienen un car\u00e1cter de \u00a0nivel nacional. As\u00ed que estamos bastante complacidos con la exposici\u00f3n que hoy pudimos realizar en donde mostramos todo el trabajo realizado hasta el d\u00eda de hoy y los desaf\u00edos que vienen. Hay bastante consenso de todos los actores regionales en que hay que continuar avanzando con la pavimentaci\u00f3n de la Ruta 7, hay que mejorar las situaciones complejas que hoy d\u00eda tenemos de conectividad lacustre y mar\u00edtima y tambi\u00e9n la necesaria coordinaci\u00f3n con la regi\u00f3n de Los Lagos respecto de la conectividad bimodal\u201d.<\/p>\n<p style=\"text-align: justify;\">En este marco, la Consejera Regional por la provincia General Carrera y actual presidente de la Comisi\u00f3n de Infraestructura, Transportes y Telecomunicaciones, Lilian Inostroza Parra se\u00f1al\u00f3: \u201cHoy hemos convocado como Comisi\u00f3n a la Seremi de Transportes y Telecomunicaciones Claudia Cantero y al Seremi de Obras P\u00fablicas Patricio Sanhueza por nuestra preocupaci\u00f3n como Comisi\u00f3n y como Consejeros del Gobierno Regional de Ays\u00e9n por las problem\u00e1ticas de conectividad que hoy d\u00eda estamos sufriendo dentro de nuestra regi\u00f3n. Problem\u00e1ticas que se han ido acrecentando diariamente y que debemos ver en conjunto, ya que es un problema transversal que est\u00e1 aquejando a la regi\u00f3n de Ays\u00e9n. Hemos solicitado tambi\u00e9n todos los antecedentes como Comisi\u00f3n para ver cu\u00e1l va a ser el Plan de Conectividad el cual el d\u00eda 14 de septiembre tambi\u00e9n se proclam\u00f3 a trav\u00e9s del Ministerio de Obras Publicas por su Ministro, en donde se va a desarrollar este Plan de Conectividad. Un Plan de Conectividad que tiene que ser trabajado desde el sector en conjunto con el Gobierno Regional de Ays\u00e9n, y todas las autoridades, y por supuesto con toda la gente que vive dentro de nuestra regi\u00f3n\u201d.<\/p>\n<p style=\"text-align: justify;\">Una vez realizada la exposici\u00f3n, la Secretaria Regional Ministerial de Transportes y Telecomunicaciones, Claudia Cantero manifest\u00f3 \u201cpudimos exponer junto al Seremi del MOP Patricio Sanhueza todo lo que hemos estado realizando como Carteras en el \u00e1mbito de la conectividad y tambi\u00e9n proyectar un trabajo conjunto para seguir abordando estas tem\u00e1ticas, pero con una mirada a largo plazo. Fue muy enriquecedora la reuni\u00f3n, creemos que es la forma en la que debemos seguir avanzando, en conjunto con los diversos actores de la regi\u00f3n y con una mirada de poder dar soluci\u00f3n al problema de la conectividad en forma integral. Pudimos tambi\u00e9n exponer las diversas iniciativas que estamos llevando a cabo como Cartera en el \u00e1mbito de la conectividad, considerando siempre que la conectividad no solamente es regional, sino tambi\u00e9n es extra regional y conjunta con otras regiones del pa\u00eds, por lo tanto ah\u00ed hicimos importantes anuncios como por ejemplo el levantamiento de la primera Mesa T\u00e9cnica para abordar tem\u00e1ticas referentes a la Ruta Bimodal, tambi\u00e9n vamos a continuar trabajando lo que se ha realizado en la cuenca del lago General Carrera a prop\u00f3sito del Plan de Conectividad para esa zona y tambi\u00e9n vamos a comenzar un trabajo coordinado entre ambos ministerios para tambi\u00e9n trabajar la conectividad en la provincia Capit\u00e1n Prat, por lo tanto la evaluaci\u00f3n es positiva y esperamos tambi\u00e9n que de aqu\u00ed pueda surgir un trabajo conjunto, un trabajo coordinado, que es lo que necesitamos como regi\u00f3n\u201d.<\/p>\n<p style=\"text-align: justify;\">Sobre el particular, Paula Acu\u00f1a Consejera Regional y vicepresidenta de la Comisi\u00f3n de Infraestructura, Transportes y Telecomunicaciones del Consejo Regional de Ays\u00e9n, hizo un balance de la jornada destacando el trabajo conjunto que se est\u00e1 efectuando entre el Consejo Regional de Ays\u00e9n y los Ministerios de Obras P\u00fablicas y Transportes y Telecomunicaciones, indicando que: \u201cHoy d\u00eda el trabajo que desarroll\u00f3 la Comisi\u00f3n fue muy favorable y como Consejeros y Consejeras Regionales estamos muy agradecidos de la presentaci\u00f3n que gener\u00f3 tanto el Seremi de Obras P\u00fablicas Patricio Sanhueza como la Seremi de Transportes y Telecomunicaciones Claudia Cantero, porque \u00a0nos mostraron adem\u00e1s del trabajo que est\u00e1n desarrollando en materia de conectividad lacustre, a\u00e9rea y terrestre\u00a0 toda la disposici\u00f3n de generar un trabajo colaborativo y en conjunto. Como Consejo Regional creemos que hoy d\u00eda se avanza en el problema de conectividad -que es uno de los principales problemas que tenemos como regi\u00f3n-, pero que se avanza de forma colaborativa y adem\u00e1s, abordando distintas medidas al corto y largo plazo\u201d.<\/p>\n<\/div><\/section><\/div><div  style='height:50px' class='hr hr-invisible   avia-builder-el-6  el_after_av_one_full  el_before_av_social_share '><span class='hr-inner ' ><span class='hr-inner-style'><\/span><\/span><\/div><\/p>\n<div  class='av-social-sharing-box  avia-builder-el-7  el_after_av_hr  el_before_av_hr  '><div class='av-share-box'><h5 class='av-share-link-description av-no-toc '>Compartir esta noticia<\/h5><ul class='av-share-box-list noLightbox'><li class='av-share-link av-social-link-facebook' ><a target=\"_blank\" aria-label=\"Compartir en Facebook\" href='https:\/\/www.facebook.com\/sharer.php?u=https:\/\/radiorevelacionfm.cl\/?p=22348&#038;t=Seremis%20del%20MOP%20y%20Transportes%20exponen%20avances%20en%20construcci%C3%B3n%20del%20plan%20de%20conectividad%20ante%20comisi%C3%B3n%20del%20Consejo%20Regional%20Ays%C3%A9n' aria-hidden='false' data-av_icon='\ue8f3' data-av_iconfont='entypo-fontello' title='' data-avia-related-tooltip='Compartir en Facebook' rel=\"noopener\"><span class='avia_hidden_link_text'>Compartir en Facebook<\/span><\/a><\/li><li class='av-share-link av-social-link-twitter' ><a target=\"_blank\" aria-label=\"Compartir en Twitter\" href='https:\/\/twitter.com\/share?text=Seremis%20del%20MOP%20y%20Transportes%20exponen%20avances%20en%20construcci%C3%B3n%20del%20plan%20de%20conectividad%20ante%20comisi%C3%B3n%20del%20Consejo%20Regional%20Ays%C3%A9n&#038;url=https:\/\/radiorevelacionfm.cl\/?p=22348' aria-hidden='false' data-av_icon='\ue8f1' data-av_iconfont='entypo-fontello' title='' data-avia-related-tooltip='Compartir en Twitter' rel=\"noopener\"><span class='avia_hidden_link_text'>Compartir en Twitter<\/span><\/a><\/li><li class='av-share-link av-social-link-whatsapp' ><a target=\"_blank\" aria-label=\"Compartir en Whatsapp\" href='https:\/\/api.whatsapp.com\/send?text=https:\/\/radiorevelacionfm.cl\/?p=22348' aria-hidden='false' data-av_icon='\uf232' data-av_iconfont='entypo-fontello' title='' data-avia-related-tooltip='Compartir en Whatsapp' rel=\"noopener\"><span class='avia_hidden_link_text'>Compartir en Whatsapp<\/span><\/a><\/li><li class='av-share-link av-social-link-linkedin' ><a target=\"_blank\" aria-label=\"Compartir en LinkedIn\" href='https:\/\/linkedin.com\/shareArticle?mini=true&#038;title=Seremis%20del%20MOP%20y%20Transportes%20exponen%20avances%20en%20construcci%C3%B3n%20del%20plan%20de%20conectividad%20ante%20comisi%C3%B3n%20del%20Consejo%20Regional%20Ays%C3%A9n&#038;url=https:\/\/radiorevelacionfm.cl\/?p=22348' aria-hidden='false' data-av_icon='\ue8fc' data-av_iconfont='entypo-fontello' title='' data-avia-related-tooltip='Compartir en LinkedIn' rel=\"noopener\"><span class='avia_hidden_link_text'>Compartir en LinkedIn<\/span><\/a><\/li><li class='av-share-link av-social-link-mail' ><a  aria-label=\"Compartir por correo\" href='mailto:?subject=Seremis%20del%20MOP%20y%20Transportes%20exponen%20avances%20en%20construcci%C3%B3n%20del%20plan%20de%20conectividad%20ante%20comisi%C3%B3n%20del%20Consejo%20Regional%20Ays%C3%A9n&#038;body=https:\/\/radiorevelacionfm.cl\/?p=22348' aria-hidden='false' data-av_icon='\ue805' data-av_iconfont='entypo-fontello' title='' data-avia-related-tooltip='Compartir por correo'><span class='avia_hidden_link_text'>Compartir por correo<\/span><\/a><\/li><\/ul><\/div><\/div>\n<div  style='height:50px' class='hr hr-invisible   avia-builder-el-8  el_after_av_social_share  el_before_av_comments_list '><span class='hr-inner ' ><span class='hr-inner-style'><\/span><\/span><\/div>\n<div  class='av-buildercomment  av-blog-meta-html-info-disabled av-blog-meta-tag-disabled  '><\/div>\n","protected":false},"excerpt":{"rendered":"","protected":false},"author":1,"featured_media":22349,"comment_status":"open","ping_status":"open","sticky":false,"template":"","format":"standard","meta":{"footnotes":""},"categories":[38],"tags":[],"class_list":["post-22348","post","type-post","status-publish","format-standard","has-post-thumbnail","hentry","category-regional"],"jetpack_featured_media_url":"https:\/\/radiorevelacionfm.cl\/wp-content\/uploads\/2022\/09\/4-68-1-1.jpg","_links":{"self":[{"href":"https:\/\/radiorevelacionfm.cl\/index.php?rest_route=\/wp\/v2\/posts\/22348","targetHints":{"allow":["GET"]}}],"collection":[{"href":"https:\/\/radiorevelacionfm.cl\/index.php?rest_route=\/wp\/v2\/posts"}],"about":[{"href":"https:\/\/radiorevelacionfm.cl\/index.php?rest_route=\/wp\/v2\/types\/post"}],"author":[{"embeddable":true,"href":"https:\/\/radiorevelacionfm.cl\/index.php?rest_route=\/wp\/v2\/users\/1"}],"replies":[{"embeddable":true,"href":"https:\/\/radiorevelacionfm.cl\/index.php?rest_route=%2Fwp%2Fv2%2Fcomments&post=22348"}],"version-history":[{"count":2,"href":"https:\/\/radiorevelacionfm.cl\/index.php?rest_route=\/wp\/v2\/posts\/22348\/revisions"}],"predecessor-version":[{"id":22360,"href":"https:\/\/radiorevelacionfm.cl\/index.php?rest_route=\/wp\/v2\/posts\/22348\/revisions\/22360"}],"wp:featuredmedia":[{"embeddable":true,"href":"https:\/\/radiorevelacionfm.cl\/index.php?rest_route=\/wp\/v2\/media\/22349"}],"wp:attachment":[{"href":"https:\/\/radiorevelacionfm.cl\/index.php?rest_route=%2Fwp%2Fv2%2Fmedia&parent=22348"}],"wp:term":[{"taxonomy":"category","embeddable":true,"href":"https:\/\/radiorevelacionfm.cl\/index.php?rest_route=%2Fwp%2Fv2%2Fcategories&post=22348"},{"taxonomy":"post_tag","embeddable":true,"href":"https:\/\/radiorevelacionfm.cl\/index.php?rest_route=%2Fwp%2Fv2%2Ftags&post=22348"}],"curies":[{"name":"wp","href":"https:\/\/api.w.org\/{rel}","templated":true}]}}