{"id":22345,"date":"2022-09-29T09:52:30","date_gmt":"2022-09-29T12:52:30","guid":{"rendered":"https:\/\/radiorevelacionfm.cl\/?p=22345"},"modified":"2022-09-29T09:54:51","modified_gmt":"2022-09-29T12:54:51","slug":"firman-convenio-para-habilitar-oficina-del-consultorio-juridico-al-interior-de-la-delegacion-en-cochrane","status":"publish","type":"post","link":"https:\/\/radiorevelacionfm.cl\/?p=22345","title":{"rendered":"Firman convenio para habilitar oficina del Consultorio Jur\u00eddico en delegaci\u00f3n de Cochrane"},"content":{"rendered":"<div class=\"flex_column av_one_full  flex_column_div av-zero-column-padding first  avia-builder-el-0  el_before_av_one_full  avia-builder-el-first  \" style='border-radius:0px; '><div  class='avia-image-container  av-styling-    avia-builder-el-1  avia-builder-el-no-sibling  avia-align-center '  itemprop=\"image\" itemscope=\"itemscope\" itemtype=\"https:\/\/schema.org\/ImageObject\"  ><div class='avia-image-container-inner'><div class='avia-image-overlay-wrap'><img decoding=\"async\" class='wp-image-22346 avia-img-lazy-loading-not-22346 avia_image' src=\"https:\/\/radiorevelacionfm.cl\/wp-content\/uploads\/2022\/09\/convenio-cochrane-3-1-1-1.jpg\" alt='' title='convenio cochrane 3-1 (1) (1)' height=\"600\" width=\"933\"  itemprop=\"thumbnailUrl\" srcset=\"https:\/\/radiorevelacionfm.cl\/wp-content\/uploads\/2022\/09\/convenio-cochrane-3-1-1-1.jpg 933w, https:\/\/radiorevelacionfm.cl\/wp-content\/uploads\/2022\/09\/convenio-cochrane-3-1-1-1-300x193.jpg 300w, https:\/\/radiorevelacionfm.cl\/wp-content\/uploads\/2022\/09\/convenio-cochrane-3-1-1-1-768x494.jpg 768w, https:\/\/radiorevelacionfm.cl\/wp-content\/uploads\/2022\/09\/convenio-cochrane-3-1-1-1-705x453.jpg 705w, https:\/\/radiorevelacionfm.cl\/wp-content\/uploads\/2022\/09\/convenio-cochrane-3-1-1-1-600x386.jpg 600w\" sizes=\"(max-width: 933px) 100vw, 933px\" \/><\/div><\/div><\/div><\/div>\n<div class=\"flex_column av_one_full  flex_column_div av-zero-column-padding first  avia-builder-el-2  el_after_av_one_full  el_before_av_one_full  column-top-margin\" style='border-radius:0px; '><section class=\"av_textblock_section \"  itemscope=\"itemscope\" itemtype=\"https:\/\/schema.org\/BlogPosting\" itemprop=\"blogPost\" ><div class='avia_textblock  '   itemprop=\"text\" ><p style=\"text-align: center;\"><strong><span style=\"font-size: 18pt;\">Firman convenio para habilitar oficina del Consultorio Jur\u00eddico en delegaci\u00f3n de Cochrane<\/span><\/strong><\/p>\n<div id=\"gtx-trans\" style=\"position: absolute; left: -50px; top: 4.31534px;\">\n<div class=\"gtx-trans-icon\"><\/div>\n<\/div>\n<\/div><\/section><\/div><div class=\"flex_column av_one_full  flex_column_div av-zero-column-padding first  avia-builder-el-4  el_after_av_one_full  el_before_av_hr  column-top-margin\" style='border-radius:0px; '><section class=\"av_textblock_section \"  itemscope=\"itemscope\" itemtype=\"https:\/\/schema.org\/BlogPosting\" itemprop=\"blogPost\" ><div class='avia_textblock  '   itemprop=\"text\" ><p style=\"text-align: justify;\">Con el objetivo de entregar una atenci\u00f3n en un mejor espacio f\u00edsico para los usuarios y funcionarios, la Corporaci\u00f3n de Asistencia Judicial del B\u00edo B\u00edo y la Delegaci\u00f3n Presidencial Provincial de Capit\u00e1n Prat firmaron un convenio de colaboraci\u00f3n, lo que se traduce en disponer de oficinas habilitadas para la atenci\u00f3n del Consultorio Jur\u00eddico al interior de la Delegaci\u00f3n Presidencial Provincial en Cochrane.<\/p>\n<p style=\"text-align: justify;\">La actividad se realiz\u00f3 en dependencias de la Corporaci\u00f3n de Asistencia Judicial en Coyhaique, y cont\u00f3 con la presencia del Seremi de Justicia y Derechos Humanos Samuel Navarro Castro, la Delegada Presidencial de la Provincia Capit\u00e1n Prat Marta Montiel y la Directora Regional (s) de la Corporaci\u00f3n de Asistencia Judicial Mar\u00eda Francisca Vilches.<\/p>\n<p style=\"text-align: justify;\">La Delegada Presidencial de la Provincia Capit\u00e1n Prat Marta Montiel Alarc\u00f3n se refiri\u00f3 a este importante convenio indicando que \u201ces de significativa relevancia, dado que la provincia de Capit\u00e1n Prat cuenta con una diversidad geogr\u00e1fica bastante amplia, y cuenta con mucha poblaci\u00f3n en situaci\u00f3n de vulnerabilidad y hoy el acceso a la Justicia no es comercial, por lo tanto como Estado y como Gobierno estamos preocupados\u00a0 que llegue a todos y todas, es por eso que debemos velar que la infraestructura f\u00edsica que disponemos como Estado para nuestros profesionales y nuestros usuarios sea la m\u00e1s \u00f3ptima y considerando que en la delegaci\u00f3n presidencial provincial de Capit\u00e1n Prat, que es uno de los edificios m\u00e1s antiguos de la provincia hoy d\u00eda se cuenta con disponibilidad de un espacio adecuado y apropiado de acceso universal para nuestros usuarios, es fundamental adem\u00e1s la coordinaci\u00f3n que vamos a tener de manera m\u00e1s directa con quienes llegan desde los distintos puntos de la provincia, que vienen a hacer las consultas propias de la delegaci\u00f3n y sean derivados de manera m\u00e1s expedita, y reforzando tambi\u00e9n las condiciones de trabajo digno y tambi\u00e9n de una atenci\u00f3n de calidad, para quienes concurran a requerir de esta orientaci\u00f3n y asesor\u00eda jur\u00eddica\u201d.<\/p>\n<p style=\"text-align: justify;\">Mientras que la Directora Regional (s) de la CAJ B\u00edo B\u00edo Mar\u00eda Francisca Vilches entreg\u00f3 detalles de este convenio, el que esperan ejecutar en los pr\u00f3ximos d\u00edas se\u00f1alando que\u00a0 \u201ceste convenio se traduce en que las oficinas de la Corporaci\u00f3n de Asistencia Judicial se trasladan a las dependencias de la delegaci\u00f3n ubicada en calle Esmeralda #199, quienes nos han cedido estas dependencias para que la Corporaci\u00f3n de Asistencia Judicial pueda contar con mejores instalaciones para que los funcionarios se sientan m\u00e1s c\u00f3modos, puedan atender de una mejor forma y en definitiva entregar un mejor servicio y acceso a la Justicia de los usuarios y usuarias de la provincia Capit\u00e1n Prat\u201d.<\/p>\n<p style=\"text-align: justify;\">En tanto, el Seremi de Justicia y Derechos Humanos Samuel Navarro Castro se refiri\u00f3 a la materializaci\u00f3n de uno de los aspectos a mejorar al iniciar su mandato, y que se traduc\u00eda en ofrecer mejores espacios de atenci\u00f3n a usuarios y a los funcionarios que se desempe\u00f1an en los servicios del sector se\u00f1alando que \u201cen estos meses de gesti\u00f3n hemos hecho una visita pormenorizada a las distintas instalaciones, distintos servicios dependientes de la cartera de Justicia y Derechos Humanos, y nos hemos preocupado de ofrecer mejores instalaciones y servicios para atender al p\u00fablico usuario, as\u00ed es como en la ciudad de Cochrane en conjunto con la Delegaci\u00f3n Presidencial Provincial de Capit\u00e1n Prat y su delegada Marta Montiel establecimos conversaciones para ver la posibilidad de alojar en instalaciones de la Delegaci\u00f3n para la Corporaci\u00f3n de Asistencia Judicial particularmente al Consultorio de Cochrane, toda vez que si bien es cierto se estaba prestando el servicio en dicha ciudad y provincia, cre\u00edamos que pod\u00edamos otorgar mejores condiciones de infraestructura para la atenci\u00f3n jur\u00eddica gratuita que requieren los ciudadanos de Cochrane, Tortel y Villa O\u00b4higgins que concurren diariamente a esas oficinas\u201d.<\/p>\n<p style=\"text-align: justify;\">Finalmente, cabe precisar que la Corporaci\u00f3n de Asistencia Judicial del B\u00edo B\u00edo podr\u00e1 en el corto plazo iniciar atenciones en jornadas de lunes a viernes desde las 9:00 a 14:00 horas en las dependencias entregadas, y que estar\u00e1n al interior del edificio de la Delegaci\u00f3n Presidencial Provincial, con entrada y salida independiente por calle Esmeralda N\u00b0199 en Cochrane.<\/p>\n<\/div><\/section><\/div><\/p>\n<div  style='height:50px' class='hr hr-invisible   avia-builder-el-6  el_after_av_one_full  el_before_av_social_share '><span class='hr-inner ' ><span class='hr-inner-style'><\/span><\/span><\/div>\n<div  class='av-social-sharing-box  avia-builder-el-7  el_after_av_hr  el_before_av_hr  '><div class='av-share-box'><h5 class='av-share-link-description av-no-toc '>Compartir esta noticia<\/h5><ul class='av-share-box-list noLightbox'><li class='av-share-link av-social-link-facebook' ><a target=\"_blank\" aria-label=\"Compartir en Facebook\" href='https:\/\/www.facebook.com\/sharer.php?u=https:\/\/radiorevelacionfm.cl\/?p=22345&#038;t=Firman%20convenio%20para%20habilitar%20oficina%20del%20Consultorio%20Jur%C3%ADdico%20en%20delegaci%C3%B3n%20de%20Cochrane' aria-hidden='false' data-av_icon='\ue8f3' data-av_iconfont='entypo-fontello' title='' data-avia-related-tooltip='Compartir en Facebook' rel=\"noopener\"><span class='avia_hidden_link_text'>Compartir en Facebook<\/span><\/a><\/li><li class='av-share-link av-social-link-twitter' ><a target=\"_blank\" aria-label=\"Compartir en Twitter\" href='https:\/\/twitter.com\/share?text=Firman%20convenio%20para%20habilitar%20oficina%20del%20Consultorio%20Jur%C3%ADdico%20en%20delegaci%C3%B3n%20de%20Cochrane&#038;url=https:\/\/radiorevelacionfm.cl\/?p=22345' aria-hidden='false' data-av_icon='\ue8f1' data-av_iconfont='entypo-fontello' title='' data-avia-related-tooltip='Compartir en Twitter' rel=\"noopener\"><span class='avia_hidden_link_text'>Compartir en Twitter<\/span><\/a><\/li><li class='av-share-link av-social-link-whatsapp' ><a target=\"_blank\" aria-label=\"Compartir en Whatsapp\" href='https:\/\/api.whatsapp.com\/send?text=https:\/\/radiorevelacionfm.cl\/?p=22345' aria-hidden='false' data-av_icon='\uf232' data-av_iconfont='entypo-fontello' title='' data-avia-related-tooltip='Compartir en Whatsapp' rel=\"noopener\"><span class='avia_hidden_link_text'>Compartir en Whatsapp<\/span><\/a><\/li><li class='av-share-link av-social-link-linkedin' ><a target=\"_blank\" aria-label=\"Compartir en LinkedIn\" href='https:\/\/linkedin.com\/shareArticle?mini=true&#038;title=Firman%20convenio%20para%20habilitar%20oficina%20del%20Consultorio%20Jur%C3%ADdico%20en%20delegaci%C3%B3n%20de%20Cochrane&#038;url=https:\/\/radiorevelacionfm.cl\/?p=22345' aria-hidden='false' data-av_icon='\ue8fc' data-av_iconfont='entypo-fontello' title='' data-avia-related-tooltip='Compartir en LinkedIn' rel=\"noopener\"><span class='avia_hidden_link_text'>Compartir en LinkedIn<\/span><\/a><\/li><li class='av-share-link av-social-link-mail' ><a  aria-label=\"Compartir por correo\" href='mailto:?subject=Firman%20convenio%20para%20habilitar%20oficina%20del%20Consultorio%20Jur%C3%ADdico%20en%20delegaci%C3%B3n%20de%20Cochrane&#038;body=https:\/\/radiorevelacionfm.cl\/?p=22345' aria-hidden='false' data-av_icon='\ue805' data-av_iconfont='entypo-fontello' title='' data-avia-related-tooltip='Compartir por correo'><span class='avia_hidden_link_text'>Compartir por correo<\/span><\/a><\/li><\/ul><\/div><\/div>\n<div  style='height:50px' class='hr hr-invisible   avia-builder-el-8  el_after_av_social_share  el_before_av_comments_list '><span class='hr-inner ' ><span class='hr-inner-style'><\/span><\/span><\/div>\n<div  class='av-buildercomment  av-blog-meta-html-info-disabled av-blog-meta-tag-disabled  '><\/div>\n","protected":false},"excerpt":{"rendered":"","protected":false},"author":1,"featured_media":22346,"comment_status":"open","ping_status":"open","sticky":false,"template":"","format":"standard","meta":{"footnotes":""},"categories":[55],"tags":[],"class_list":["post-22345","post","type-post","status-publish","format-standard","has-post-thumbnail","hentry","category-justicia"],"jetpack_featured_media_url":"https:\/\/radiorevelacionfm.cl\/wp-content\/uploads\/2022\/09\/convenio-cochrane-3-1-1-1.jpg","_links":{"self":[{"href":"https:\/\/radiorevelacionfm.cl\/index.php?rest_route=\/wp\/v2\/posts\/22345","targetHints":{"allow":["GET"]}}],"collection":[{"href":"https:\/\/radiorevelacionfm.cl\/index.php?rest_route=\/wp\/v2\/posts"}],"about":[{"href":"https:\/\/radiorevelacionfm.cl\/index.php?rest_route=\/wp\/v2\/types\/post"}],"author":[{"embeddable":true,"href":"https:\/\/radiorevelacionfm.cl\/index.php?rest_route=\/wp\/v2\/users\/1"}],"replies":[{"embeddable":true,"href":"https:\/\/radiorevelacionfm.cl\/index.php?rest_route=%2Fwp%2Fv2%2Fcomments&post=22345"}],"version-history":[{"count":3,"href":"https:\/\/radiorevelacionfm.cl\/index.php?rest_route=\/wp\/v2\/posts\/22345\/revisions"}],"predecessor-version":[{"id":22362,"href":"https:\/\/radiorevelacionfm.cl\/index.php?rest_route=\/wp\/v2\/posts\/22345\/revisions\/22362"}],"wp:featuredmedia":[{"embeddable":true,"href":"https:\/\/radiorevelacionfm.cl\/index.php?rest_route=\/wp\/v2\/media\/22346"}],"wp:attachment":[{"href":"https:\/\/radiorevelacionfm.cl\/index.php?rest_route=%2Fwp%2Fv2%2Fmedia&parent=22345"}],"wp:term":[{"taxonomy":"category","embeddable":true,"href":"https:\/\/radiorevelacionfm.cl\/index.php?rest_route=%2Fwp%2Fv2%2Fcategories&post=22345"},{"taxonomy":"post_tag","embeddable":true,"href":"https:\/\/radiorevelacionfm.cl\/index.php?rest_route=%2Fwp%2Fv2%2Ftags&post=22345"}],"curies":[{"name":"wp","href":"https:\/\/api.w.org\/{rel}","templated":true}]}}