{"id":22342,"date":"2022-09-29T09:44:49","date_gmt":"2022-09-29T12:44:49","guid":{"rendered":"https:\/\/radiorevelacionfm.cl\/?p=22342"},"modified":"2022-09-29T09:44:49","modified_gmt":"2022-09-29T12:44:49","slug":"educacion-realizo-la-primera-feria-de-lectura-y-escritura-seamos-comunidad-en-cochrane","status":"publish","type":"post","link":"https:\/\/radiorevelacionfm.cl\/?p=22342","title":{"rendered":"Educaci\u00f3n realiz\u00f3 la primera Feria de Lectura y Escritura Seamos Comunidad en Cochrane"},"content":{"rendered":"<div class=\"flex_column av_one_full  flex_column_div av-zero-column-padding first  avia-builder-el-0  el_before_av_one_full  avia-builder-el-first  \" style='border-radius:0px; '><div  class='avia-image-container  av-styling-    avia-builder-el-1  avia-builder-el-no-sibling  avia-align-center '  itemprop=\"image\" itemscope=\"itemscope\" itemtype=\"https:\/\/schema.org\/ImageObject\"  ><div class='avia-image-container-inner'><div class='avia-image-overlay-wrap'><img decoding=\"async\" class='wp-image-22343 avia-img-lazy-loading-not-22343 avia_image' src=\"https:\/\/radiorevelacionfm.cl\/wp-content\/uploads\/2022\/09\/fotos-feria-cochrane-00-1_optimized.jpg\" alt='' title='fotos-feria-cochrane-00-(1)_optimized' height=\"600\" width=\"901\"  itemprop=\"thumbnailUrl\" srcset=\"https:\/\/radiorevelacionfm.cl\/wp-content\/uploads\/2022\/09\/fotos-feria-cochrane-00-1_optimized.jpg 901w, https:\/\/radiorevelacionfm.cl\/wp-content\/uploads\/2022\/09\/fotos-feria-cochrane-00-1_optimized-300x200.jpg 300w, https:\/\/radiorevelacionfm.cl\/wp-content\/uploads\/2022\/09\/fotos-feria-cochrane-00-1_optimized-768x511.jpg 768w, https:\/\/radiorevelacionfm.cl\/wp-content\/uploads\/2022\/09\/fotos-feria-cochrane-00-1_optimized-705x469.jpg 705w, https:\/\/radiorevelacionfm.cl\/wp-content\/uploads\/2022\/09\/fotos-feria-cochrane-00-1_optimized-600x400.jpg 600w\" sizes=\"(max-width: 901px) 100vw, 901px\" \/><\/div><\/div><\/div><\/div><div class=\"flex_column av_one_full  flex_column_div av-zero-column-padding first  avia-builder-el-2  el_after_av_one_full  el_before_av_one_full  column-top-margin\" style='border-radius:0px; '><section class=\"av_textblock_section \"  itemscope=\"itemscope\" itemtype=\"https:\/\/schema.org\/BlogPosting\" itemprop=\"blogPost\" ><div class='avia_textblock  '   itemprop=\"text\" ><p style=\"text-align: center;\"><strong><span style=\"font-size: 18pt;\">Educaci\u00f3n realiz\u00f3 la primera Feria de Lectura y Escritura Seamos Comunidad en Cochrane<\/span><\/strong><\/p>\n<div id=\"gtx-trans\" style=\"position: absolute; left: -50px; top: 4.31534px;\">\n<div class=\"gtx-trans-icon\"><\/div>\n<\/div>\n<\/div><\/section><\/div><div class=\"flex_column av_one_full  flex_column_div av-zero-column-padding first  avia-builder-el-4  el_after_av_one_full  el_before_av_hr  column-top-margin\" style='border-radius:0px; '><section class=\"av_textblock_section \"  itemscope=\"itemscope\" itemtype=\"https:\/\/schema.org\/BlogPosting\" itemprop=\"blogPost\" ><div class='avia_textblock  '   itemprop=\"text\" ><p class=\"v1MsoNormal\" style=\"text-align: justify;\">En el marco de la\u00a0<span lang=\"ES\"><a href=\"https:\/\/nam02.safelinks.protection.outlook.com\/?url=https%3A%2F%2Fseamoscomunidad.mineduc.cl%2F&amp;data=05%7C01%7Ccamilo.gomez%40mineduc.cl%7Ced4ee30ad7924acffae108da7cacee89%7C2e4cfe500580414093874ecde39def60%7C0%7C0%7C637959379489873044%7CUnknown%7CTWFpbGZsb3d8eyJWIjoiMC4wLjAwMDAiLCJQIjoiV2luMzIiLCJBTiI6Ik1haWwiLCJXVCI6Mn0%3D%7C3000%7C%7C%7C&amp;sdata=wDaZhdKkjDOGTIgVns%2B1u47HAFHB6F27B2G3JlJHUFw%3D&amp;reserved=0\" target=\"_blank\" rel=\"noopener noreferrer\"><span lang=\"ES-CL\">Pol\u00edtica de Reactivaci\u00f3n Educativa Integral \u201cSeamos Comunidad\u201d<\/span><\/a><\/span>\u00a0del Ministerio de Educaci\u00f3n, la Seremi de Educaci\u00f3n Isabel Garrido\u00a0 Casassa y el Jefe del Departamento Provincial de Educaci\u00f3n Coyhaique Yoal D\u00edaz Reyes inauguraron la Feria de Lectura y Escritura en el Mercado Municipal de Cochrane.<\/p>\n<p class=\"v1MsoNormal\" style=\"text-align: justify;\">La muestra cont\u00f3 con la participaci\u00f3n del reconocido payador Jorge Contreras, quien realiz\u00f3 una presentaci\u00f3n taller inspirada en la Patagonia. Tambi\u00e9n se present\u00f3 el acordeonista cochranino Danilo Cruces, y la Batucada Raymi Newen de Coyhaique recorri\u00f3 las calles de la capital de la Provincia Capit\u00e1n Prat. En la actividad adem\u00e1s se hicieron presentes comunidades educativas de colegios municipales y jardines infantiles de Cochrane y Villa OHiggins.<\/p>\n<p class=\"v1MsoNormal\" style=\"text-align: justify;\">Esta es la primera de cuatro ferias que se desarrollar\u00e1n en localidades de la cuatro provincias de la Regi\u00f3n de Ays\u00e9n y en ellas se efectuar\u00e1n\u00a0 actividades participativas en torno a la experimentaci\u00f3n, la escritura y lectura creativas, la expresi\u00f3n corporal y la ecolog\u00eda para estudiantes y docentes, as\u00ed como talleres abiertos, procurando vincular las comunidades en distintos niveles: escolar, comunitario y territorial, integrando sus actores e instituciones en funci\u00f3n de promover la lectura y la escritura.<\/p>\n<p class=\"v1MsoNormal\" style=\"text-align: justify;\">En su intervenci\u00f3n, Isabel Garrido expres\u00f3. \u201cCon actividades como esta queremos impulsar el reencuentro educativo bajo la premisa Seamos Comunidad, espec\u00edficamente en uno de sus ejes que es la Lecto Escritura. Sabemos que muchos ni\u00f1os han estado alejados del m\u00e1gico mundo de la lectura y por ello estamos impulsando este reencuentro cari\u00f1oso de las ni\u00f1as y ni\u00f1os con los libros y la lectura y tambi\u00e9n queremos fomentarla en los adultos;\u00a0 de eso se trata esta feria\u201d.<\/p>\n<p class=\"v1MsoNormal\" style=\"text-align: justify;\">Los ni\u00f1os y sus familias de Cochrane fueron los protagonistas de esta feria, ya que interactuaron con los libros y realizaron un compromiso personal con la lectura.<\/p>\n<\/div><\/section><\/div><div  style='height:50px' class='hr hr-invisible   avia-builder-el-6  el_after_av_one_full  el_before_av_social_share '><span class='hr-inner ' ><span class='hr-inner-style'><\/span><\/span><\/div><\/p>\n<div  class='av-social-sharing-box  avia-builder-el-7  el_after_av_hr  el_before_av_hr  '><div class='av-share-box'><h5 class='av-share-link-description av-no-toc '>Compartir esta noticia<\/h5><ul class='av-share-box-list noLightbox'><li class='av-share-link av-social-link-facebook' ><a target=\"_blank\" aria-label=\"Compartir en Facebook\" href='https:\/\/www.facebook.com\/sharer.php?u=https:\/\/radiorevelacionfm.cl\/?p=22342&#038;t=Educaci%C3%B3n%20realiz%C3%B3%20la%20primera%20Feria%20de%20Lectura%20y%20Escritura%20Seamos%20Comunidad%20en%20Cochrane' aria-hidden='false' data-av_icon='\ue8f3' data-av_iconfont='entypo-fontello' title='' data-avia-related-tooltip='Compartir en Facebook' rel=\"noopener\"><span class='avia_hidden_link_text'>Compartir en Facebook<\/span><\/a><\/li><li class='av-share-link av-social-link-twitter' ><a target=\"_blank\" aria-label=\"Compartir en Twitter\" href='https:\/\/twitter.com\/share?text=Educaci%C3%B3n%20realiz%C3%B3%20la%20primera%20Feria%20de%20Lectura%20y%20Escritura%20Seamos%20Comunidad%20en%20Cochrane&#038;url=https:\/\/radiorevelacionfm.cl\/?p=22342' aria-hidden='false' data-av_icon='\ue8f1' data-av_iconfont='entypo-fontello' title='' data-avia-related-tooltip='Compartir en Twitter' rel=\"noopener\"><span class='avia_hidden_link_text'>Compartir en Twitter<\/span><\/a><\/li><li class='av-share-link av-social-link-whatsapp' ><a target=\"_blank\" aria-label=\"Compartir en Whatsapp\" href='https:\/\/api.whatsapp.com\/send?text=https:\/\/radiorevelacionfm.cl\/?p=22342' aria-hidden='false' data-av_icon='\uf232' data-av_iconfont='entypo-fontello' title='' data-avia-related-tooltip='Compartir en Whatsapp' rel=\"noopener\"><span class='avia_hidden_link_text'>Compartir en Whatsapp<\/span><\/a><\/li><li class='av-share-link av-social-link-linkedin' ><a target=\"_blank\" aria-label=\"Compartir en LinkedIn\" href='https:\/\/linkedin.com\/shareArticle?mini=true&#038;title=Educaci%C3%B3n%20realiz%C3%B3%20la%20primera%20Feria%20de%20Lectura%20y%20Escritura%20Seamos%20Comunidad%20en%20Cochrane&#038;url=https:\/\/radiorevelacionfm.cl\/?p=22342' aria-hidden='false' data-av_icon='\ue8fc' data-av_iconfont='entypo-fontello' title='' data-avia-related-tooltip='Compartir en LinkedIn' rel=\"noopener\"><span class='avia_hidden_link_text'>Compartir en LinkedIn<\/span><\/a><\/li><li class='av-share-link av-social-link-mail' ><a  aria-label=\"Compartir por correo\" href='mailto:?subject=Educaci%C3%B3n%20realiz%C3%B3%20la%20primera%20Feria%20de%20Lectura%20y%20Escritura%20Seamos%20Comunidad%20en%20Cochrane&#038;body=https:\/\/radiorevelacionfm.cl\/?p=22342' aria-hidden='false' data-av_icon='\ue805' data-av_iconfont='entypo-fontello' title='' data-avia-related-tooltip='Compartir por correo'><span class='avia_hidden_link_text'>Compartir por correo<\/span><\/a><\/li><\/ul><\/div><\/div>\n<div  style='height:50px' class='hr hr-invisible   avia-builder-el-8  el_after_av_social_share  el_before_av_comments_list '><span class='hr-inner ' ><span class='hr-inner-style'><\/span><\/span><\/div>\n<div  class='av-buildercomment  av-blog-meta-html-info-disabled av-blog-meta-tag-disabled  '><\/div>\n","protected":false},"excerpt":{"rendered":"","protected":false},"author":1,"featured_media":22343,"comment_status":"open","ping_status":"open","sticky":false,"template":"","format":"standard","meta":{"footnotes":""},"categories":[49],"tags":[],"class_list":["post-22342","post","type-post","status-publish","format-standard","has-post-thumbnail","hentry","category-educacion"],"jetpack_featured_media_url":"https:\/\/radiorevelacionfm.cl\/wp-content\/uploads\/2022\/09\/fotos-feria-cochrane-00-1_optimized.jpg","_links":{"self":[{"href":"https:\/\/radiorevelacionfm.cl\/index.php?rest_route=\/wp\/v2\/posts\/22342","targetHints":{"allow":["GET"]}}],"collection":[{"href":"https:\/\/radiorevelacionfm.cl\/index.php?rest_route=\/wp\/v2\/posts"}],"about":[{"href":"https:\/\/radiorevelacionfm.cl\/index.php?rest_route=\/wp\/v2\/types\/post"}],"author":[{"embeddable":true,"href":"https:\/\/radiorevelacionfm.cl\/index.php?rest_route=\/wp\/v2\/users\/1"}],"replies":[{"embeddable":true,"href":"https:\/\/radiorevelacionfm.cl\/index.php?rest_route=%2Fwp%2Fv2%2Fcomments&post=22342"}],"version-history":[{"count":2,"href":"https:\/\/radiorevelacionfm.cl\/index.php?rest_route=\/wp\/v2\/posts\/22342\/revisions"}],"predecessor-version":[{"id":22361,"href":"https:\/\/radiorevelacionfm.cl\/index.php?rest_route=\/wp\/v2\/posts\/22342\/revisions\/22361"}],"wp:featuredmedia":[{"embeddable":true,"href":"https:\/\/radiorevelacionfm.cl\/index.php?rest_route=\/wp\/v2\/media\/22343"}],"wp:attachment":[{"href":"https:\/\/radiorevelacionfm.cl\/index.php?rest_route=%2Fwp%2Fv2%2Fmedia&parent=22342"}],"wp:term":[{"taxonomy":"category","embeddable":true,"href":"https:\/\/radiorevelacionfm.cl\/index.php?rest_route=%2Fwp%2Fv2%2Fcategories&post=22342"},{"taxonomy":"post_tag","embeddable":true,"href":"https:\/\/radiorevelacionfm.cl\/index.php?rest_route=%2Fwp%2Fv2%2Ftags&post=22342"}],"curies":[{"name":"wp","href":"https:\/\/api.w.org\/{rel}","templated":true}]}}