{"id":22336,"date":"2022-09-28T16:58:22","date_gmt":"2022-09-28T19:58:22","guid":{"rendered":"https:\/\/radiorevelacionfm.cl\/?p=22336"},"modified":"2022-09-28T17:22:41","modified_gmt":"2022-09-28T20:22:41","slug":"calisto-pide-incluir-en-ley-de-presupuesto-recursos-para-subsanar-deficit-de-computadores-para-estudiantes-de-colegios-subvencionados","status":"publish","type":"post","link":"https:\/\/radiorevelacionfm.cl\/?p=22336","title":{"rendered":"Parlamentarios piden incluir en ley de presupuesto recursos para subsanar d\u00e9ficit de computadores para estudiantes de colegios subvencionados"},"content":{"rendered":"<div class=\"flex_column av_one_full  flex_column_div av-zero-column-padding first  avia-builder-el-0  el_before_av_one_full  avia-builder-el-first  \" style='border-radius:0px; '><div  class='avia-image-container  av-styling-    avia-builder-el-1  avia-builder-el-no-sibling  avia-align-center '  itemprop=\"image\" itemscope=\"itemscope\" itemtype=\"https:\/\/schema.org\/ImageObject\"  ><div class='avia-image-container-inner'><div class='avia-image-overlay-wrap'><img decoding=\"async\" class='wp-image-22337 avia-img-lazy-loading-not-22337 avia_image' src=\"https:\/\/radiorevelacionfm.cl\/wp-content\/uploads\/2022\/09\/foto-calisto-tics1-1_optimized-1.jpg\" alt='' title='foto-calisto-tics1-(1)_optimized (1)' height=\"600\" width=\"1337\"  itemprop=\"thumbnailUrl\" srcset=\"https:\/\/radiorevelacionfm.cl\/wp-content\/uploads\/2022\/09\/foto-calisto-tics1-1_optimized-1.jpg 1337w, https:\/\/radiorevelacionfm.cl\/wp-content\/uploads\/2022\/09\/foto-calisto-tics1-1_optimized-1-300x135.jpg 300w, https:\/\/radiorevelacionfm.cl\/wp-content\/uploads\/2022\/09\/foto-calisto-tics1-1_optimized-1-1030x462.jpg 1030w, https:\/\/radiorevelacionfm.cl\/wp-content\/uploads\/2022\/09\/foto-calisto-tics1-1_optimized-1-768x345.jpg 768w, https:\/\/radiorevelacionfm.cl\/wp-content\/uploads\/2022\/09\/foto-calisto-tics1-1_optimized-1-705x316.jpg 705w, https:\/\/radiorevelacionfm.cl\/wp-content\/uploads\/2022\/09\/foto-calisto-tics1-1_optimized-1-600x269.jpg 600w\" sizes=\"(max-width: 1337px) 100vw, 1337px\" \/><\/div><\/div><\/div><\/div>\n<div class=\"flex_column av_one_full  flex_column_div av-zero-column-padding first  avia-builder-el-2  el_after_av_one_full  el_before_av_one_full  column-top-margin\" style='border-radius:0px; '><section class=\"av_textblock_section \"  itemscope=\"itemscope\" itemtype=\"https:\/\/schema.org\/BlogPosting\" itemprop=\"blogPost\" ><div class='avia_textblock  '   itemprop=\"text\" ><p style=\"text-align: center;\"><span style=\"font-size: 18pt;\"><b><span lang=\"ES\">Parlamentarios piden incluir en ley de presupuesto recursos para subsanar d\u00e9ficit de computadores para estudiantes de colegios subvencionados<\/span><\/b><\/span><\/p>\n<div id=\"gtx-trans\" style=\"position: absolute; left: -50px; top: 4.31534px;\">\n<div class=\"gtx-trans-icon\"><\/div>\n<\/div>\n<\/div><\/section><\/div><div class=\"flex_column av_one_full  flex_column_div av-zero-column-padding first  avia-builder-el-4  el_after_av_one_full  el_before_av_hr  column-top-margin\" style='border-radius:0px; '><section class=\"av_textblock_section \"  itemscope=\"itemscope\" itemtype=\"https:\/\/schema.org\/BlogPosting\" itemprop=\"blogPost\" ><div class='avia_textblock  '   itemprop=\"text\" ><p style=\"font-weight: 400; text-align: justify;\">Consciente de los problemas que viven los 35 mil estudiantes de colegios subvencionados que, a pesar de cumplir con los requisitos no han recibido los computadores de las Becas Tics, el diputado Miguel \u00c1ngel Calisto junto a un grupo transversal de parlamentarios, le pidieron al Gobierno que subsane esta situaci\u00f3n e incluya en la ley de presupuesto los recursos necesarios para garantizar la entrega de estos aparatos.<\/p>\n<p style=\"font-weight: 400; text-align: justify;\">Seg\u00fan el diputado Miguel \u00c1ngel Calisto, \u201cqueremos pedirle al Gobierno que pueda presentar al Congreso Nacional la solicitud de recursos a trav\u00e9s de la ley de presupuesto para que se garantice que todos los alumnos de s\u00e9ptimos b\u00e1sico de escuelas municipales, a trav\u00e9s del programa Me Conecto para Aprender, y el programa Yo elijo mi Pc para ni\u00f1os de Escuelas Subvencionadas, tengan asegurado su computador en S\u00e9ptimo b\u00e1sico\u201d.<\/p>\n<p style=\"font-weight: 400; text-align: justify;\">\u201cNosotros como bancada DC presentamos un proyecto de resoluci\u00f3n por este tema, porque \u00e9ste a\u00f1o 2022, el ministerio de educaci\u00f3n s\u00f3lo entreg\u00f3 un total de 116.973 becas a estudiantes de 3\u00b0 y 7\u00b0 a\u00f1o b\u00e1sico, privando del beneficio a cerca de 35.000 estudiantes pertenecientes a colegios subvencionados a lo largo del pa\u00eds. A pesar de contar con \u00edndices de vulnerabilidad similares a los estudiantes de colegios p\u00fablicos, vieron privadas sus aspiraciones debido a la baja del presupuesto\u201d, se\u00f1al\u00f3.<\/p>\n<p style=\"font-weight: 400; text-align: justify;\">El legislador asegur\u00f3 que \u201ces fundamental esta herramienta tecnol\u00f3gica para que los ni\u00f1os acorten las brechas educativas, sobre todo aquellos que viven en las zonas extremas. Hemos visto en este tiempo de pandemia lo fundamentales que se volvieron las herramientas tecnol\u00f3gicas, por eso es muy importante que el Gobierno presente los recursos para asegurar que todos los ni\u00f1os de s\u00e9ptimo b\u00e1sico tengan su computador, tanto de escuelas p\u00fablicas como de escuelas subvencionadas\u201d.<\/p>\n<p style=\"font-weight: 400; text-align: justify;\">Finalmente, el diputado Miguel \u00c1ngel Calisto se\u00f1al\u00f3 que \u201ctambi\u00e9n le pedimos al Gobierno que considere a todos los alumnos de los colegios particulares subvencionados en la entrega de computadores, que no sea s\u00f3lo para algunos, porque se produce una discriminaci\u00f3n que no ayuda en nada a mejorar la educaci\u00f3n en nuestro pa\u00eds\u201d.<\/p>\n<\/div><\/section><\/div><\/p>\n<div  style='height:50px' class='hr hr-invisible   avia-builder-el-6  el_after_av_one_full  el_before_av_social_share '><span class='hr-inner ' ><span class='hr-inner-style'><\/span><\/span><\/div>\n<div  class='av-social-sharing-box  avia-builder-el-7  el_after_av_hr  el_before_av_hr  '><div class='av-share-box'><h5 class='av-share-link-description av-no-toc '>Compartir esta noticia<\/h5><ul class='av-share-box-list noLightbox'><li class='av-share-link av-social-link-facebook' ><a target=\"_blank\" aria-label=\"Compartir en Facebook\" href='https:\/\/www.facebook.com\/sharer.php?u=https:\/\/radiorevelacionfm.cl\/?p=22336&#038;t=Parlamentarios%20piden%20incluir%20en%20ley%20de%20presupuesto%20recursos%20para%20subsanar%20d%C3%A9ficit%20de%20computadores%20para%20estudiantes%20de%20colegios%20subvencionados' aria-hidden='false' data-av_icon='\ue8f3' data-av_iconfont='entypo-fontello' title='' data-avia-related-tooltip='Compartir en Facebook' rel=\"noopener\"><span class='avia_hidden_link_text'>Compartir en Facebook<\/span><\/a><\/li><li class='av-share-link av-social-link-twitter' ><a target=\"_blank\" aria-label=\"Compartir en Twitter\" href='https:\/\/twitter.com\/share?text=Parlamentarios%20piden%20incluir%20en%20ley%20de%20presupuesto%20recursos%20para%20subsanar%20d%C3%A9ficit%20de%20computadores%20para%20estudiantes%20de%20colegios%20subvencionados&#038;url=https:\/\/radiorevelacionfm.cl\/?p=22336' aria-hidden='false' data-av_icon='\ue8f1' data-av_iconfont='entypo-fontello' title='' data-avia-related-tooltip='Compartir en Twitter' rel=\"noopener\"><span class='avia_hidden_link_text'>Compartir en Twitter<\/span><\/a><\/li><li class='av-share-link av-social-link-whatsapp' ><a target=\"_blank\" aria-label=\"Compartir en Whatsapp\" href='https:\/\/api.whatsapp.com\/send?text=https:\/\/radiorevelacionfm.cl\/?p=22336' aria-hidden='false' data-av_icon='\uf232' data-av_iconfont='entypo-fontello' title='' data-avia-related-tooltip='Compartir en Whatsapp' rel=\"noopener\"><span class='avia_hidden_link_text'>Compartir en Whatsapp<\/span><\/a><\/li><li class='av-share-link av-social-link-linkedin' ><a target=\"_blank\" aria-label=\"Compartir en LinkedIn\" href='https:\/\/linkedin.com\/shareArticle?mini=true&#038;title=Parlamentarios%20piden%20incluir%20en%20ley%20de%20presupuesto%20recursos%20para%20subsanar%20d%C3%A9ficit%20de%20computadores%20para%20estudiantes%20de%20colegios%20subvencionados&#038;url=https:\/\/radiorevelacionfm.cl\/?p=22336' aria-hidden='false' data-av_icon='\ue8fc' data-av_iconfont='entypo-fontello' title='' data-avia-related-tooltip='Compartir en LinkedIn' rel=\"noopener\"><span class='avia_hidden_link_text'>Compartir en LinkedIn<\/span><\/a><\/li><li class='av-share-link av-social-link-mail' ><a  aria-label=\"Compartir por correo\" href='mailto:?subject=Parlamentarios%20piden%20incluir%20en%20ley%20de%20presupuesto%20recursos%20para%20subsanar%20d%C3%A9ficit%20de%20computadores%20para%20estudiantes%20de%20colegios%20subvencionados&#038;body=https:\/\/radiorevelacionfm.cl\/?p=22336' aria-hidden='false' data-av_icon='\ue805' data-av_iconfont='entypo-fontello' title='' data-avia-related-tooltip='Compartir por correo'><span class='avia_hidden_link_text'>Compartir por correo<\/span><\/a><\/li><\/ul><\/div><\/div>\n<div  style='height:50px' class='hr hr-invisible   avia-builder-el-8  el_after_av_social_share  el_before_av_comments_list '><span class='hr-inner ' ><span class='hr-inner-style'><\/span><\/span><\/div>\n<div  class='av-buildercomment  av-blog-meta-html-info-disabled av-blog-meta-tag-disabled  '><\/div>\n","protected":false},"excerpt":{"rendered":"","protected":false},"author":1,"featured_media":22337,"comment_status":"open","ping_status":"open","sticky":false,"template":"","format":"standard","meta":{"footnotes":""},"categories":[35],"tags":[],"class_list":["post-22336","post","type-post","status-publish","format-standard","has-post-thumbnail","hentry","category-politica"],"jetpack_featured_media_url":"https:\/\/radiorevelacionfm.cl\/wp-content\/uploads\/2022\/09\/foto-calisto-tics1-1_optimized-1.jpg","_links":{"self":[{"href":"https:\/\/radiorevelacionfm.cl\/index.php?rest_route=\/wp\/v2\/posts\/22336","targetHints":{"allow":["GET"]}}],"collection":[{"href":"https:\/\/radiorevelacionfm.cl\/index.php?rest_route=\/wp\/v2\/posts"}],"about":[{"href":"https:\/\/radiorevelacionfm.cl\/index.php?rest_route=\/wp\/v2\/types\/post"}],"author":[{"embeddable":true,"href":"https:\/\/radiorevelacionfm.cl\/index.php?rest_route=\/wp\/v2\/users\/1"}],"replies":[{"embeddable":true,"href":"https:\/\/radiorevelacionfm.cl\/index.php?rest_route=%2Fwp%2Fv2%2Fcomments&post=22336"}],"version-history":[{"count":4,"href":"https:\/\/radiorevelacionfm.cl\/index.php?rest_route=\/wp\/v2\/posts\/22336\/revisions"}],"predecessor-version":[{"id":22340,"href":"https:\/\/radiorevelacionfm.cl\/index.php?rest_route=\/wp\/v2\/posts\/22336\/revisions\/22340"}],"wp:featuredmedia":[{"embeddable":true,"href":"https:\/\/radiorevelacionfm.cl\/index.php?rest_route=\/wp\/v2\/media\/22337"}],"wp:attachment":[{"href":"https:\/\/radiorevelacionfm.cl\/index.php?rest_route=%2Fwp%2Fv2%2Fmedia&parent=22336"}],"wp:term":[{"taxonomy":"category","embeddable":true,"href":"https:\/\/radiorevelacionfm.cl\/index.php?rest_route=%2Fwp%2Fv2%2Fcategories&post=22336"},{"taxonomy":"post_tag","embeddable":true,"href":"https:\/\/radiorevelacionfm.cl\/index.php?rest_route=%2Fwp%2Fv2%2Ftags&post=22336"}],"curies":[{"name":"wp","href":"https:\/\/api.w.org\/{rel}","templated":true}]}}