{"id":22327,"date":"2022-09-28T18:52:58","date_gmt":"2022-09-28T21:52:58","guid":{"rendered":"https:\/\/radiorevelacionfm.cl\/?p=22327"},"modified":"2022-09-28T18:52:58","modified_gmt":"2022-09-28T21:52:58","slug":"culmina-ciclo-de-talleres-presenciales-del-programa-mujer-y-participacion-politica-social","status":"publish","type":"post","link":"https:\/\/radiorevelacionfm.cl\/?p=22327","title":{"rendered":"Culmina ciclo de talleres presenciales del programa Mujer y Participaci\u00f3n Pol\u00edtica Social"},"content":{"rendered":"<div class=\"flex_column av_one_full  flex_column_div av-zero-column-padding first  avia-builder-el-0  el_before_av_one_full  avia-builder-el-first  \" style='border-radius:0px; '><div  class='avia-image-container  av-styling-    avia-builder-el-1  avia-builder-el-no-sibling  avia-align-center '  itemprop=\"image\" itemscope=\"itemscope\" itemtype=\"https:\/\/schema.org\/ImageObject\"  ><div class='avia-image-container-inner'><div class='avia-image-overlay-wrap'><img decoding=\"async\" class='wp-image-22329 avia-img-lazy-loading-not-22329 avia_image' src=\"https:\/\/radiorevelacionfm.cl\/wp-content\/uploads\/2022\/09\/fin-ciclo-talleres-as-5-1_optimized-1.jpg\" alt='' title='fin-ciclo-talleres-as-(5)-(1)_optimized (1)' height=\"600\" width=\"901\"  itemprop=\"thumbnailUrl\" srcset=\"https:\/\/radiorevelacionfm.cl\/wp-content\/uploads\/2022\/09\/fin-ciclo-talleres-as-5-1_optimized-1.jpg 901w, https:\/\/radiorevelacionfm.cl\/wp-content\/uploads\/2022\/09\/fin-ciclo-talleres-as-5-1_optimized-1-300x200.jpg 300w, https:\/\/radiorevelacionfm.cl\/wp-content\/uploads\/2022\/09\/fin-ciclo-talleres-as-5-1_optimized-1-768x511.jpg 768w, https:\/\/radiorevelacionfm.cl\/wp-content\/uploads\/2022\/09\/fin-ciclo-talleres-as-5-1_optimized-1-705x469.jpg 705w, https:\/\/radiorevelacionfm.cl\/wp-content\/uploads\/2022\/09\/fin-ciclo-talleres-as-5-1_optimized-1-600x400.jpg 600w\" sizes=\"(max-width: 901px) 100vw, 901px\" \/><\/div><\/div><\/div><\/div><div class=\"flex_column av_one_full  flex_column_div av-zero-column-padding first  avia-builder-el-2  el_after_av_one_full  el_before_av_one_full  column-top-margin\" style='border-radius:0px; '><section class=\"av_textblock_section \"  itemscope=\"itemscope\" itemtype=\"https:\/\/schema.org\/BlogPosting\" itemprop=\"blogPost\" ><div class='avia_textblock  '   itemprop=\"text\" ><p style=\"text-align: center;\"><strong><span style=\"font-size: 18pt;\">Culmina ciclo de talleres presenciales del programa Mujer y Participaci\u00f3n Pol\u00edtica Social<\/span><\/strong><\/p>\n<div id=\"gtx-trans\" style=\"position: absolute; left: -50px; top: 4.31534px;\">\n<div class=\"gtx-trans-icon\"><\/div>\n<\/div>\n<\/div><\/section><\/div><div class=\"flex_column av_one_full  flex_column_div av-zero-column-padding first  avia-builder-el-4  el_after_av_one_full  el_before_av_hr  column-top-margin\" style='border-radius:0px; '><section class=\"av_textblock_section \"  itemscope=\"itemscope\" itemtype=\"https:\/\/schema.org\/BlogPosting\" itemprop=\"blogPost\" ><div class='avia_textblock  '   itemprop=\"text\" ><p style=\"font-weight: 400; text-align: justify;\">Mujeres y dirigentas sociales de Ma\u00f1ihuales, Puerto Ays\u00e9n, Cerro Castillo, Coyhaique y Puerto Ingeniero Ib\u00e1\u00f1ez, asistieron a las actividades de sensibilizaci\u00f3n del programa Mujer y Participaci\u00f3n Pol\u00edtica y Social del Servicio Nacional de la Mujer y la Equidad de G\u00e9nero, SernamEG. El prop\u00f3sito de los talleres fue entregar elementos que aporten a la preparaci\u00f3n de sus participantes, con el objetivo de mejorar sus habilidades en el ejercicio de un liderazgo efectivo; con enfoque de g\u00e9nero, en las organizaciones a las que pertenecen.<\/p>\n<p style=\"font-weight: 400; text-align: justify;\">Junto con destacar la alta participaci\u00f3n de las mujeres en los territorios, la Directora Regional (S) de SernamEG, Carla Arriagada Malague\u00f1o, se refiri\u00f3 al sentido que persiguen las actividades de sensibilizaci\u00f3n. \u201cSe busca cuestionar los estereotipos de g\u00e9nero y c\u00f3mo generan desigualdades, brechas y barreras dentro del desarrollo de las mujeres, en los distintos espacios en los cuales ellas se mueven. C\u00f3mo es que las barreras que existen en el acceso a diferentes carreras, profesiones u oficios impactan en su desarrollo econ\u00f3mico; y a la vez, en t\u00e9rminos emocionales, al no tener un reconocimiento a las labores que desarrollamos. Asimismo, se visualiza el contexto en el cual nosotras ocupamos cargos de representaci\u00f3n pol\u00edtica o social. Entonces, este modelo program\u00e1tico nos lleva a preguntarnos c\u00f3mo es que estamos o no estamos representadas y cu\u00e1les son las condiciones bajo las cuales podemos insertarnos de mejor manera\u201d, afirm\u00f3.<\/p>\n<p style=\"font-weight: 400; text-align: justify;\">Por su parte, la Directora Ejecutiva de la ONG Corporaci\u00f3n Domos, Victoria Vega Vallejos, dijo: \u201cen el desarrollo de los talleres, las participantes reconocieron que ha habido cambios en la situaci\u00f3n de las mujeres en Chile; no obstante, se se\u00f1ala tambi\u00e9n que siguen muchos desaf\u00edos. Por ejemplo, la paridad es algo que sali\u00f3, no lo instal\u00e9 en mi calidad de facilitadora de un proceso de di\u00e1logo. Tambi\u00e9n, surgieron conceptos tales como igualdad de condiciones, corresponsabilidad e igualdad de derechos y de oportunidades. Entonces, la impresi\u00f3n que queda es que el trabajo pedag\u00f3gico que se ha hecho, respecto al aporte al cambio cultural ha sido importante, ya que si las personas hablan de eso es porque estos conceptos han permeado. Por lo tanto, significa que estamos avanzando, ya que estos di\u00e1logos permiten que la gente ponga en com\u00fan una percepci\u00f3n del proceso pol\u00edtico chileno\u201d.<\/p>\n<p style=\"font-weight: 400; text-align: justify;\">Una de las actividades de sensibilizaci\u00f3n fue destinada a las mujeres de los equipos deportivos que compitieron en el campeonato \u201cF\u00fatbol para una Vida Sana e Inclusiva\u201d proyecto financiado por el 7% FNDR del Gobierno Regional de Ays\u00e9n. Al respecto, la socia del club deportivo y social \u201cR\u00edo Claro\u201d, Daniela Acevedo Mella, precis\u00f3: \u201cfue presentado por la directiva e inclu\u00eda la asociatividad con SernamEG\u201d. En esa l\u00ednea, agreg\u00f3 que \u201cera una iniciativa que pretend\u00eda que nos acerc\u00e1ramos como mujeres e inclusive permiti\u00f3 la participaci\u00f3n de jugadoras de otros equipos, provenientes de Puerto Cisnes y Murta, que ven\u00edan al evento deportivo. La idea del taller fue que las beneficiara tanto en su vida futbolera como familiar, as\u00ed que estamos muy agradecidas con SernamEG. Fue un espacio entretenido, acogedor y nos sentimos muy c\u00f3modas, ya que pudimos dar nuestras opiniones\u201d.<\/p>\n<p style=\"font-weight: 400; text-align: justify;\">Por su parte, la Presidenta del Taller Artesanal Campesino, Social y Cultural \u201cRa\u00edces de Ma\u00f1ihuales\u201d, Bernardita Lagos Rebolledo, sostuvo que \u201cfueron varios los temas que nosotras ignor\u00e1bamos, as\u00ed que estamos muy contentas, porque este tipo de visitas nos fortalecen como agrupaci\u00f3n. Coment\u00e1bamos con las socias que nos agrada que vengan, nosotras somos artesanas y campesinas, pero nadie tiene un estudio como para saber de estas tem\u00e1ticas\u201d.<\/p>\n<p style=\"font-weight: 400; text-align: justify;\">Tres fueron los temas abordados en el ciclo de actividades de sensibilizaci\u00f3n presenciales del programa Mujer y Participaci\u00f3n Pol\u00edtica y Social. El primero de ellos fue \u201cLiderazgos y participaci\u00f3n de las mujeres en \u00e1reas no tradicionales\u201d. en los que se abord\u00f3 lo que sucede en espacios acad\u00e9micos y laborales vinculados a las Ciencias, Tecnolog\u00edas, Ingenier\u00edas, Matem\u00e1ticas, Miner\u00eda, entre otros.\u00a0 En \u201cLiderazgos: Mujeres, Diversidad Sexual y de G\u00e9nero\u201d se destacaron las potencialidades y desaf\u00edos de los movimientos reivindicativos de la diversidad de g\u00e9nero en la sociedad actual. Finalmente, la tercera tem\u00e1tica fue \u201cRetrocesos por pandemia Covid 19 en la autonom\u00eda pol\u00edtica y social de las mujeres\u201d, la que dio cuenta del escenario actual de las brechas, barreras e inequidades de g\u00e9nero en contexto de pandemia.<\/p>\n<\/div><\/section><\/div><div  style='height:50px' class='hr hr-invisible   avia-builder-el-6  el_after_av_one_full  el_before_av_social_share '><span class='hr-inner ' ><span class='hr-inner-style'><\/span><\/span><\/div><\/p>\n<div  class='av-social-sharing-box  avia-builder-el-7  el_after_av_hr  el_before_av_hr  '><div class='av-share-box'><h5 class='av-share-link-description av-no-toc '>Compartir esta noticia<\/h5><ul class='av-share-box-list noLightbox'><li class='av-share-link av-social-link-facebook' ><a target=\"_blank\" aria-label=\"Compartir en Facebook\" href='https:\/\/www.facebook.com\/sharer.php?u=https:\/\/radiorevelacionfm.cl\/?p=22327&#038;t=Culmina%20ciclo%20de%20talleres%20presenciales%20del%20programa%20Mujer%20y%20Participaci%C3%B3n%20Pol%C3%ADtica%20Social' aria-hidden='false' data-av_icon='\ue8f3' data-av_iconfont='entypo-fontello' title='' data-avia-related-tooltip='Compartir en Facebook' rel=\"noopener\"><span class='avia_hidden_link_text'>Compartir en Facebook<\/span><\/a><\/li><li class='av-share-link av-social-link-twitter' ><a target=\"_blank\" aria-label=\"Compartir en Twitter\" href='https:\/\/twitter.com\/share?text=Culmina%20ciclo%20de%20talleres%20presenciales%20del%20programa%20Mujer%20y%20Participaci%C3%B3n%20Pol%C3%ADtica%20Social&#038;url=https:\/\/radiorevelacionfm.cl\/?p=22327' aria-hidden='false' data-av_icon='\ue8f1' data-av_iconfont='entypo-fontello' title='' data-avia-related-tooltip='Compartir en Twitter' rel=\"noopener\"><span class='avia_hidden_link_text'>Compartir en Twitter<\/span><\/a><\/li><li class='av-share-link av-social-link-whatsapp' ><a target=\"_blank\" aria-label=\"Compartir en Whatsapp\" href='https:\/\/api.whatsapp.com\/send?text=https:\/\/radiorevelacionfm.cl\/?p=22327' aria-hidden='false' data-av_icon='\uf232' data-av_iconfont='entypo-fontello' title='' data-avia-related-tooltip='Compartir en Whatsapp' rel=\"noopener\"><span class='avia_hidden_link_text'>Compartir en Whatsapp<\/span><\/a><\/li><li class='av-share-link av-social-link-linkedin' ><a target=\"_blank\" aria-label=\"Compartir en LinkedIn\" href='https:\/\/linkedin.com\/shareArticle?mini=true&#038;title=Culmina%20ciclo%20de%20talleres%20presenciales%20del%20programa%20Mujer%20y%20Participaci%C3%B3n%20Pol%C3%ADtica%20Social&#038;url=https:\/\/radiorevelacionfm.cl\/?p=22327' aria-hidden='false' data-av_icon='\ue8fc' data-av_iconfont='entypo-fontello' title='' data-avia-related-tooltip='Compartir en LinkedIn' rel=\"noopener\"><span class='avia_hidden_link_text'>Compartir en LinkedIn<\/span><\/a><\/li><li class='av-share-link av-social-link-mail' ><a  aria-label=\"Compartir por correo\" href='mailto:?subject=Culmina%20ciclo%20de%20talleres%20presenciales%20del%20programa%20Mujer%20y%20Participaci%C3%B3n%20Pol%C3%ADtica%20Social&#038;body=https:\/\/radiorevelacionfm.cl\/?p=22327' aria-hidden='false' data-av_icon='\ue805' data-av_iconfont='entypo-fontello' title='' data-avia-related-tooltip='Compartir por correo'><span class='avia_hidden_link_text'>Compartir por correo<\/span><\/a><\/li><\/ul><\/div><\/div>\n<div  style='height:50px' class='hr hr-invisible   avia-builder-el-8  el_after_av_social_share  el_before_av_comments_list '><span class='hr-inner ' ><span class='hr-inner-style'><\/span><\/span><\/div>\n<div  class='av-buildercomment  av-blog-meta-html-info-disabled av-blog-meta-tag-disabled  '><\/div>\n","protected":false},"excerpt":{"rendered":"","protected":false},"author":1,"featured_media":22329,"comment_status":"open","ping_status":"open","sticky":false,"template":"","format":"standard","meta":{"footnotes":""},"categories":[38],"tags":[],"class_list":["post-22327","post","type-post","status-publish","format-standard","has-post-thumbnail","hentry","category-regional"],"jetpack_featured_media_url":"https:\/\/radiorevelacionfm.cl\/wp-content\/uploads\/2022\/09\/fin-ciclo-talleres-as-5-1_optimized-1.jpg","_links":{"self":[{"href":"https:\/\/radiorevelacionfm.cl\/index.php?rest_route=\/wp\/v2\/posts\/22327","targetHints":{"allow":["GET"]}}],"collection":[{"href":"https:\/\/radiorevelacionfm.cl\/index.php?rest_route=\/wp\/v2\/posts"}],"about":[{"href":"https:\/\/radiorevelacionfm.cl\/index.php?rest_route=\/wp\/v2\/types\/post"}],"author":[{"embeddable":true,"href":"https:\/\/radiorevelacionfm.cl\/index.php?rest_route=\/wp\/v2\/users\/1"}],"replies":[{"embeddable":true,"href":"https:\/\/radiorevelacionfm.cl\/index.php?rest_route=%2Fwp%2Fv2%2Fcomments&post=22327"}],"version-history":[{"count":2,"href":"https:\/\/radiorevelacionfm.cl\/index.php?rest_route=\/wp\/v2\/posts\/22327\/revisions"}],"predecessor-version":[{"id":22351,"href":"https:\/\/radiorevelacionfm.cl\/index.php?rest_route=\/wp\/v2\/posts\/22327\/revisions\/22351"}],"wp:featuredmedia":[{"embeddable":true,"href":"https:\/\/radiorevelacionfm.cl\/index.php?rest_route=\/wp\/v2\/media\/22329"}],"wp:attachment":[{"href":"https:\/\/radiorevelacionfm.cl\/index.php?rest_route=%2Fwp%2Fv2%2Fmedia&parent=22327"}],"wp:term":[{"taxonomy":"category","embeddable":true,"href":"https:\/\/radiorevelacionfm.cl\/index.php?rest_route=%2Fwp%2Fv2%2Fcategories&post=22327"},{"taxonomy":"post_tag","embeddable":true,"href":"https:\/\/radiorevelacionfm.cl\/index.php?rest_route=%2Fwp%2Fv2%2Ftags&post=22327"}],"curies":[{"name":"wp","href":"https:\/\/api.w.org\/{rel}","templated":true}]}}