{"id":22322,"date":"2022-09-29T11:30:57","date_gmt":"2022-09-29T14:30:57","guid":{"rendered":"https:\/\/radiorevelacionfm.cl\/?p=22322"},"modified":"2022-09-29T11:30:57","modified_gmt":"2022-09-29T14:30:57","slug":"amarillos-por-chile-buscan-conformarse-como-conglomerado-politico-que-venza-la-polarizacion-a-nivel-nacional-y-regional","status":"publish","type":"post","link":"https:\/\/radiorevelacionfm.cl\/?p=22322","title":{"rendered":"Amarillos por Chile buscan conformarse como conglomerado pol\u00edtico que venza la polarizaci\u00f3n a nivel nacional y regional"},"content":{"rendered":"<div class=\"flex_column av_one_full  flex_column_div av-zero-column-padding first  avia-builder-el-0  el_before_av_one_full  avia-builder-el-first  \" style='border-radius:0px; '><div  class='avia-image-container  av-styling-    avia-builder-el-1  avia-builder-el-no-sibling  avia-align-center '  itemprop=\"image\" itemscope=\"itemscope\" itemtype=\"https:\/\/schema.org\/ImageObject\"  ><div class='avia-image-container-inner'><div class='avia-image-overlay-wrap'><img decoding=\"async\" class='wp-image-22323 avia-img-lazy-loading-not-22323 avia_image' src=\"https:\/\/radiorevelacionfm.cl\/wp-content\/uploads\/2022\/09\/image-96-1.jpg\" alt='' title='image (96) (1)' height=\"600\" width=\"736\"  itemprop=\"thumbnailUrl\" srcset=\"https:\/\/radiorevelacionfm.cl\/wp-content\/uploads\/2022\/09\/image-96-1.jpg 736w, https:\/\/radiorevelacionfm.cl\/wp-content\/uploads\/2022\/09\/image-96-1-300x245.jpg 300w, https:\/\/radiorevelacionfm.cl\/wp-content\/uploads\/2022\/09\/image-96-1-705x575.jpg 705w, https:\/\/radiorevelacionfm.cl\/wp-content\/uploads\/2022\/09\/image-96-1-600x489.jpg 600w\" sizes=\"(max-width: 736px) 100vw, 736px\" \/><\/div><\/div><\/div><\/div><div class=\"flex_column av_one_full  flex_column_div av-zero-column-padding first  avia-builder-el-2  el_after_av_one_full  el_before_av_one_full  column-top-margin\" style='border-radius:0px; '><section class=\"av_textblock_section \"  itemscope=\"itemscope\" itemtype=\"https:\/\/schema.org\/BlogPosting\" itemprop=\"blogPost\" ><div class='avia_textblock  '   itemprop=\"text\" ><p style=\"text-align: center;\"><span style=\"font-size: 18pt;\"><b><span lang=\"ES-MX\">Amarillos por Chile buscan conformarse como conglomerado pol\u00edtico que venza la polarizaci\u00f3n a nivel nacional y regional<\/span><\/b><\/span><\/p>\n<div id=\"gtx-trans\" style=\"position: absolute; left: -50px; top: 4.31534px;\">\n<div class=\"gtx-trans-icon\"><\/div>\n<\/div>\n<\/div><\/section><\/div><div class=\"flex_column av_one_full  flex_column_div av-zero-column-padding first  avia-builder-el-4  el_after_av_one_full  el_before_av_hr  column-top-margin\" style='border-radius:0px; '><section class=\"av_textblock_section \"  itemscope=\"itemscope\" itemtype=\"https:\/\/schema.org\/BlogPosting\" itemprop=\"blogPost\" ><div class='avia_textblock  '   itemprop=\"text\" ><p class=\"v1MsoNormal\" style=\"text-align: justify;\"><span lang=\"ES-MX\">En pleno proceso de conformaci\u00f3n se encuentra el movimiento \u00abAmarillos por Chile\u00bb, que buscan oficializarse como partido.<\/span><\/p>\n<p class=\"v1MsoNormal\" style=\"text-align: justify;\"><span lang=\"ES-MX\">Destacadas figuras, de todo el espectro pol\u00edtico, convergieron en esta apuesta. Una de las figuras m\u00e1s visibles en la campa\u00f1a por el plebiscito de salida fue el destacado escritor Christian Warnken quien destac\u00f3 el inicio de la conformaci\u00f3n de este colectivo como un futuro partido.<\/span><\/p>\n<p class=\"v1MsoNormal\" style=\"text-align: justify;\"><span lang=\"ES-MX\">\u00abEl Movimiento Amarillos, busca romper todos los clivajes, para buscar la unidad del pa\u00eds, para buscar una buena y nueva Constituci\u00f3n, saludo a toda la gente de Ays\u00e9n, de esos territorios m\u00e1gicos, de esos parajes llenos de energ\u00eda, de gente formidable y con tanta \u00e9pica. Tenemos el desaf\u00edo de poder juntar las firmas para que nos constituyamos como partido, el objetivo son 500 firmas\u00bb, se\u00f1al\u00f3.<\/span><\/p>\n<p class=\"v1MsoNormal\" style=\"text-align: justify;\"><span lang=\"ES-MX\">Uno de los firmantes fue el ex alcalde de la comuna de O&#8217;Higgins, Roberto Recabal C\u00e1rcamo, quien precis\u00f3 que \u00abconcurr\u00ed a Santiago, para ser parte de las primeras cien firmas, a nivel nacional, para conformar un nuevo referente pol\u00edtico en nuestro pa\u00eds, ceremonia que se vivi\u00f3 en un clima de mucha fraternidad, con l\u00edderes de opini\u00f3n que se integran a &#8216;Amarillos por Chile&#8217; a nivel nacional\u00bb<\/span><\/p>\n<p class=\"v1MsoNormal\" style=\"text-align: justify;\"><span lang=\"ES-MX\">Uno de los desaf\u00edos pr\u00f3ximos, para Amarillos por Chile es consagrarse en territorio aysenino. \u00abPronto buscaremos, desde Lago Verde a Villa O&#8217;Higgins, las 500 firmas que necesitamos en nuestra regi\u00f3n, para conformar un partido de centro, que venza la polarizaci\u00f3n en la que nos encontramos hoy\u00bb, asegur\u00f3 Recabal.<\/span><\/p>\n<p class=\"v1MsoNormal\" style=\"text-align: justify;\"><b><span lang=\"ES-MX\">Figuras transversales por Amarillos<\/span><\/b><\/p>\n<p class=\"v1MsoNormal\" style=\"text-align: justify;\"><span lang=\"ES-MX\">Uno de los firmantes por esta apuesta pol\u00edtica de centro es el ex ministro de Defensa y del Interior del segundo mandato de Michelle Bachelet, el abogado Jorge Burgos, quien valor\u00f3 el encuentro con el ex alcalde de O&#8217;Higgins, aduciendo que \u00abuno de los gustos que tuve esta tarde fue encontrarme con Roberto, a quien conozco hace varios a\u00f1os en Villa Ohiggins, yo viaj\u00e9 dos o tres veces con el cargo que tuve en esa \u00e9poca, me recibi\u00f3 con mucha generosidad y me mostr\u00f3 la realidad de esa comuna tan importante para Chile, para nuestra rep\u00fablica independiente, verlo para m\u00ed fue una alegr\u00eda adicional en este paso pol\u00edtico que hemos dado\u00bb.<\/span><\/p>\n<p class=\"v1MsoNormal\" style=\"text-align: justify;\"><span lang=\"ES-MX\">El nombre oficial de este nuevo partido es\u00a0<\/span>&#8216;Movimientos Amarillos por Chile. Reformas y Democracia&#8217;, tienda pol\u00edtica a la que tambi\u00e9n adscribe el ex Ministro de la Concertaci\u00f3n Ren\u00e9 Cortazar, quien destac\u00f3 este proceso y la presencia de Recabal en la firma para conformar este conglomerado.<\/p>\n<p class=\"v1MsoNormal\" style=\"text-align: justify;\">\u00abMuy contento de estar con mi amigo Roberto Recabal, al ingresar a Amarillos por Chile, que es una esperanza para muchas personas, que queremos sentirnos representados en esta etapa que viene, en la etapa de construir una buena y una nueva Constituci\u00f3n para todos los chilenos, independiente de sus posturas, independiente de sus ideas, los que compartimos esta naci\u00f3n, tenemos que unirnos para salir adelante\u00bb, afirm\u00f3 Cort\u00e1zar.<\/p>\n<p class=\"v1MsoNormal\" style=\"text-align: justify;\"><span lang=\"ES-MX\">Figuras pol\u00edticas, como Soledad Alvear, Fulvio Rossi, Andr\u00e9s Jouannet, el ex director del Instituto Nacional de Derechos Humanos Sergio Micco, adem\u00e1s del ex subsecretario de Econom\u00eda del gobierno de Salvador Allende, \u00d3scar Guillermo Garret\u00f3n, se sumaron a Amarillos por Chile, quienes esperan consolidar como alternativa de centro, al igual que en la regi\u00f3n de Ays\u00e9n, donde pr\u00f3ximamente se iniciar\u00e1 el proceso de recolecci\u00f3n de firmas.<\/span><\/p>\n<p class=\"v1MsoNormal\" style=\"text-align: justify;\"><span lang=\"ES-MX\">\u00a0<\/span><\/p>\n<\/div><\/section><\/div><div  style='height:50px' class='hr hr-invisible   avia-builder-el-6  el_after_av_one_full  el_before_av_social_share '><span class='hr-inner ' ><span class='hr-inner-style'><\/span><\/span><\/div><\/p>\n<div  class='av-social-sharing-box  avia-builder-el-7  el_after_av_hr  el_before_av_hr  '><div class='av-share-box'><h5 class='av-share-link-description av-no-toc '>Compartir esta noticia<\/h5><ul class='av-share-box-list noLightbox'><li class='av-share-link av-social-link-facebook' ><a target=\"_blank\" aria-label=\"Compartir en Facebook\" href='https:\/\/www.facebook.com\/sharer.php?u=https:\/\/radiorevelacionfm.cl\/?p=22322&#038;t=Amarillos%20por%20Chile%20buscan%20conformarse%20como%20conglomerado%20pol%C3%ADtico%20que%20venza%20la%20polarizaci%C3%B3n%20a%20nivel%20nacional%20y%20regional' aria-hidden='false' data-av_icon='\ue8f3' data-av_iconfont='entypo-fontello' title='' data-avia-related-tooltip='Compartir en Facebook' rel=\"noopener\"><span class='avia_hidden_link_text'>Compartir en Facebook<\/span><\/a><\/li><li class='av-share-link av-social-link-twitter' ><a target=\"_blank\" aria-label=\"Compartir en Twitter\" href='https:\/\/twitter.com\/share?text=Amarillos%20por%20Chile%20buscan%20conformarse%20como%20conglomerado%20pol%C3%ADtico%20que%20venza%20la%20polarizaci%C3%B3n%20a%20nivel%20nacional%20y%20regional&#038;url=https:\/\/radiorevelacionfm.cl\/?p=22322' aria-hidden='false' data-av_icon='\ue8f1' data-av_iconfont='entypo-fontello' title='' data-avia-related-tooltip='Compartir en Twitter' rel=\"noopener\"><span class='avia_hidden_link_text'>Compartir en Twitter<\/span><\/a><\/li><li class='av-share-link av-social-link-whatsapp' ><a target=\"_blank\" aria-label=\"Compartir en Whatsapp\" href='https:\/\/api.whatsapp.com\/send?text=https:\/\/radiorevelacionfm.cl\/?p=22322' aria-hidden='false' data-av_icon='\uf232' data-av_iconfont='entypo-fontello' title='' data-avia-related-tooltip='Compartir en Whatsapp' rel=\"noopener\"><span class='avia_hidden_link_text'>Compartir en Whatsapp<\/span><\/a><\/li><li class='av-share-link av-social-link-linkedin' ><a target=\"_blank\" aria-label=\"Compartir en LinkedIn\" href='https:\/\/linkedin.com\/shareArticle?mini=true&#038;title=Amarillos%20por%20Chile%20buscan%20conformarse%20como%20conglomerado%20pol%C3%ADtico%20que%20venza%20la%20polarizaci%C3%B3n%20a%20nivel%20nacional%20y%20regional&#038;url=https:\/\/radiorevelacionfm.cl\/?p=22322' aria-hidden='false' data-av_icon='\ue8fc' data-av_iconfont='entypo-fontello' title='' data-avia-related-tooltip='Compartir en LinkedIn' rel=\"noopener\"><span class='avia_hidden_link_text'>Compartir en LinkedIn<\/span><\/a><\/li><li class='av-share-link av-social-link-mail' ><a  aria-label=\"Compartir por correo\" href='mailto:?subject=Amarillos%20por%20Chile%20buscan%20conformarse%20como%20conglomerado%20pol%C3%ADtico%20que%20venza%20la%20polarizaci%C3%B3n%20a%20nivel%20nacional%20y%20regional&#038;body=https:\/\/radiorevelacionfm.cl\/?p=22322' aria-hidden='false' data-av_icon='\ue805' data-av_iconfont='entypo-fontello' title='' data-avia-related-tooltip='Compartir por correo'><span class='avia_hidden_link_text'>Compartir por correo<\/span><\/a><\/li><\/ul><\/div><\/div>\n<div  style='height:50px' class='hr hr-invisible   avia-builder-el-8  el_after_av_social_share  el_before_av_comments_list '><span class='hr-inner ' ><span class='hr-inner-style'><\/span><\/span><\/div>\n<div  class='av-buildercomment  av-blog-meta-html-info-disabled av-blog-meta-tag-disabled  '><\/div>\n","protected":false},"excerpt":{"rendered":"","protected":false},"author":1,"featured_media":22323,"comment_status":"open","ping_status":"open","sticky":false,"template":"","format":"standard","meta":{"footnotes":""},"categories":[35],"tags":[],"class_list":["post-22322","post","type-post","status-publish","format-standard","has-post-thumbnail","hentry","category-politica"],"jetpack_featured_media_url":"https:\/\/radiorevelacionfm.cl\/wp-content\/uploads\/2022\/09\/image-96-1.jpg","_links":{"self":[{"href":"https:\/\/radiorevelacionfm.cl\/index.php?rest_route=\/wp\/v2\/posts\/22322","targetHints":{"allow":["GET"]}}],"collection":[{"href":"https:\/\/radiorevelacionfm.cl\/index.php?rest_route=\/wp\/v2\/posts"}],"about":[{"href":"https:\/\/radiorevelacionfm.cl\/index.php?rest_route=\/wp\/v2\/types\/post"}],"author":[{"embeddable":true,"href":"https:\/\/radiorevelacionfm.cl\/index.php?rest_route=\/wp\/v2\/users\/1"}],"replies":[{"embeddable":true,"href":"https:\/\/radiorevelacionfm.cl\/index.php?rest_route=%2Fwp%2Fv2%2Fcomments&post=22322"}],"version-history":[{"count":2,"href":"https:\/\/radiorevelacionfm.cl\/index.php?rest_route=\/wp\/v2\/posts\/22322\/revisions"}],"predecessor-version":[{"id":22367,"href":"https:\/\/radiorevelacionfm.cl\/index.php?rest_route=\/wp\/v2\/posts\/22322\/revisions\/22367"}],"wp:featuredmedia":[{"embeddable":true,"href":"https:\/\/radiorevelacionfm.cl\/index.php?rest_route=\/wp\/v2\/media\/22323"}],"wp:attachment":[{"href":"https:\/\/radiorevelacionfm.cl\/index.php?rest_route=%2Fwp%2Fv2%2Fmedia&parent=22322"}],"wp:term":[{"taxonomy":"category","embeddable":true,"href":"https:\/\/radiorevelacionfm.cl\/index.php?rest_route=%2Fwp%2Fv2%2Fcategories&post=22322"},{"taxonomy":"post_tag","embeddable":true,"href":"https:\/\/radiorevelacionfm.cl\/index.php?rest_route=%2Fwp%2Fv2%2Ftags&post=22322"}],"curies":[{"name":"wp","href":"https:\/\/api.w.org\/{rel}","templated":true}]}}