{"id":2232,"date":"2021-01-30T14:59:42","date_gmt":"2021-01-30T17:59:42","guid":{"rendered":"https:\/\/radiorevelacionfm.cl\/?p=2232"},"modified":"2021-01-30T14:59:42","modified_gmt":"2021-01-30T17:59:42","slug":"prorroga-hasta-el-2022-para-licencias-de-conducir-fue-aprobada-por-unanimidad-en-el-senado","status":"publish","type":"post","link":"https:\/\/radiorevelacionfm.cl\/?p=2232","title":{"rendered":"Pr\u00f3rroga hasta el 2022 para licencias de conducir fue aprobada por unanimidad en el Senado"},"content":{"rendered":"<div class=\"flex_column av_one_full  flex_column_div av-zero-column-padding first  avia-builder-el-0  el_before_av_one_full  avia-builder-el-first  \" style='border-radius:0px; '><div  class='avia-image-container  av-styling-    avia-builder-el-1  avia-builder-el-no-sibling  avia-align-center '  itemprop=\"image\" itemscope=\"itemscope\" itemtype=\"https:\/\/schema.org\/ImageObject\"  ><div class='avia-image-container-inner'><div class='avia-image-overlay-wrap'><img decoding=\"async\" class='wp-image-0 avia-img-lazy-loading-not-0 avia_image' src=\"https:\/\/radiorevelacionfm.cl\/wp-content\/uploads\/2021\/01\/Licencia-conducir_nueva-1.jpg\" alt='' title=''   itemprop=\"thumbnailUrl\"  \/><\/div><\/div><\/div><\/div><div class=\"flex_column av_one_full  flex_column_div av-zero-column-padding first  avia-builder-el-2  el_after_av_one_full  el_before_av_one_full  column-top-margin\" style='border-radius:0px; '><section class=\"av_textblock_section \"  itemscope=\"itemscope\" itemtype=\"https:\/\/schema.org\/BlogPosting\" itemprop=\"blogPost\" ><div class='avia_textblock  '   itemprop=\"text\" ><p style=\"text-align: center;\"><span style=\"font-size: 18pt;\"><strong>Pr\u00f3rroga hasta el 2022 para licencias de conducir fue aprobada por unanimidad en el Senado<\/strong><\/span><\/p>\n<div id=\"gtx-trans\" style=\"position: absolute; left: -50px; top: 4.31534px;\">\n<div class=\"gtx-trans-icon\"><\/div>\n<\/div>\n<\/div><\/section><\/div><div class=\"flex_column av_one_full  flex_column_div av-zero-column-padding first  avia-builder-el-4  el_after_av_one_full  el_before_av_hr  column-top-margin\" style='border-radius:0px; '><section class=\"av_textblock_section \"  itemscope=\"itemscope\" itemtype=\"https:\/\/schema.org\/BlogPosting\" itemprop=\"blogPost\" ><div class='avia_textblock  '   itemprop=\"text\" ><p style=\"text-align: justify;\">La iniciativa pasa ahora a cumplir su segundo tr\u00e1mite a la C\u00e1mara de Diputados y la idea es que pueda convertirse en ley a la brevedad.<\/p>\n<p style=\"text-align: justify;\">Listo para cumplir su segundo tr\u00e1mite constitucional qued\u00f3 el proyecto que<strong> prorroga hasta el 2022 las licencias de conducir que expiren este a\u00f1o y las que se hayan acogido a la ley N\u00b0 21.222, que hizo lo propio con las que vencieron el 2020.<\/strong><\/p>\n<p style=\"text-align: justify;\">Ello, luego que la Sala del Senado\u00a0aprobara de manera un\u00e1nime\u00a0la iniciativa que fue presentada el pasado 13 de enero por los senadores\u00a0Isabel Allende, Ximena \u00d3rdenes, Francisco Chahu\u00e1n, Alejandro Garc\u00eda Huidobro y Juan Pablo Letelier.<\/p>\n<p style=\"text-align: justify;\">Seg\u00fan explicaron los autores de la iniciativa, la idea es que el proyecto pueda ser despachado a la brevedad posible por el Parlamento con el objeto de evitar que se cursen multas por este tema, sobre todo a los conductores de locomoci\u00f3n colectiva, que son quienes m\u00e1s se han visto afectados.<\/p>\n<p style=\"text-align: justify;\">Cabe recordar que el proyecto tiene como prop\u00f3sito prorrogar la vigencia de la ley N\u00b0 21.222, a fin de extender la vigencia de las licencias de conducir que expiraron en el a\u00f1o 2020, y las que expiraron o expiran durante el a\u00f1o en curso.<\/p>\n<p style=\"text-align: justify;\">De este modo, se entrega la posibilidad de poder realizar el tr\u00e1mite de renovaci\u00f3n de sus licencias de conducir hasta el d\u00eda y mes se\u00f1alado en la licencia vigente, del a\u00f1o 2022.<\/p>\n<p style=\"text-align: justify;\">En el informe elaborado por la\u00a0<a href=\"https:\/\/www.senado.cl\/appsenado\/index.php?mo=comisiones&amp;ac=ficha&amp;id=198&amp;tipo_comision=10\">Comisi\u00f3n de Transportes y Telecomunicaciones<\/a>\u00a0que vio previamente el proyecto, se consigna que para efectos de hacer m\u00e1s expedita la tramitaci\u00f3n legislativa, se aprob\u00f3 la iniciativa bajo id\u00e9ntico tenor del texto de una moci\u00f3n presentada por un grupo de diputadas y diputados, \u00a0que prorroga por un a\u00f1o la vigencia de las licencias de conducir que expiren durante el a\u00f1o 2021 (bolet\u00edn N\u00b0 14.031-15).<\/p>\n<\/div><\/section><\/div><div  style='height:50px' class='hr hr-invisible   avia-builder-el-6  el_after_av_one_full  el_before_av_social_share '><span class='hr-inner ' ><span class='hr-inner-style'><\/span><\/span><\/div><\/p>\n<div  class='av-social-sharing-box  avia-builder-el-7  el_after_av_hr  el_before_av_hr  '><div class='av-share-box'><h5 class='av-share-link-description av-no-toc '>Compartir esta noticia<\/h5><ul class='av-share-box-list noLightbox'><li class='av-share-link av-social-link-facebook' ><a target=\"_blank\" aria-label=\"Compartir en Facebook\" href='https:\/\/www.facebook.com\/sharer.php?u=https:\/\/radiorevelacionfm.cl\/?p=2232&#038;t=Pr%C3%B3rroga%20hasta%20el%202022%20para%20licencias%20de%20conducir%20fue%20aprobada%20por%20unanimidad%20en%20el%20Senado' aria-hidden='false' data-av_icon='\ue8f3' data-av_iconfont='entypo-fontello' title='' data-avia-related-tooltip='Compartir en Facebook' rel=\"noopener\"><span class='avia_hidden_link_text'>Compartir en Facebook<\/span><\/a><\/li><li class='av-share-link av-social-link-twitter' ><a target=\"_blank\" aria-label=\"Compartir en Twitter\" href='https:\/\/twitter.com\/share?text=Pr%C3%B3rroga%20hasta%20el%202022%20para%20licencias%20de%20conducir%20fue%20aprobada%20por%20unanimidad%20en%20el%20Senado&#038;url=https:\/\/radiorevelacionfm.cl\/?p=2232' aria-hidden='false' data-av_icon='\ue8f1' data-av_iconfont='entypo-fontello' title='' data-avia-related-tooltip='Compartir en Twitter' rel=\"noopener\"><span class='avia_hidden_link_text'>Compartir en Twitter<\/span><\/a><\/li><li class='av-share-link av-social-link-whatsapp' ><a target=\"_blank\" aria-label=\"Compartir en Whatsapp\" href='https:\/\/api.whatsapp.com\/send?text=https:\/\/radiorevelacionfm.cl\/?p=2232' aria-hidden='false' data-av_icon='\uf232' data-av_iconfont='entypo-fontello' title='' data-avia-related-tooltip='Compartir en Whatsapp' rel=\"noopener\"><span class='avia_hidden_link_text'>Compartir en Whatsapp<\/span><\/a><\/li><li class='av-share-link av-social-link-linkedin' ><a target=\"_blank\" aria-label=\"Compartir en LinkedIn\" href='https:\/\/linkedin.com\/shareArticle?mini=true&#038;title=Pr%C3%B3rroga%20hasta%20el%202022%20para%20licencias%20de%20conducir%20fue%20aprobada%20por%20unanimidad%20en%20el%20Senado&#038;url=https:\/\/radiorevelacionfm.cl\/?p=2232' aria-hidden='false' data-av_icon='\ue8fc' data-av_iconfont='entypo-fontello' title='' data-avia-related-tooltip='Compartir en LinkedIn' rel=\"noopener\"><span class='avia_hidden_link_text'>Compartir en LinkedIn<\/span><\/a><\/li><li class='av-share-link av-social-link-mail' ><a  aria-label=\"Compartir por correo\" href='mailto:?subject=Pr%C3%B3rroga%20hasta%20el%202022%20para%20licencias%20de%20conducir%20fue%20aprobada%20por%20unanimidad%20en%20el%20Senado&#038;body=https:\/\/radiorevelacionfm.cl\/?p=2232' aria-hidden='false' data-av_icon='\ue805' data-av_iconfont='entypo-fontello' title='' data-avia-related-tooltip='Compartir por correo'><span class='avia_hidden_link_text'>Compartir por correo<\/span><\/a><\/li><\/ul><\/div><\/div>\n<div  style='height:50px' class='hr hr-invisible   avia-builder-el-8  el_after_av_social_share  el_before_av_comments_list '><span class='hr-inner ' ><span class='hr-inner-style'><\/span><\/span><\/div>\n<div  class='av-buildercomment  av-blog-meta-html-info-disabled av-blog-meta-tag-disabled  '><\/div>\n","protected":false},"excerpt":{"rendered":"","protected":false},"author":1,"featured_media":0,"comment_status":"open","ping_status":"open","sticky":false,"template":"","format":"standard","meta":{"footnotes":""},"categories":[59],"tags":[],"class_list":["post-2232","post","type-post","status-publish","format-standard","hentry","category-transporte"],"jetpack_featured_media_url":"","_links":{"self":[{"href":"https:\/\/radiorevelacionfm.cl\/index.php?rest_route=\/wp\/v2\/posts\/2232","targetHints":{"allow":["GET"]}}],"collection":[{"href":"https:\/\/radiorevelacionfm.cl\/index.php?rest_route=\/wp\/v2\/posts"}],"about":[{"href":"https:\/\/radiorevelacionfm.cl\/index.php?rest_route=\/wp\/v2\/types\/post"}],"author":[{"embeddable":true,"href":"https:\/\/radiorevelacionfm.cl\/index.php?rest_route=\/wp\/v2\/users\/1"}],"replies":[{"embeddable":true,"href":"https:\/\/radiorevelacionfm.cl\/index.php?rest_route=%2Fwp%2Fv2%2Fcomments&post=2232"}],"version-history":[{"count":1,"href":"https:\/\/radiorevelacionfm.cl\/index.php?rest_route=\/wp\/v2\/posts\/2232\/revisions"}],"predecessor-version":[{"id":2234,"href":"https:\/\/radiorevelacionfm.cl\/index.php?rest_route=\/wp\/v2\/posts\/2232\/revisions\/2234"}],"wp:attachment":[{"href":"https:\/\/radiorevelacionfm.cl\/index.php?rest_route=%2Fwp%2Fv2%2Fmedia&parent=2232"}],"wp:term":[{"taxonomy":"category","embeddable":true,"href":"https:\/\/radiorevelacionfm.cl\/index.php?rest_route=%2Fwp%2Fv2%2Fcategories&post=2232"},{"taxonomy":"post_tag","embeddable":true,"href":"https:\/\/radiorevelacionfm.cl\/index.php?rest_route=%2Fwp%2Fv2%2Ftags&post=2232"}],"curies":[{"name":"wp","href":"https:\/\/api.w.org\/{rel}","templated":true}]}}