{"id":2229,"date":"2021-01-30T12:31:12","date_gmt":"2021-01-30T15:31:12","guid":{"rendered":"https:\/\/radiorevelacionfm.cl\/?p=2229"},"modified":"2021-01-30T12:31:12","modified_gmt":"2021-01-30T15:31:12","slug":"alcalde-martinez-reitera-llamado-a-autoridades-para-poner-termino-a-cuarentena-en-su-comuna","status":"publish","type":"post","link":"https:\/\/radiorevelacionfm.cl\/?p=2229","title":{"rendered":"Alcalde Mart\u00ednez reitera llamado a autoridades para poner t\u00e9rmino a cuarentena en su comuna"},"content":{"rendered":"<div class=\"flex_column av_one_full  flex_column_div av-zero-column-padding first  avia-builder-el-0  el_before_av_one_full  avia-builder-el-first  \" style='border-radius:0px; '><div  class='avia-image-container  av-styling-    avia-builder-el-1  avia-builder-el-no-sibling  avia-align-center '  itemprop=\"image\" itemscope=\"itemscope\" itemtype=\"https:\/\/schema.org\/ImageObject\"  ><div class='avia-image-container-inner'><div class='avia-image-overlay-wrap'><img decoding=\"async\" class='wp-image-0 avia-img-lazy-loading-not-0 avia_image' src=\"https:\/\/radiorevelacionfm.cl\/wp-content\/uploads\/2021\/01\/Fiscalizacion-aysen-1.jpg\" alt='' title=''   itemprop=\"thumbnailUrl\"  \/><\/div><\/div><\/div><\/div><div class=\"flex_column av_one_full  flex_column_div av-zero-column-padding first  avia-builder-el-2  el_after_av_one_full  el_before_av_one_full  column-top-margin\" style='border-radius:0px; '><section class=\"av_textblock_section \"  itemscope=\"itemscope\" itemtype=\"https:\/\/schema.org\/BlogPosting\" itemprop=\"blogPost\" ><div class='avia_textblock  '   itemprop=\"text\" ><p style=\"text-align: center;\"><span style=\"font-size: 18pt;\"><strong>Alcalde Mart\u00ednez reitera llamado a autoridades para poner t\u00e9rmino a cuarentena en su comuna<\/strong><\/span><\/p>\n<div id=\"gtx-trans\" style=\"position: absolute; left: -50px; top: 4.31534px;\">\n<div class=\"gtx-trans-icon\"><\/div>\n<\/div>\n<\/div><\/section><\/div><div class=\"flex_column av_one_full  flex_column_div av-zero-column-padding first  avia-builder-el-4  el_after_av_one_full  el_before_av_hr  column-top-margin\" style='border-radius:0px; '><section class=\"av_textblock_section \"  itemscope=\"itemscope\" itemtype=\"https:\/\/schema.org\/BlogPosting\" itemprop=\"blogPost\" ><div class='avia_textblock  '   itemprop=\"text\" ><p style=\"text-align: justify;\"><em>En m\u00e1s del 50 por ciento han disminuido los casos positivos desde que la medida iniciara el d\u00eda 14 de enero. Edil enfatiza la necesidad de crear un comit\u00e9 regional para que las disposiciones sean tomadas de acuerdo a la realidad local.\u00a0\u00a0\u00a0\u00a0 <\/em><\/p>\n<p style=\"text-align: justify;\">Argumentando el buen comportamiento que han tenido los ayseninos, y que ha significado una baja considerable en los \u00edndices de positividad y de contagio por COVID-19 en la comuna, el alcalde Luis Mart\u00ednez reiter\u00f3 el llamado a las autoridades para que Ays\u00e9n pueda avanzar hacia las distintas etapas del plan Paso a Paso, y comenzar as\u00ed su reapertura responsable.<\/p>\n<p style=\"text-align: justify;\">Tras cumplirse 16 d\u00edas desde que el ministerio de Salud decretara fase de cuarentena para las localidades de Puerto Ays\u00e9n, Puerto Chacabuco e Islas Huichas, la solicitud del edil apunta a que la medida pueda ser revertida para as\u00ed avanzar, inicialmente, a la fase 2.<\/p>\n<p style=\"text-align: justify;\">\u201cYo creo que Ays\u00e9n ha dado muestras de que ha tenido cuidado, y los n\u00fameros nos van favoreciendo\u201d, manifest\u00f3 Mart\u00ednez Gallardo, quien en todo momento ha estado en contacto con los facultativos de la salud en Ays\u00e9n, as\u00ed como con los diversos sectores y gremios productivos de la comuna.<\/p>\n<p style=\"text-align: justify;\">De acuerdo a las estad\u00edsticas oficiales del ministerio de Salud, el d\u00eda 11 de enero -en que el propio ministro de la cartera, Enrique Paris, anunciara la determinaci\u00f3n de retroceder a cuarentena-, la comuna de Ays\u00e9n presentaba m\u00e1s de 100 casos activos. Cifra que con el correr de los d\u00edas aument\u00f3 considerablemente, llegando a un peak de 162 casos activos el d\u00eda 17 de enero, cuando se hab\u00edan cumplido tres d\u00edas desde la puesta en marcha de la cuarentena.<\/p>\n<p style=\"text-align: justify;\">La responsabilidad de los vecinos y vecinas de la comuna, el autocuidado y el cumplir con los protocolos exigidos desde la autoridad sanitaria, se han ido reflejando durante estas dos semanas en Fase 1, en que al d\u00eda s\u00e1bado 30 de enero, los n\u00fameros de casos activos en Ays\u00e9n disminuyeron a 39, de acuerdo al reporte oficial.<\/p>\n<p style=\"text-align: justify;\">\u201cTenemos muchos problemas con la gente que no ha podido ir a trabajar y ha hecho un sacrificio, as\u00ed que no puedo dejar de pedir a la autoridad que vea estos n\u00fameros, que los analice. Y deber\u00edamos pasar a una fase 2 inmediatamente porque esto nos restringe demasiado\u201d, a\u00f1adi\u00f3 el alcalde aysenino.<\/p>\n<p style=\"text-align: justify;\">Ello, haciendo alusi\u00f3n al impacto que ha tenido la medida, especialmente en los sectores productivos -principalmente informales-, as\u00ed como en el comercio y el turismo. Adem\u00e1s de los efectos nocivos en materia de salud mental como consecuencia del confinamiento y por lo que ha significado esta pandemia que se instal\u00f3 en la regi\u00f3n y comuna desde hace casi un a\u00f1o.<\/p>\n<p style=\"text-align: justify;\">\u201cAc\u00e1 en Ays\u00e9n no tenemos el sueldo de algunas ciudades, lo que tenemos aqu\u00ed es gente que trabaja d\u00eda a d\u00eda. Gente que corta le\u00f1a, gente que corta pasto, que vende verduras, gente que presta distintos servicios, por eso lo que queremos es que se analice bien Puerto Ays\u00e9n, Islas Huichas y Chacabuco y podamos cambiar de fase\u201d, indic\u00f3 agregando que \u201cesto va a traer muchos problemas, aparte de \u00e1mbito social, que ya es fundamental. Tambi\u00e9n de forma econ\u00f3mica, sobre todo para la gente m\u00e1s humilde en la comuna. As\u00ed que la solicitud es que esto de una vez por todas se vea r\u00e1pido, y podamos cambiar a Transici\u00f3n, al menos. Tambi\u00e9n ir pensando a futuro en un comit\u00e9 que pueda analizar esto a nivel regional, porque claramente Santiago no es lo misma realidad que en regiones, menos la de Ays\u00e9n\u201d, concluy\u00f3.<\/p>\n<\/div><\/section><\/div><div  style='height:50px' class='hr hr-invisible   avia-builder-el-6  el_after_av_one_full  el_before_av_social_share '><span class='hr-inner ' ><span class='hr-inner-style'><\/span><\/span><\/div><\/p>\n<div  class='av-social-sharing-box  avia-builder-el-7  el_after_av_hr  el_before_av_hr  '><div class='av-share-box'><h5 class='av-share-link-description av-no-toc '>Compartir esta noticia<\/h5><ul class='av-share-box-list noLightbox'><li class='av-share-link av-social-link-facebook' ><a target=\"_blank\" aria-label=\"Compartir en Facebook\" href='https:\/\/www.facebook.com\/sharer.php?u=https:\/\/radiorevelacionfm.cl\/?p=2229&#038;t=Alcalde%20Mart%C3%ADnez%20reitera%20llamado%20a%20autoridades%20para%20poner%20t%C3%A9rmino%20a%20cuarentena%20en%20su%20comuna' aria-hidden='false' data-av_icon='\ue8f3' data-av_iconfont='entypo-fontello' title='' data-avia-related-tooltip='Compartir en Facebook' rel=\"noopener\"><span class='avia_hidden_link_text'>Compartir en Facebook<\/span><\/a><\/li><li class='av-share-link av-social-link-twitter' ><a target=\"_blank\" aria-label=\"Compartir en Twitter\" href='https:\/\/twitter.com\/share?text=Alcalde%20Mart%C3%ADnez%20reitera%20llamado%20a%20autoridades%20para%20poner%20t%C3%A9rmino%20a%20cuarentena%20en%20su%20comuna&#038;url=https:\/\/radiorevelacionfm.cl\/?p=2229' aria-hidden='false' data-av_icon='\ue8f1' data-av_iconfont='entypo-fontello' title='' data-avia-related-tooltip='Compartir en Twitter' rel=\"noopener\"><span class='avia_hidden_link_text'>Compartir en Twitter<\/span><\/a><\/li><li class='av-share-link av-social-link-whatsapp' ><a target=\"_blank\" aria-label=\"Compartir en Whatsapp\" href='https:\/\/api.whatsapp.com\/send?text=https:\/\/radiorevelacionfm.cl\/?p=2229' aria-hidden='false' data-av_icon='\uf232' data-av_iconfont='entypo-fontello' title='' data-avia-related-tooltip='Compartir en Whatsapp' rel=\"noopener\"><span class='avia_hidden_link_text'>Compartir en Whatsapp<\/span><\/a><\/li><li class='av-share-link av-social-link-linkedin' ><a target=\"_blank\" aria-label=\"Compartir en LinkedIn\" href='https:\/\/linkedin.com\/shareArticle?mini=true&#038;title=Alcalde%20Mart%C3%ADnez%20reitera%20llamado%20a%20autoridades%20para%20poner%20t%C3%A9rmino%20a%20cuarentena%20en%20su%20comuna&#038;url=https:\/\/radiorevelacionfm.cl\/?p=2229' aria-hidden='false' data-av_icon='\ue8fc' data-av_iconfont='entypo-fontello' title='' data-avia-related-tooltip='Compartir en LinkedIn' rel=\"noopener\"><span class='avia_hidden_link_text'>Compartir en LinkedIn<\/span><\/a><\/li><li class='av-share-link av-social-link-mail' ><a  aria-label=\"Compartir por correo\" href='mailto:?subject=Alcalde%20Mart%C3%ADnez%20reitera%20llamado%20a%20autoridades%20para%20poner%20t%C3%A9rmino%20a%20cuarentena%20en%20su%20comuna&#038;body=https:\/\/radiorevelacionfm.cl\/?p=2229' aria-hidden='false' data-av_icon='\ue805' data-av_iconfont='entypo-fontello' title='' data-avia-related-tooltip='Compartir por correo'><span class='avia_hidden_link_text'>Compartir por correo<\/span><\/a><\/li><\/ul><\/div><\/div>\n<div  style='height:50px' class='hr hr-invisible   avia-builder-el-8  el_after_av_social_share  el_before_av_comments_list '><span class='hr-inner ' ><span class='hr-inner-style'><\/span><\/span><\/div>\n<div  class='av-buildercomment  av-blog-meta-html-info-disabled av-blog-meta-tag-disabled  '><\/div>\n","protected":false},"excerpt":{"rendered":"","protected":false},"author":1,"featured_media":0,"comment_status":"open","ping_status":"open","sticky":false,"template":"","format":"standard","meta":{"footnotes":""},"categories":[38],"tags":[],"class_list":["post-2229","post","type-post","status-publish","format-standard","hentry","category-regional"],"jetpack_featured_media_url":"","_links":{"self":[{"href":"https:\/\/radiorevelacionfm.cl\/index.php?rest_route=\/wp\/v2\/posts\/2229","targetHints":{"allow":["GET"]}}],"collection":[{"href":"https:\/\/radiorevelacionfm.cl\/index.php?rest_route=\/wp\/v2\/posts"}],"about":[{"href":"https:\/\/radiorevelacionfm.cl\/index.php?rest_route=\/wp\/v2\/types\/post"}],"author":[{"embeddable":true,"href":"https:\/\/radiorevelacionfm.cl\/index.php?rest_route=\/wp\/v2\/users\/1"}],"replies":[{"embeddable":true,"href":"https:\/\/radiorevelacionfm.cl\/index.php?rest_route=%2Fwp%2Fv2%2Fcomments&post=2229"}],"version-history":[{"count":1,"href":"https:\/\/radiorevelacionfm.cl\/index.php?rest_route=\/wp\/v2\/posts\/2229\/revisions"}],"predecessor-version":[{"id":2231,"href":"https:\/\/radiorevelacionfm.cl\/index.php?rest_route=\/wp\/v2\/posts\/2229\/revisions\/2231"}],"wp:attachment":[{"href":"https:\/\/radiorevelacionfm.cl\/index.php?rest_route=%2Fwp%2Fv2%2Fmedia&parent=2229"}],"wp:term":[{"taxonomy":"category","embeddable":true,"href":"https:\/\/radiorevelacionfm.cl\/index.php?rest_route=%2Fwp%2Fv2%2Fcategories&post=2229"},{"taxonomy":"post_tag","embeddable":true,"href":"https:\/\/radiorevelacionfm.cl\/index.php?rest_route=%2Fwp%2Fv2%2Ftags&post=2229"}],"curies":[{"name":"wp","href":"https:\/\/api.w.org\/{rel}","templated":true}]}}