{"id":22282,"date":"2022-09-28T09:49:06","date_gmt":"2022-09-28T12:49:06","guid":{"rendered":"https:\/\/radiorevelacionfm.cl\/?p=22282"},"modified":"2022-09-28T09:49:06","modified_gmt":"2022-09-28T12:49:06","slug":"educadora-de-jardin-de-valle-simpson-logra-nivel-avanzado-en-proceso-del-sistema-de-desarrollo-profesional-docente","status":"publish","type":"post","link":"https:\/\/radiorevelacionfm.cl\/?p=22282","title":{"rendered":"Educadora de Jard\u00edn de Valle Simpson logra nivel \u201cavanzado\u201d en proceso del Sistema de Desarrollo Profesional Docente"},"content":{"rendered":"<div class=\"flex_column av_one_full  flex_column_div av-zero-column-padding first  avia-builder-el-0  el_before_av_one_full  avia-builder-el-first  \" style='border-radius:0px; '><div  class='avia-image-container  av-styling-    avia-builder-el-1  avia-builder-el-no-sibling  avia-align-center '  itemprop=\"image\" itemscope=\"itemscope\" itemtype=\"https:\/\/schema.org\/ImageObject\"  ><div class='avia-image-container-inner'><div class='avia-image-overlay-wrap'><img decoding=\"async\" class='wp-image-22283 avia-img-lazy-loading-not-22283 avia_image' src=\"https:\/\/radiorevelacionfm.cl\/wp-content\/uploads\/2022\/09\/IMG_4718a-1-1.jpg\" alt='' title='IMG_4718a (1) (1)' height=\"600\" width=\"1086\"  itemprop=\"thumbnailUrl\" srcset=\"https:\/\/radiorevelacionfm.cl\/wp-content\/uploads\/2022\/09\/IMG_4718a-1-1.jpg 1086w, https:\/\/radiorevelacionfm.cl\/wp-content\/uploads\/2022\/09\/IMG_4718a-1-1-300x166.jpg 300w, https:\/\/radiorevelacionfm.cl\/wp-content\/uploads\/2022\/09\/IMG_4718a-1-1-1030x569.jpg 1030w, https:\/\/radiorevelacionfm.cl\/wp-content\/uploads\/2022\/09\/IMG_4718a-1-1-768x424.jpg 768w, https:\/\/radiorevelacionfm.cl\/wp-content\/uploads\/2022\/09\/IMG_4718a-1-1-705x390.jpg 705w, https:\/\/radiorevelacionfm.cl\/wp-content\/uploads\/2022\/09\/IMG_4718a-1-1-600x331.jpg 600w\" sizes=\"(max-width: 1086px) 100vw, 1086px\" \/><\/div><\/div><\/div><\/div><div class=\"flex_column av_one_full  flex_column_div av-zero-column-padding first  avia-builder-el-2  el_after_av_one_full  el_before_av_one_full  column-top-margin\" style='border-radius:0px; '><section class=\"av_textblock_section \"  itemscope=\"itemscope\" itemtype=\"https:\/\/schema.org\/BlogPosting\" itemprop=\"blogPost\" ><div class='avia_textblock  '   itemprop=\"text\" ><p style=\"text-align: center;\"><strong><span style=\"font-size: 18pt;\">Educadora de Jard\u00edn de Valle Simpson logra nivel \u201cavanzado\u201d en proceso del Sistema de Desarrollo Profesional Docente<\/span><\/strong><\/p>\n<div id=\"gtx-trans\" style=\"position: absolute; left: -50px; top: 4.31534px;\">\n<div class=\"gtx-trans-icon\"><\/div>\n<\/div>\n<\/div><\/section><\/div><div class=\"flex_column av_one_full  flex_column_div av-zero-column-padding first  avia-builder-el-4  el_after_av_one_full  el_before_av_hr  column-top-margin\" style='border-radius:0px; '><section class=\"av_textblock_section \"  itemscope=\"itemscope\" itemtype=\"https:\/\/schema.org\/BlogPosting\" itemprop=\"blogPost\" ><div class='avia_textblock  '   itemprop=\"text\" ><p style=\"text-align: justify;\">La Carrera Docente cuenta con 5 tramos de desarrollo (Inicial, Temprano, Avanzado, Experto I y Experto II), adem\u00e1s de un tramo provisorio denominado Acceso.<\/p>\n<p style=\"text-align: justify;\">Esmeralda Toledo Larenas es funcionaria de Junji hace 4 a\u00f1os, y 3 lleva en el jard\u00edn infantil \u201cTroperitos del valle\u201d en Valle Simpson, en la comuna de Coyhaique, y fue evaluada en el tramo avanzado.<\/p>\n<p style=\"text-align: justify;\">Como una manera de mejorar las practicas pedag\u00f3gicas en 2017 se implementa el Sistema de Desarrollo Profesional Docente a partir de lo dispuesto en la Ley N\u00b0 20.903, para promover que educadoras y educadores de p\u00e1rvulos de salas cuna y jardines infantiles sean el motor de cambio que permita entregar a ni\u00f1os y ni\u00f1as una educaci\u00f3n de calidad, a trav\u00e9s de una trayectoria atractiva, fortaleciendo pr\u00e1cticas pedag\u00f3gicas por medio de procesos de formaci\u00f3n y acompa\u00f1amiento. As\u00ed como tambi\u00e9n, acceder a cursos de perfeccionamiento y programas de inducci\u00f3n y mentor\u00eda, especialmente dise\u00f1ados para quienes inician su trayectoria profesional.<\/p>\n<p style=\"text-align: justify;\">Esmeralda Toledo Larenas es educadora de p\u00e1rvulos de la universidad de Valpara\u00edso y mag\u00edster en direcci\u00f3n y liderazgo para la gesti\u00f3n educacional, de la universidad Andr\u00e9s Bello, es oriunda de Villa Alemana y desde 2019 que trabaja en Junji Ays\u00e9n. Sus ganas de llevar a otro nivel su carrera profesional, el amor inmenso que tiene por sus ni\u00f1os y ni\u00f1as y por la vocaci\u00f3n que gu\u00eda sus pasos, fue que decide a inscribirse en este proceso de evaluaci\u00f3n integral: \u201cFue un proceso largo y ameno, porque finalmente es lo que uno realiza a diario en el jard\u00edn infantil. Evaluamos nuestras pr\u00e1cticas, escogemos las experiencias m\u00e1s exitosas, fue un proceso muy grato. Que me ayud\u00f3 tambi\u00e9n a conocer mis fortalezas y debilidades y cu\u00e1les son las oportunidades que tengo que mejorar para entregar una educaci\u00f3n de calidad a los ni\u00f1os y las ni\u00f1as. Fue una gran oportunidad, ten\u00eda que hacerlo. Yo le dir\u00eda a las dem\u00e1s que se atrevan, que no es un proceso dif\u00edcil, si es largo y requiere mucho compromiso, mucho tiempo y mucha dedicaci\u00f3n\u201d dijo Esmeralda.<\/p>\n<p style=\"text-align: justify;\">Para la directora del jard\u00edn infantil Troperitos del Valle; Mar\u00eda In\u00e9s Vera, este paso es uno muy importante: \u201cA Esmeralda le fue muy bien, nos deja muy bien, tanto al jard\u00edn como a Junji, porque ella sali\u00f3 muy bien evaluada y represent\u00f3 a la instituci\u00f3n. Felicitarla enormemente, y que siga siendo una excelente profesional, agradecerle su esfuerzo, dedicada, con esmero, con amor, con entrega, tanto a los ni\u00f1os como las familias y al equipo de ac\u00e1 de Troperitos del Valle\u201d se\u00f1al\u00f3.<\/p>\n<p style=\"text-align: justify;\">Desde Junji Ays\u00e9n, su director regional manifest\u00f3 su alegr\u00eda por el logro conseguido: \u201cqueremos enviar un fuerte abrazo a Esmeralda, felicitarla y decirle que el equipo de Junji Ays\u00e9n se siente orgulloso por el logro en la evaluaci\u00f3n docente, esta es una muestra que se pueden lograr los objetivos, por la misma raz\u00f3n quiero hacerles un llamado a todas las educadoras de p\u00e1rvulos para que se atrevan y realicen lo que ellas mejor saben hacer entregar educaci\u00f3n de calidad a ni\u00f1os y ni\u00f1as\u201d dijo Sergio Herrera Hern\u00e1ndez.<\/p>\n<p style=\"text-align: justify;\">Seg\u00fan coment\u00f3 Esmeralda \u201cen este proceso una comisi\u00f3n evaluadora revisa las evaluaciones, planificaciones, las experiencias, el espacio, el protagonismo que le entregamos a los ni\u00f1os, los juegos. Las pruebas involucran el nivel transici\u00f3n, las etapas de los ni\u00f1os, las bases curriculares, los aprendizajes\u201d. Para finalizar agradeci\u00f3 a su equipo t\u00e9cnico: \u201cse preocuparon de que no faltara nada y a la directora que me apoy\u00f3 mucho y me anim\u00f3 a seguir con este proceso, en 4 a\u00f1os me voy a volver a evaluar\u201d.<\/p>\n<\/div><\/section><\/div><div  style='height:50px' class='hr hr-invisible   avia-builder-el-6  el_after_av_one_full  el_before_av_social_share '><span class='hr-inner ' ><span class='hr-inner-style'><\/span><\/span><\/div><\/p>\n<div  class='av-social-sharing-box  avia-builder-el-7  el_after_av_hr  el_before_av_hr  '><div class='av-share-box'><h5 class='av-share-link-description av-no-toc '>Compartir esta noticia<\/h5><ul class='av-share-box-list noLightbox'><li class='av-share-link av-social-link-facebook' ><a target=\"_blank\" aria-label=\"Compartir en Facebook\" href='https:\/\/www.facebook.com\/sharer.php?u=https:\/\/radiorevelacionfm.cl\/?p=22282&#038;t=Educadora%20de%20Jard%C3%ADn%20de%20Valle%20Simpson%20logra%20nivel%20%E2%80%9Cavanzado%E2%80%9D%20en%20proceso%20del%20Sistema%20de%20Desarrollo%20Profesional%20Docente' aria-hidden='false' data-av_icon='\ue8f3' data-av_iconfont='entypo-fontello' title='' data-avia-related-tooltip='Compartir en Facebook' rel=\"noopener\"><span class='avia_hidden_link_text'>Compartir en Facebook<\/span><\/a><\/li><li class='av-share-link av-social-link-twitter' ><a target=\"_blank\" aria-label=\"Compartir en Twitter\" href='https:\/\/twitter.com\/share?text=Educadora%20de%20Jard%C3%ADn%20de%20Valle%20Simpson%20logra%20nivel%20%E2%80%9Cavanzado%E2%80%9D%20en%20proceso%20del%20Sistema%20de%20Desarrollo%20Profesional%20Docente&#038;url=https:\/\/radiorevelacionfm.cl\/?p=22282' aria-hidden='false' data-av_icon='\ue8f1' data-av_iconfont='entypo-fontello' title='' data-avia-related-tooltip='Compartir en Twitter' rel=\"noopener\"><span class='avia_hidden_link_text'>Compartir en Twitter<\/span><\/a><\/li><li class='av-share-link av-social-link-whatsapp' ><a target=\"_blank\" aria-label=\"Compartir en Whatsapp\" href='https:\/\/api.whatsapp.com\/send?text=https:\/\/radiorevelacionfm.cl\/?p=22282' aria-hidden='false' data-av_icon='\uf232' data-av_iconfont='entypo-fontello' title='' data-avia-related-tooltip='Compartir en Whatsapp' rel=\"noopener\"><span class='avia_hidden_link_text'>Compartir en Whatsapp<\/span><\/a><\/li><li class='av-share-link av-social-link-linkedin' ><a target=\"_blank\" aria-label=\"Compartir en LinkedIn\" href='https:\/\/linkedin.com\/shareArticle?mini=true&#038;title=Educadora%20de%20Jard%C3%ADn%20de%20Valle%20Simpson%20logra%20nivel%20%E2%80%9Cavanzado%E2%80%9D%20en%20proceso%20del%20Sistema%20de%20Desarrollo%20Profesional%20Docente&#038;url=https:\/\/radiorevelacionfm.cl\/?p=22282' aria-hidden='false' data-av_icon='\ue8fc' data-av_iconfont='entypo-fontello' title='' data-avia-related-tooltip='Compartir en LinkedIn' rel=\"noopener\"><span class='avia_hidden_link_text'>Compartir en LinkedIn<\/span><\/a><\/li><li class='av-share-link av-social-link-mail' ><a  aria-label=\"Compartir por correo\" href='mailto:?subject=Educadora%20de%20Jard%C3%ADn%20de%20Valle%20Simpson%20logra%20nivel%20%E2%80%9Cavanzado%E2%80%9D%20en%20proceso%20del%20Sistema%20de%20Desarrollo%20Profesional%20Docente&#038;body=https:\/\/radiorevelacionfm.cl\/?p=22282' aria-hidden='false' data-av_icon='\ue805' data-av_iconfont='entypo-fontello' title='' data-avia-related-tooltip='Compartir por correo'><span class='avia_hidden_link_text'>Compartir por correo<\/span><\/a><\/li><\/ul><\/div><\/div>\n<div  style='height:50px' class='hr hr-invisible   avia-builder-el-8  el_after_av_social_share  el_before_av_comments_list '><span class='hr-inner ' ><span class='hr-inner-style'><\/span><\/span><\/div>\n<div  class='av-buildercomment  av-blog-meta-html-info-disabled av-blog-meta-tag-disabled  '><\/div>\n","protected":false},"excerpt":{"rendered":"","protected":false},"author":1,"featured_media":22283,"comment_status":"open","ping_status":"open","sticky":false,"template":"","format":"standard","meta":{"footnotes":""},"categories":[49],"tags":[],"class_list":["post-22282","post","type-post","status-publish","format-standard","has-post-thumbnail","hentry","category-educacion"],"jetpack_featured_media_url":"https:\/\/radiorevelacionfm.cl\/wp-content\/uploads\/2022\/09\/IMG_4718a-1-1.jpg","_links":{"self":[{"href":"https:\/\/radiorevelacionfm.cl\/index.php?rest_route=\/wp\/v2\/posts\/22282","targetHints":{"allow":["GET"]}}],"collection":[{"href":"https:\/\/radiorevelacionfm.cl\/index.php?rest_route=\/wp\/v2\/posts"}],"about":[{"href":"https:\/\/radiorevelacionfm.cl\/index.php?rest_route=\/wp\/v2\/types\/post"}],"author":[{"embeddable":true,"href":"https:\/\/radiorevelacionfm.cl\/index.php?rest_route=\/wp\/v2\/users\/1"}],"replies":[{"embeddable":true,"href":"https:\/\/radiorevelacionfm.cl\/index.php?rest_route=%2Fwp%2Fv2%2Fcomments&post=22282"}],"version-history":[{"count":2,"href":"https:\/\/radiorevelacionfm.cl\/index.php?rest_route=\/wp\/v2\/posts\/22282\/revisions"}],"predecessor-version":[{"id":22298,"href":"https:\/\/radiorevelacionfm.cl\/index.php?rest_route=\/wp\/v2\/posts\/22282\/revisions\/22298"}],"wp:featuredmedia":[{"embeddable":true,"href":"https:\/\/radiorevelacionfm.cl\/index.php?rest_route=\/wp\/v2\/media\/22283"}],"wp:attachment":[{"href":"https:\/\/radiorevelacionfm.cl\/index.php?rest_route=%2Fwp%2Fv2%2Fmedia&parent=22282"}],"wp:term":[{"taxonomy":"category","embeddable":true,"href":"https:\/\/radiorevelacionfm.cl\/index.php?rest_route=%2Fwp%2Fv2%2Fcategories&post=22282"},{"taxonomy":"post_tag","embeddable":true,"href":"https:\/\/radiorevelacionfm.cl\/index.php?rest_route=%2Fwp%2Fv2%2Ftags&post=22282"}],"curies":[{"name":"wp","href":"https:\/\/api.w.org\/{rel}","templated":true}]}}