{"id":22274,"date":"2022-09-27T19:21:29","date_gmt":"2022-09-27T22:21:29","guid":{"rendered":"https:\/\/radiorevelacionfm.cl\/?p=22274"},"modified":"2022-09-27T19:21:29","modified_gmt":"2022-09-27T22:21:29","slug":"abren-concurso-literario-para-promover-la-cultura-de-pueblos-originarios-en-la-comuna-de-aysen","status":"publish","type":"post","link":"https:\/\/radiorevelacionfm.cl\/?p=22274","title":{"rendered":"Abren concurso literario para promover la cultura de pueblos originarios en la comuna de Ays\u00e9n"},"content":{"rendered":"<div class=\"flex_column av_one_full  flex_column_div av-zero-column-padding first  avia-builder-el-0  el_before_av_one_full  avia-builder-el-first  \" style='border-radius:0px; '><div  class='avia-image-container  av-styling-    avia-builder-el-1  avia-builder-el-no-sibling  avia-align-center '  itemprop=\"image\" itemscope=\"itemscope\" itemtype=\"https:\/\/schema.org\/ImageObject\"  ><div class='avia-image-container-inner'><div class='avia-image-overlay-wrap'><img decoding=\"async\" class='wp-image-22275 avia-img-lazy-loading-not-22275 avia_image' src=\"https:\/\/radiorevelacionfm.cl\/wp-content\/uploads\/2022\/09\/pespi-aysen-2-1_optimized.jpg\" alt='' title='pespi-aysen-(2)-(1)_optimized' height=\"600\" width=\"1067\"  itemprop=\"thumbnailUrl\" srcset=\"https:\/\/radiorevelacionfm.cl\/wp-content\/uploads\/2022\/09\/pespi-aysen-2-1_optimized.jpg 1067w, https:\/\/radiorevelacionfm.cl\/wp-content\/uploads\/2022\/09\/pespi-aysen-2-1_optimized-300x169.jpg 300w, https:\/\/radiorevelacionfm.cl\/wp-content\/uploads\/2022\/09\/pespi-aysen-2-1_optimized-1030x579.jpg 1030w, https:\/\/radiorevelacionfm.cl\/wp-content\/uploads\/2022\/09\/pespi-aysen-2-1_optimized-768x432.jpg 768w, https:\/\/radiorevelacionfm.cl\/wp-content\/uploads\/2022\/09\/pespi-aysen-2-1_optimized-705x396.jpg 705w, https:\/\/radiorevelacionfm.cl\/wp-content\/uploads\/2022\/09\/pespi-aysen-2-1_optimized-600x337.jpg 600w\" sizes=\"(max-width: 1067px) 100vw, 1067px\" \/><\/div><\/div><\/div><\/div><div class=\"flex_column av_one_full  flex_column_div av-zero-column-padding first  avia-builder-el-2  el_after_av_one_full  el_before_av_one_full  column-top-margin\" style='border-radius:0px; '><section class=\"av_textblock_section \"  itemscope=\"itemscope\" itemtype=\"https:\/\/schema.org\/BlogPosting\" itemprop=\"blogPost\" ><div class='avia_textblock  '   itemprop=\"text\" ><p style=\"text-align: center;\"><strong><span style=\"font-size: 18pt;\">Abren concurso literario para promover la cultura de pueblos originarios en la comuna de Ays\u00e9n<\/span><\/strong><\/p>\n<div id=\"gtx-trans\" style=\"position: absolute; left: -50px; top: 4.31534px;\">\n<div class=\"gtx-trans-icon\"><\/div>\n<\/div>\n<\/div><\/section><\/div><div class=\"flex_column av_one_full  flex_column_div av-zero-column-padding first  avia-builder-el-4  el_after_av_one_full  el_before_av_hr  column-top-margin\" style='border-radius:0px; '><section class=\"av_textblock_section \"  itemscope=\"itemscope\" itemtype=\"https:\/\/schema.org\/BlogPosting\" itemprop=\"blogPost\" ><div class='avia_textblock  '   itemprop=\"text\" ><p style=\"font-weight: 400; text-align: justify;\">Desde el 26 de septiembre y hasta el 28 de octubre estar\u00e1n abiertas las postulaciones para el primer concurso literario sobre cuentos y relatos del territorio de Ays\u00e9n, organizado por el Servicio de Salud Ays\u00e9n, a trav\u00e9s de su Programa Especial de Salud y Pueblos Ind\u00edgenas (PESPI) y la Municipalidad local,\u00a0con el prop\u00f3sito de promover y fortalecer la cultura de los pueblos originarios de la comuna de Ays\u00e9n, reconocer su existencia, valorar la historia y junto ello, preservar\u00a0 las pr\u00e1cticas y pautas culturales de las distintas comunidades.<\/p>\n<p style=\"font-weight: 400; text-align: justify;\">Pueden participar ni\u00f1os, ni\u00f1as y j\u00f3venes entre 7 y 17 a\u00f1os, en categor\u00eda de 7 a 12 a\u00f1os de edad y 13 a 17.\u00a0 \u201cTenemos que revitalizar la historia hablada, y para ello, es muy importante la conversaci\u00f3n con nuestros padres con nuestros ancianos, tenemos que visibilizar la forma de vida en los territorios, y que mejor, hacerlo por medio de la conversaci\u00f3n y las letras\u201d, se\u00f1al\u00f3 Marcia Nahuelqu\u00edn, referente regional del programa PESPI.<\/p>\n<p style=\"font-weight: 400; text-align: justify;\">El concurso ser\u00e1 promocionado en los establecimientos educacionales municipalizados y particulares subvencionados de la comuna de Ays\u00e9n y las obras pueden ser enviadas a los correos electr\u00f3nicos\u00a0<a href=\"mailto:marcia.nahuelquin@saludaysen.cl\">marcia.nahuelquin@saludaysen.cl<\/a>\u00a0o\u00a0<a href=\"mailto:dchiguay@puertoaysen.cl\">dchiguay@puertoaysen.cl<\/a>.<\/p>\n<p style=\"font-weight: 400; text-align: justify;\">\u201cMencionar que debemos ver la salud de las personas y de las comunidades como un todo, de tal forma de llevar a cabo sus aspiraciones y de satisfacer sus necesidades, pero tambi\u00e9n saber enfrentarse con el ambiente. En consecuencia, la salud debe considerarse no como un objetivo en la vida, sino como un recurso m\u00e1s de la vida cotidiana. La salud es un concepto positivo que comprende recursos personales y sociales, as\u00ed como de capacidad f\u00edsica adecuada\u201d, agreg\u00f3 Marcia Nahuelqu\u00edn.<\/p>\n<p style=\"font-weight: 400; text-align: justify;\">En este contexto es que el Programa Especial de Salud y Pueblos Ind\u00edgenas busca fortalecer la cultura y valorizar la riqueza de las personas en su espacio y en su entorno, potenciando de esta forma el modelo de atenci\u00f3n de salud integral, familiar y comunitario, modelo de salud instaurado en la Atenci\u00f3n Primaria de Salud (APS), donde el Programa Especial de Salud y Pueblos Ind\u00edgenas, es un eje importante por el trabajo social, territorial y comunitario.<\/p>\n<p style=\"font-weight: 400; text-align: justify;\">Cabe se\u00f1alar por \u00faltimo que la premiaci\u00f3n se llevar\u00e1 a cabo el 11 de noviembre en la biblioteca municipal de Puerto Ays\u00e9n.<\/p>\n<\/div><\/section><\/div><div  style='height:50px' class='hr hr-invisible   avia-builder-el-6  el_after_av_one_full  el_before_av_social_share '><span class='hr-inner ' ><span class='hr-inner-style'><\/span><\/span><\/div><\/p>\n<div  class='av-social-sharing-box  avia-builder-el-7  el_after_av_hr  el_before_av_hr  '><div class='av-share-box'><h5 class='av-share-link-description av-no-toc '>Compartir esta noticia<\/h5><ul class='av-share-box-list noLightbox'><li class='av-share-link av-social-link-facebook' ><a target=\"_blank\" aria-label=\"Compartir en Facebook\" href='https:\/\/www.facebook.com\/sharer.php?u=https:\/\/radiorevelacionfm.cl\/?p=22274&#038;t=Abren%20concurso%20literario%20para%20promover%20la%20cultura%20de%20pueblos%20originarios%20en%20la%20comuna%20de%20Ays%C3%A9n' aria-hidden='false' data-av_icon='\ue8f3' data-av_iconfont='entypo-fontello' title='' data-avia-related-tooltip='Compartir en Facebook' rel=\"noopener\"><span class='avia_hidden_link_text'>Compartir en Facebook<\/span><\/a><\/li><li class='av-share-link av-social-link-twitter' ><a target=\"_blank\" aria-label=\"Compartir en Twitter\" href='https:\/\/twitter.com\/share?text=Abren%20concurso%20literario%20para%20promover%20la%20cultura%20de%20pueblos%20originarios%20en%20la%20comuna%20de%20Ays%C3%A9n&#038;url=https:\/\/radiorevelacionfm.cl\/?p=22274' aria-hidden='false' data-av_icon='\ue8f1' data-av_iconfont='entypo-fontello' title='' data-avia-related-tooltip='Compartir en Twitter' rel=\"noopener\"><span class='avia_hidden_link_text'>Compartir en Twitter<\/span><\/a><\/li><li class='av-share-link av-social-link-whatsapp' ><a target=\"_blank\" aria-label=\"Compartir en Whatsapp\" href='https:\/\/api.whatsapp.com\/send?text=https:\/\/radiorevelacionfm.cl\/?p=22274' aria-hidden='false' data-av_icon='\uf232' data-av_iconfont='entypo-fontello' title='' data-avia-related-tooltip='Compartir en Whatsapp' rel=\"noopener\"><span class='avia_hidden_link_text'>Compartir en Whatsapp<\/span><\/a><\/li><li class='av-share-link av-social-link-linkedin' ><a target=\"_blank\" aria-label=\"Compartir en LinkedIn\" href='https:\/\/linkedin.com\/shareArticle?mini=true&#038;title=Abren%20concurso%20literario%20para%20promover%20la%20cultura%20de%20pueblos%20originarios%20en%20la%20comuna%20de%20Ays%C3%A9n&#038;url=https:\/\/radiorevelacionfm.cl\/?p=22274' aria-hidden='false' data-av_icon='\ue8fc' data-av_iconfont='entypo-fontello' title='' data-avia-related-tooltip='Compartir en LinkedIn' rel=\"noopener\"><span class='avia_hidden_link_text'>Compartir en LinkedIn<\/span><\/a><\/li><li class='av-share-link av-social-link-mail' ><a  aria-label=\"Compartir por correo\" href='mailto:?subject=Abren%20concurso%20literario%20para%20promover%20la%20cultura%20de%20pueblos%20originarios%20en%20la%20comuna%20de%20Ays%C3%A9n&#038;body=https:\/\/radiorevelacionfm.cl\/?p=22274' aria-hidden='false' data-av_icon='\ue805' data-av_iconfont='entypo-fontello' title='' data-avia-related-tooltip='Compartir por correo'><span class='avia_hidden_link_text'>Compartir por correo<\/span><\/a><\/li><\/ul><\/div><\/div>\n<div  style='height:50px' class='hr hr-invisible   avia-builder-el-8  el_after_av_social_share  el_before_av_comments_list '><span class='hr-inner ' ><span class='hr-inner-style'><\/span><\/span><\/div>\n<div  class='av-buildercomment  av-blog-meta-html-info-disabled av-blog-meta-tag-disabled  '><\/div>\n","protected":false},"excerpt":{"rendered":"","protected":false},"author":1,"featured_media":22275,"comment_status":"open","ping_status":"open","sticky":false,"template":"","format":"standard","meta":{"footnotes":""},"categories":[38],"tags":[],"class_list":["post-22274","post","type-post","status-publish","format-standard","has-post-thumbnail","hentry","category-regional"],"jetpack_featured_media_url":"https:\/\/radiorevelacionfm.cl\/wp-content\/uploads\/2022\/09\/pespi-aysen-2-1_optimized.jpg","_links":{"self":[{"href":"https:\/\/radiorevelacionfm.cl\/index.php?rest_route=\/wp\/v2\/posts\/22274","targetHints":{"allow":["GET"]}}],"collection":[{"href":"https:\/\/radiorevelacionfm.cl\/index.php?rest_route=\/wp\/v2\/posts"}],"about":[{"href":"https:\/\/radiorevelacionfm.cl\/index.php?rest_route=\/wp\/v2\/types\/post"}],"author":[{"embeddable":true,"href":"https:\/\/radiorevelacionfm.cl\/index.php?rest_route=\/wp\/v2\/users\/1"}],"replies":[{"embeddable":true,"href":"https:\/\/radiorevelacionfm.cl\/index.php?rest_route=%2Fwp%2Fv2%2Fcomments&post=22274"}],"version-history":[{"count":2,"href":"https:\/\/radiorevelacionfm.cl\/index.php?rest_route=\/wp\/v2\/posts\/22274\/revisions"}],"predecessor-version":[{"id":22281,"href":"https:\/\/radiorevelacionfm.cl\/index.php?rest_route=\/wp\/v2\/posts\/22274\/revisions\/22281"}],"wp:featuredmedia":[{"embeddable":true,"href":"https:\/\/radiorevelacionfm.cl\/index.php?rest_route=\/wp\/v2\/media\/22275"}],"wp:attachment":[{"href":"https:\/\/radiorevelacionfm.cl\/index.php?rest_route=%2Fwp%2Fv2%2Fmedia&parent=22274"}],"wp:term":[{"taxonomy":"category","embeddable":true,"href":"https:\/\/radiorevelacionfm.cl\/index.php?rest_route=%2Fwp%2Fv2%2Fcategories&post=22274"},{"taxonomy":"post_tag","embeddable":true,"href":"https:\/\/radiorevelacionfm.cl\/index.php?rest_route=%2Fwp%2Fv2%2Ftags&post=22274"}],"curies":[{"name":"wp","href":"https:\/\/api.w.org\/{rel}","templated":true}]}}