{"id":22269,"date":"2022-09-27T16:31:36","date_gmt":"2022-09-27T19:31:36","guid":{"rendered":"https:\/\/radiorevelacionfm.cl\/?p=22269"},"modified":"2022-09-27T16:31:36","modified_gmt":"2022-09-27T19:31:36","slug":"calisto-pide-a-ministro-de-transportes-una-solucion-urgente-para-problema-de-conectividad-que-afecta-al-lago-general-carrera","status":"publish","type":"post","link":"https:\/\/radiorevelacionfm.cl\/?p=22269","title":{"rendered":"Calisto pide a Ministro de Transportes una soluci\u00f3n urgente para problema de conectividad que afecta al Lago General Carrera"},"content":{"rendered":"<div class=\"flex_column av_one_full  flex_column_div av-zero-column-padding first  avia-builder-el-0  el_before_av_one_full  avia-builder-el-first  \" style='border-radius:0px; '><div  class='avia-image-container  av-styling-    avia-builder-el-1  avia-builder-el-no-sibling  avia-align-center '  itemprop=\"image\" itemscope=\"itemscope\" itemtype=\"https:\/\/schema.org\/ImageObject\"  ><div class='avia-image-container-inner'><div class='avia-image-overlay-wrap'><img decoding=\"async\" class='wp-image-22270 avia-img-lazy-loading-not-22270 avia_image' src=\"https:\/\/radiorevelacionfm.cl\/wp-content\/uploads\/2022\/09\/foto-ministro-2-1_optimized.jpeg\" alt='' title='foto-ministro-2-(1)_optimized' height=\"600\" width=\"900\"  itemprop=\"thumbnailUrl\" srcset=\"https:\/\/radiorevelacionfm.cl\/wp-content\/uploads\/2022\/09\/foto-ministro-2-1_optimized.jpeg 900w, https:\/\/radiorevelacionfm.cl\/wp-content\/uploads\/2022\/09\/foto-ministro-2-1_optimized-300x200.jpeg 300w, https:\/\/radiorevelacionfm.cl\/wp-content\/uploads\/2022\/09\/foto-ministro-2-1_optimized-768x512.jpeg 768w, https:\/\/radiorevelacionfm.cl\/wp-content\/uploads\/2022\/09\/foto-ministro-2-1_optimized-705x470.jpeg 705w, https:\/\/radiorevelacionfm.cl\/wp-content\/uploads\/2022\/09\/foto-ministro-2-1_optimized-600x400.jpeg 600w\" sizes=\"(max-width: 900px) 100vw, 900px\" \/><\/div><\/div><\/div><\/div><div class=\"flex_column av_one_full  flex_column_div av-zero-column-padding first  avia-builder-el-2  el_after_av_one_full  el_before_av_one_full  column-top-margin\" style='border-radius:0px; '><section class=\"av_textblock_section \"  itemscope=\"itemscope\" itemtype=\"https:\/\/schema.org\/BlogPosting\" itemprop=\"blogPost\" ><div class='avia_textblock  '   itemprop=\"text\" ><p style=\"text-align: center;\"><span style=\"font-size: 18pt;\"><b>Calisto pide a Ministro de Transportes una soluci\u00f3n urgente para problema de conectividad que afecta al Lago General Carrera<\/b><\/span><\/p>\n<div id=\"gtx-trans\" style=\"position: absolute; left: -50px; top: 4.31534px;\">\n<div class=\"gtx-trans-icon\"><\/div>\n<\/div>\n<\/div><\/section><\/div><div class=\"flex_column av_one_full  flex_column_div av-zero-column-padding first  avia-builder-el-4  el_after_av_one_full  el_before_av_hr  column-top-margin\" style='border-radius:0px; '><section class=\"av_textblock_section \"  itemscope=\"itemscope\" itemtype=\"https:\/\/schema.org\/BlogPosting\" itemprop=\"blogPost\" ><div class='avia_textblock  '   itemprop=\"text\" ><p style=\"font-weight: 400; text-align: justify;\">Luego que este domingo la barcaza Chelenko perdiera la rampa de acceso a los pocos minutos de zarpar desde Chile Chico, lo que gener\u00f3 la suspensi\u00f3n indefinida del tr\u00e1nsito lacustre, el diputado Miguel \u00c1ngel Calisto se reuni\u00f3 con el Ministro de Transportes, Juan Carlos Mu\u00f1oz, a quien le pidi\u00f3 una soluci\u00f3n urgente a la crisis de conectividad que se vive hace alg\u00fan tiempo en la cuenca del Lago General Carrera.<\/p>\n<p style=\"font-weight: 400; text-align: justify;\">Seg\u00fan el legislador, \u201cen estos momentos estamos sin conectividad, pero esto no es algo del \u00faltimo minuto, sino que se viene repitiendo pr\u00e1cticamente durante los dos \u00faltimos a\u00f1os. No ha existido planificaci\u00f3n por parte del ministerio, estoy hablando del Gobierno anterior y tambi\u00e9n de este Gobierno, por lo tanto, le pedimos al Ministro que se pueda aplicar una soluci\u00f3n definitiva\u201d.<\/p>\n<p style=\"font-weight: 400; text-align: justify;\">\u201cYa no basta con las reparaciones, se necesita una embarcaci\u00f3n de forma urgente que pueda suplir la necesidad que se tiene en el Lago. Hoy estamos viviendo una situaci\u00f3n de absoluta humillaci\u00f3n a los vecinos, est\u00e1n indignados con justa raz\u00f3n por la ausencia del Estado en la zona\u201d, se\u00f1al\u00f3 Calisto.<\/p>\n<p style=\"font-weight: 400; text-align: justify;\">Calisto agreg\u00f3 que \u201cno estoy hablando de la futura embarcaci\u00f3n que est\u00e1 en etapa de dise\u00f1o, el problema es ahora, porque incluso teniendo la Tehuelche a fines de a\u00f1o, necesitamos otra embarcaci\u00f3n que de garant\u00edas de seguridad y certezas a la comunidad. No tenemos que esperar que sucedan desgracias para reci\u00e9n reaccionar\u201d.<\/p>\n<p style=\"font-weight: 400; text-align: justify;\">\u201cLe pedimos al Ministro que visite la zona lo antes posible, junto al Ministro de Obras p\u00fablicas, no para buscar una soluci\u00f3n, sino para que lleven una soluci\u00f3n lo antes posible. Se podr\u00eda contratar un servicio de barcazas que hoy operan en Chilo\u00e9 o en otras partes de la \u00a0zona sur, con un contrato directo de emergencia\u201d, indic\u00f3.<\/p>\n<p style=\"font-weight: 400; text-align: justify;\">El diputado se\u00f1al\u00f3 que \u201cel ministerio tiene que reaccionar con sentido de urgencia. Valoramos la respuesta del Ministro, pero esperamos que pronto est\u00e9 en la zona con una soluci\u00f3n. Estamos presionando directamente a quienes son los responsables por este tema y los estamos invitando para que nos lleven una soluci\u00f3n definitiva al problema\u201d. 0<\/p>\n<p style=\"font-weight: 400; text-align: justify;\"><strong>Palabras del Ministro<\/strong><\/p>\n<p style=\"font-weight: 400; text-align: justify;\">Por su parte, el Ministro de Transporte, Juan Carlos Mu\u00f1oz, indic\u00f3 que \u201cestamos preocupados por la conectividad lacustre del lago. Es preocupante lo que sucedi\u00f3 hace algunos d\u00edas, donde la Chelenko perdi\u00f3 la rampa para los veh\u00edculos. Estamos trabajando con buzos para poder recuperarla y tener la nave lo antes posible en operaci\u00f3n. Estamos tambi\u00e9n revisando y viendo que la Tehuelche pueda volver a operar pronto. Se nos dice que podr\u00eda estar operativa desde el primero de enero\u201d.<\/p>\n<p style=\"font-weight: 400; text-align: justify;\">Finalmente, el titular de la cartera indic\u00f3 que \u201ces una situaci\u00f3n bien preocupante, pero estamos como Ministerio desplegados para trabajar con los parlamentarios y las autoridades locales para poder generar condiciones que le den mayor resistencia al sistema de transporte lacustre\u201d.<\/p>\n<\/div><\/section><\/div><div  style='height:50px' class='hr hr-invisible   avia-builder-el-6  el_after_av_one_full  el_before_av_social_share '><span class='hr-inner ' ><span class='hr-inner-style'><\/span><\/span><\/div><\/p>\n<div  class='av-social-sharing-box  avia-builder-el-7  el_after_av_hr  el_before_av_hr  '><div class='av-share-box'><h5 class='av-share-link-description av-no-toc '>Compartir esta noticia<\/h5><ul class='av-share-box-list noLightbox'><li class='av-share-link av-social-link-facebook' ><a target=\"_blank\" aria-label=\"Compartir en Facebook\" href='https:\/\/www.facebook.com\/sharer.php?u=https:\/\/radiorevelacionfm.cl\/?p=22269&#038;t=Calisto%20pide%20a%20Ministro%20de%20Transportes%20una%20soluci%C3%B3n%20urgente%20para%20problema%20de%20conectividad%20que%20afecta%20al%20Lago%20General%20Carrera' aria-hidden='false' data-av_icon='\ue8f3' data-av_iconfont='entypo-fontello' title='' data-avia-related-tooltip='Compartir en Facebook' rel=\"noopener\"><span class='avia_hidden_link_text'>Compartir en Facebook<\/span><\/a><\/li><li class='av-share-link av-social-link-twitter' ><a target=\"_blank\" aria-label=\"Compartir en Twitter\" href='https:\/\/twitter.com\/share?text=Calisto%20pide%20a%20Ministro%20de%20Transportes%20una%20soluci%C3%B3n%20urgente%20para%20problema%20de%20conectividad%20que%20afecta%20al%20Lago%20General%20Carrera&#038;url=https:\/\/radiorevelacionfm.cl\/?p=22269' aria-hidden='false' data-av_icon='\ue8f1' data-av_iconfont='entypo-fontello' title='' data-avia-related-tooltip='Compartir en Twitter' rel=\"noopener\"><span class='avia_hidden_link_text'>Compartir en Twitter<\/span><\/a><\/li><li class='av-share-link av-social-link-whatsapp' ><a target=\"_blank\" aria-label=\"Compartir en Whatsapp\" href='https:\/\/api.whatsapp.com\/send?text=https:\/\/radiorevelacionfm.cl\/?p=22269' aria-hidden='false' data-av_icon='\uf232' data-av_iconfont='entypo-fontello' title='' data-avia-related-tooltip='Compartir en Whatsapp' rel=\"noopener\"><span class='avia_hidden_link_text'>Compartir en Whatsapp<\/span><\/a><\/li><li class='av-share-link av-social-link-linkedin' ><a target=\"_blank\" aria-label=\"Compartir en LinkedIn\" href='https:\/\/linkedin.com\/shareArticle?mini=true&#038;title=Calisto%20pide%20a%20Ministro%20de%20Transportes%20una%20soluci%C3%B3n%20urgente%20para%20problema%20de%20conectividad%20que%20afecta%20al%20Lago%20General%20Carrera&#038;url=https:\/\/radiorevelacionfm.cl\/?p=22269' aria-hidden='false' data-av_icon='\ue8fc' data-av_iconfont='entypo-fontello' title='' data-avia-related-tooltip='Compartir en LinkedIn' rel=\"noopener\"><span class='avia_hidden_link_text'>Compartir en LinkedIn<\/span><\/a><\/li><li class='av-share-link av-social-link-mail' ><a  aria-label=\"Compartir por correo\" href='mailto:?subject=Calisto%20pide%20a%20Ministro%20de%20Transportes%20una%20soluci%C3%B3n%20urgente%20para%20problema%20de%20conectividad%20que%20afecta%20al%20Lago%20General%20Carrera&#038;body=https:\/\/radiorevelacionfm.cl\/?p=22269' aria-hidden='false' data-av_icon='\ue805' data-av_iconfont='entypo-fontello' title='' data-avia-related-tooltip='Compartir por correo'><span class='avia_hidden_link_text'>Compartir por correo<\/span><\/a><\/li><\/ul><\/div><\/div>\n<div  style='height:50px' class='hr hr-invisible   avia-builder-el-8  el_after_av_social_share  el_before_av_comments_list '><span class='hr-inner ' ><span class='hr-inner-style'><\/span><\/span><\/div>\n<div  class='av-buildercomment  av-blog-meta-html-info-disabled av-blog-meta-tag-disabled  '><\/div>\n","protected":false},"excerpt":{"rendered":"","protected":false},"author":1,"featured_media":22270,"comment_status":"open","ping_status":"open","sticky":false,"template":"","format":"standard","meta":{"footnotes":""},"categories":[35],"tags":[],"class_list":["post-22269","post","type-post","status-publish","format-standard","has-post-thumbnail","hentry","category-politica"],"jetpack_featured_media_url":"https:\/\/radiorevelacionfm.cl\/wp-content\/uploads\/2022\/09\/foto-ministro-2-1_optimized.jpeg","_links":{"self":[{"href":"https:\/\/radiorevelacionfm.cl\/index.php?rest_route=\/wp\/v2\/posts\/22269","targetHints":{"allow":["GET"]}}],"collection":[{"href":"https:\/\/radiorevelacionfm.cl\/index.php?rest_route=\/wp\/v2\/posts"}],"about":[{"href":"https:\/\/radiorevelacionfm.cl\/index.php?rest_route=\/wp\/v2\/types\/post"}],"author":[{"embeddable":true,"href":"https:\/\/radiorevelacionfm.cl\/index.php?rest_route=\/wp\/v2\/users\/1"}],"replies":[{"embeddable":true,"href":"https:\/\/radiorevelacionfm.cl\/index.php?rest_route=%2Fwp%2Fv2%2Fcomments&post=22269"}],"version-history":[{"count":2,"href":"https:\/\/radiorevelacionfm.cl\/index.php?rest_route=\/wp\/v2\/posts\/22269\/revisions"}],"predecessor-version":[{"id":22272,"href":"https:\/\/radiorevelacionfm.cl\/index.php?rest_route=\/wp\/v2\/posts\/22269\/revisions\/22272"}],"wp:featuredmedia":[{"embeddable":true,"href":"https:\/\/radiorevelacionfm.cl\/index.php?rest_route=\/wp\/v2\/media\/22270"}],"wp:attachment":[{"href":"https:\/\/radiorevelacionfm.cl\/index.php?rest_route=%2Fwp%2Fv2%2Fmedia&parent=22269"}],"wp:term":[{"taxonomy":"category","embeddable":true,"href":"https:\/\/radiorevelacionfm.cl\/index.php?rest_route=%2Fwp%2Fv2%2Fcategories&post=22269"},{"taxonomy":"post_tag","embeddable":true,"href":"https:\/\/radiorevelacionfm.cl\/index.php?rest_route=%2Fwp%2Fv2%2Ftags&post=22269"}],"curies":[{"name":"wp","href":"https:\/\/api.w.org\/{rel}","templated":true}]}}