{"id":22266,"date":"2022-09-27T17:54:17","date_gmt":"2022-09-27T20:54:17","guid":{"rendered":"https:\/\/radiorevelacionfm.cl\/?p=22266"},"modified":"2022-09-27T17:54:17","modified_gmt":"2022-09-27T20:54:17","slug":"invitan-a-participar-en-talleres-de-danza-africana-en-coyhaique-y-puerto-cisnes","status":"publish","type":"post","link":"https:\/\/radiorevelacionfm.cl\/?p=22266","title":{"rendered":"Invitan a participar en talleres de Danza Africana en Coyhaique y Puerto Cisnes"},"content":{"rendered":"<div class=\"flex_column av_one_full  flex_column_div av-zero-column-padding first  avia-builder-el-0  el_before_av_one_full  avia-builder-el-first  \" style='border-radius:0px; '><div  class='avia-image-container  av-styling-    avia-builder-el-1  avia-builder-el-no-sibling  avia-align-center '  itemprop=\"image\" itemscope=\"itemscope\" itemtype=\"https:\/\/schema.org\/ImageObject\"  ><div class='avia-image-container-inner'><div class='avia-image-overlay-wrap'><img decoding=\"async\" class='wp-image-22267 avia-img-lazy-loading-not-22267 avia_image' src=\"https:\/\/radiorevelacionfm.cl\/wp-content\/uploads\/2022\/09\/foto-2-20-1-1_optimized-1.jpg\" alt='' title='foto-2-(20)-(1)-(1)_optimized (1)' height=\"600\" width=\"900\"  itemprop=\"thumbnailUrl\" srcset=\"https:\/\/radiorevelacionfm.cl\/wp-content\/uploads\/2022\/09\/foto-2-20-1-1_optimized-1.jpg 900w, https:\/\/radiorevelacionfm.cl\/wp-content\/uploads\/2022\/09\/foto-2-20-1-1_optimized-1-300x200.jpg 300w, https:\/\/radiorevelacionfm.cl\/wp-content\/uploads\/2022\/09\/foto-2-20-1-1_optimized-1-768x512.jpg 768w, https:\/\/radiorevelacionfm.cl\/wp-content\/uploads\/2022\/09\/foto-2-20-1-1_optimized-1-705x470.jpg 705w, https:\/\/radiorevelacionfm.cl\/wp-content\/uploads\/2022\/09\/foto-2-20-1-1_optimized-1-600x400.jpg 600w\" sizes=\"(max-width: 900px) 100vw, 900px\" \/><\/div><\/div><\/div><\/div><div class=\"flex_column av_one_full  flex_column_div av-zero-column-padding first  avia-builder-el-2  el_after_av_one_full  el_before_av_one_full  column-top-margin\" style='border-radius:0px; '><section class=\"av_textblock_section \"  itemscope=\"itemscope\" itemtype=\"https:\/\/schema.org\/BlogPosting\" itemprop=\"blogPost\" ><div class='avia_textblock  '   itemprop=\"text\" ><p style=\"text-align: center;\"><strong><span style=\"font-size: 18pt;\">Invitan a participar en talleres de Danza Africana en Coyhaique y Puerto Cisnes <\/span><\/strong><\/p>\n<div id=\"gtx-trans\" style=\"position: absolute; left: -50px; top: 4.31534px;\">\n<div class=\"gtx-trans-icon\"><\/div>\n<\/div>\n<\/div><\/section><\/div><div class=\"flex_column av_one_full  flex_column_div av-zero-column-padding first  avia-builder-el-4  el_after_av_one_full  el_before_av_hr  column-top-margin\" style='border-radius:0px; '><section class=\"av_textblock_section \"  itemscope=\"itemscope\" itemtype=\"https:\/\/schema.org\/BlogPosting\" itemprop=\"blogPost\" ><div class='avia_textblock  '   itemprop=\"text\" ><p style=\"text-align: justify;\">Por tercera vez, visitar\u00e1n Coyhaique para realizar talleres, durante el mes de Octubre, <strong>Oumar Ndiaye<\/strong>, docente, core\u00f3grafo, bailar\u00edn, percusionista y acr\u00f3bata de talla Internacional, originario del pa\u00eds Guinea en \u00c1frica Occidental. Cuenta con m\u00e1s de 50 a\u00f1os de experiencia en danza, ha sido miembro de numerosos ballets trabajando en \u00c1frica, Norteam\u00e9rica y Europa; y <strong>Celeste Sol\u00eds<\/strong>, Docente, core\u00f3grafa y bailarina multidisciplinar chilena reconocida a nivel nacional por su participaci\u00f3n en distintos montajes de danza; por su pedagog\u00eda y versatilidad. En conjunto con Oumar, han formado el d\u00fao Baafila. Adem\u00e1s, en esta oportunidad contaremos con la presencia de <strong>Ronald Morales<\/strong>, reconocido percusionista nacional, con m\u00e1s de 10 a\u00f1os de experiencia, quien estar\u00e1 a cargo de liderar la Percusi\u00f3n en Vivo que acompa\u00f1a a las diferentes danzas que aprenderemos durante el Seminario.<\/p>\n<p style=\"text-align: justify;\">En abril del presente a\u00f1o, tuvimos la visita de Oumar y Celeste, para realizar 6 clases de Danza Africana de Guinea y el Occidente Africano, dictadas por Oumar, quien tiene la hermosa habilidad de hacer bailar y disfrutar a todas las personas que participan de su clase. En esa oportunidad, participaron alrededor de 35 personas, con y sin experiencia previa.<\/p>\n<p style=\"text-align: justify;\">Mar\u00eda Jos\u00e9, qui\u00e9n particip\u00f3 anteriormente de las clases, nos comparte su experiencia, \u201cYo estuve participando en los talleres de Oumar y Celeste, que se realizaron en el Museo Regional en Abril, fue una experiencia muy interesante, porque no solo bailamos afro, tambi\u00e9n convivimos en grupo y Oumar nos contaba las historias de los bailes, de que tribu vienen y cual es el rol de las mujeres, de los hombres, de los j\u00f3venes y los ni\u00f1os y las ni\u00f1as en ellos, entonces, es interesante conocer el origen de lo que uno danza. Es una danza que te conecta mucho con la tierra, fue muy tonificante para m\u00ed, tambi\u00e9n si alguien quiere trabajar su cuerpo y no conoce mucho de la danza africana, es s\u00faper aer\u00f3bico, transpiramos mucho, botamos todas las toxinas, as\u00ed que dejo a todas las personas invitadas, a quienes quieran explorar las posibilidades de su cuerpo, que se den este regalo de conocer la Danza Africana, porque seguro que todos los que ya la conocemos, vamos a estar ah\u00ed\u201d.<\/p>\n<p style=\"text-align: justify;\">Tambi\u00e9n recordando la visita anterior a Coyhaique, Celeste Sol\u00eds, nos dej\u00f3 el siguiente agradecimiento e invitaci\u00f3n: \u201cQueremos hacer un fuerte agradecimiento a Carpintero Negro, por generar estas instancias, por toda la producci\u00f3n, por toda la preocupaci\u00f3n. \u00c9stas 6 clases han sido todo un \u00e9xito,\u00a0 estamos s\u00faper contentos con Oumar, por su trabajo. Queremos invitar a todas las personas, sin importar su edad, porque hemos tenido personas desde 14 hasta 60 a\u00f1os, sin importar si han tenido experiencia previa, a venir a las pr\u00f3ximas instancias que genere Carpintero Negro, a compartir, vivenciar y experimentar estas danzas africanas que tanto bien nos hacen\u201d<\/p>\n<p style=\"text-align: justify;\"><strong>Fechas de clases Octubre 2022<\/strong><\/p>\n<p style=\"text-align: justify;\">Danza Africana de Guinea \u2013 Oumar:\u00a0 \u00a0 \u00a0 \u00a010, 12, 14 y 15 Octubre<\/p>\n<p style=\"text-align: justify;\">Danza Afro Contempor\u00e1nea &#8211;\u00a0 Celeste: \u00a0\u00a0\u00a0\u00a0\u00a0\u00a0 11 y 15 Octubre<\/p>\n<p style=\"text-align: justify;\">Rumba \u2013 Celeste:\u00a0\u00a0\u00a0\u00a0\u00a0\u00a0\u00a0\u00a0\u00a0\u00a0\u00a0\u00a0\u00a0\u00a0\u00a0\u00a0\u00a0\u00a0\u00a0\u00a0\u00a0\u00a0\u00a0\u00a0\u00a0\u00a0\u00a0\u00a0\u00a0\u00a0\u00a0\u00a0\u00a0\u00a0\u00a0\u00a0\u00a0\u00a0\u00a0\u00a0\u00a0 13 Octubre<\/p>\n<p style=\"text-align: justify;\">Valor CLASE SUELTA: $10.000.-<\/p>\n<p style=\"text-align: justify;\">PROMOS\u00a0 &#8212;- 7 CLASES X $45.000.- &#8212;- 4 CLASES X $32.000.- &#8212;- 3 CLASES X $25.000.-<\/p>\n<p style=\"text-align: justify;\">**************LUGAR POR CONFIRMAR**************<\/p>\n<p style=\"text-align: justify;\">Adem\u00e1s, se realizar\u00e1n clases en Puerto Cisnes, gracias a una gesti\u00f3n conjunta entre Carpintero Negro y la Agrupaci\u00f3n Art\u00edstica, Social y Cultural Piqueteros, quienes lograron gestionar con el Departamento de Cultura de la Municipalidad de Cisnes, el financiamiento completo de la actividad, la cual ser\u00e1 GRATUITA para quienes deseen participar. Se realizar\u00e1n 2 clases por d\u00eda, el d\u00eda 8 de Octubre a las 16 y 18 horas y el d\u00eda 9 de octubre a las 10 y 12 horas, en el Gimnasio del Liceo Arturo Prat Chac\u00f3n.<\/p>\n<p style=\"text-align: justify;\">Carpintero Negro, realiza este trabajo de forma autogestionada, buscando contribuir a la descentralizaci\u00f3n de las artes, a la diversidad cultural y la valorizaci\u00f3n y reconocimiento de las di\u00e1sporas.<\/p>\n<p style=\"text-align: justify;\">Nuestro objetivo es dar a conocer y promover las danzas como espacio recreativo. No buscamos lucrar con esta organizaci\u00f3n, si no, generar los ingresos necesarios para cubrir los costos de la misma y\/o generar los v\u00ednculos necesarios con actores p\u00fablicos y\/o privados, para lograr, en el mejor de los casos, actividades de acceso Gratuito para las personas.<\/p>\n<p style=\"text-align: justify;\">Es por este motivo que invitamos a toda la Comunidad de Coyhaique a apoyar esta iniciativa y participar de las clases, atreverse y disfrutar de la danza.<\/p>\n<p>M\u00e1s informaci\u00f3n e inscripciones en @carpinteronegrodanza<\/p>\n<p>correo: carpinteronegrodanza@gmail.com<\/p>\n<p>m\u00f3vil: +56982554381.<\/p>\n<\/div><\/section><\/div><div  style='height:50px' class='hr hr-invisible   avia-builder-el-6  el_after_av_one_full  el_before_av_social_share '><span class='hr-inner ' ><span class='hr-inner-style'><\/span><\/span><\/div><\/p>\n<div  class='av-social-sharing-box  avia-builder-el-7  el_after_av_hr  el_before_av_hr  '><div class='av-share-box'><h5 class='av-share-link-description av-no-toc '>Compartir esta noticia<\/h5><ul class='av-share-box-list noLightbox'><li class='av-share-link av-social-link-facebook' ><a target=\"_blank\" aria-label=\"Compartir en Facebook\" href='https:\/\/www.facebook.com\/sharer.php?u=https:\/\/radiorevelacionfm.cl\/?p=22266&#038;t=Invitan%20a%20participar%20en%20talleres%20de%20Danza%20Africana%20en%20Coyhaique%20y%20Puerto%20Cisnes' aria-hidden='false' data-av_icon='\ue8f3' data-av_iconfont='entypo-fontello' title='' data-avia-related-tooltip='Compartir en Facebook' rel=\"noopener\"><span class='avia_hidden_link_text'>Compartir en Facebook<\/span><\/a><\/li><li class='av-share-link av-social-link-twitter' ><a target=\"_blank\" aria-label=\"Compartir en Twitter\" href='https:\/\/twitter.com\/share?text=Invitan%20a%20participar%20en%20talleres%20de%20Danza%20Africana%20en%20Coyhaique%20y%20Puerto%20Cisnes&#038;url=https:\/\/radiorevelacionfm.cl\/?p=22266' aria-hidden='false' data-av_icon='\ue8f1' data-av_iconfont='entypo-fontello' title='' data-avia-related-tooltip='Compartir en Twitter' rel=\"noopener\"><span class='avia_hidden_link_text'>Compartir en Twitter<\/span><\/a><\/li><li class='av-share-link av-social-link-whatsapp' ><a target=\"_blank\" aria-label=\"Compartir en Whatsapp\" href='https:\/\/api.whatsapp.com\/send?text=https:\/\/radiorevelacionfm.cl\/?p=22266' aria-hidden='false' data-av_icon='\uf232' data-av_iconfont='entypo-fontello' title='' data-avia-related-tooltip='Compartir en Whatsapp' rel=\"noopener\"><span class='avia_hidden_link_text'>Compartir en Whatsapp<\/span><\/a><\/li><li class='av-share-link av-social-link-linkedin' ><a target=\"_blank\" aria-label=\"Compartir en LinkedIn\" href='https:\/\/linkedin.com\/shareArticle?mini=true&#038;title=Invitan%20a%20participar%20en%20talleres%20de%20Danza%20Africana%20en%20Coyhaique%20y%20Puerto%20Cisnes&#038;url=https:\/\/radiorevelacionfm.cl\/?p=22266' aria-hidden='false' data-av_icon='\ue8fc' data-av_iconfont='entypo-fontello' title='' data-avia-related-tooltip='Compartir en LinkedIn' rel=\"noopener\"><span class='avia_hidden_link_text'>Compartir en LinkedIn<\/span><\/a><\/li><li class='av-share-link av-social-link-mail' ><a  aria-label=\"Compartir por correo\" href='mailto:?subject=Invitan%20a%20participar%20en%20talleres%20de%20Danza%20Africana%20en%20Coyhaique%20y%20Puerto%20Cisnes&#038;body=https:\/\/radiorevelacionfm.cl\/?p=22266' aria-hidden='false' data-av_icon='\ue805' data-av_iconfont='entypo-fontello' title='' data-avia-related-tooltip='Compartir por correo'><span class='avia_hidden_link_text'>Compartir por correo<\/span><\/a><\/li><\/ul><\/div><\/div>\n<div  style='height:50px' class='hr hr-invisible   avia-builder-el-8  el_after_av_social_share  el_before_av_comments_list '><span class='hr-inner ' ><span class='hr-inner-style'><\/span><\/span><\/div>\n<div  class='av-buildercomment  av-blog-meta-html-info-disabled av-blog-meta-tag-disabled  '><\/div>\n","protected":false},"excerpt":{"rendered":"","protected":false},"author":1,"featured_media":22267,"comment_status":"open","ping_status":"open","sticky":false,"template":"","format":"standard","meta":{"footnotes":""},"categories":[52],"tags":[],"class_list":["post-22266","post","type-post","status-publish","format-standard","has-post-thumbnail","hentry","category-cultura"],"jetpack_featured_media_url":"https:\/\/radiorevelacionfm.cl\/wp-content\/uploads\/2022\/09\/foto-2-20-1-1_optimized-1.jpg","_links":{"self":[{"href":"https:\/\/radiorevelacionfm.cl\/index.php?rest_route=\/wp\/v2\/posts\/22266","targetHints":{"allow":["GET"]}}],"collection":[{"href":"https:\/\/radiorevelacionfm.cl\/index.php?rest_route=\/wp\/v2\/posts"}],"about":[{"href":"https:\/\/radiorevelacionfm.cl\/index.php?rest_route=\/wp\/v2\/types\/post"}],"author":[{"embeddable":true,"href":"https:\/\/radiorevelacionfm.cl\/index.php?rest_route=\/wp\/v2\/users\/1"}],"replies":[{"embeddable":true,"href":"https:\/\/radiorevelacionfm.cl\/index.php?rest_route=%2Fwp%2Fv2%2Fcomments&post=22266"}],"version-history":[{"count":2,"href":"https:\/\/radiorevelacionfm.cl\/index.php?rest_route=\/wp\/v2\/posts\/22266\/revisions"}],"predecessor-version":[{"id":22273,"href":"https:\/\/radiorevelacionfm.cl\/index.php?rest_route=\/wp\/v2\/posts\/22266\/revisions\/22273"}],"wp:featuredmedia":[{"embeddable":true,"href":"https:\/\/radiorevelacionfm.cl\/index.php?rest_route=\/wp\/v2\/media\/22267"}],"wp:attachment":[{"href":"https:\/\/radiorevelacionfm.cl\/index.php?rest_route=%2Fwp%2Fv2%2Fmedia&parent=22266"}],"wp:term":[{"taxonomy":"category","embeddable":true,"href":"https:\/\/radiorevelacionfm.cl\/index.php?rest_route=%2Fwp%2Fv2%2Fcategories&post=22266"},{"taxonomy":"post_tag","embeddable":true,"href":"https:\/\/radiorevelacionfm.cl\/index.php?rest_route=%2Fwp%2Fv2%2Ftags&post=22266"}],"curies":[{"name":"wp","href":"https:\/\/api.w.org\/{rel}","templated":true}]}}