{"id":22257,"date":"2022-09-27T14:57:40","date_gmt":"2022-09-27T17:57:40","guid":{"rendered":"https:\/\/radiorevelacionfm.cl\/?p=22257"},"modified":"2022-09-27T14:57:40","modified_gmt":"2022-09-27T17:57:40","slug":"hombre-fallecio-aplastado-mientras-reparaba-su-vehiculo-en-sector-de-lago-pollux","status":"publish","type":"post","link":"https:\/\/radiorevelacionfm.cl\/?p=22257","title":{"rendered":"Hombre falleci\u00f3 aplastado mientras reparaba su veh\u00edculo en sector de Lago Pollux"},"content":{"rendered":"<div class=\"flex_column av_one_full  flex_column_div av-zero-column-padding first  avia-builder-el-0  el_before_av_one_full  avia-builder-el-first  \" style='border-radius:0px; '><div  class='avia-image-container  av-styling-    avia-builder-el-1  avia-builder-el-no-sibling  avia-align-center '  itemprop=\"image\" itemscope=\"itemscope\" itemtype=\"https:\/\/schema.org\/ImageObject\"  ><div class='avia-image-container-inner'><div class='avia-image-overlay-wrap'><img decoding=\"async\" class='wp-image-22259 avia-img-lazy-loading-not-22259 avia_image' src=\"https:\/\/radiorevelacionfm.cl\/wp-content\/uploads\/2022\/09\/accidente-lago-polux-1_optimized-1.jpg\" alt='' title='accidente-lago-polux-(1)_optimized (1)' height=\"600\" width=\"807\"  itemprop=\"thumbnailUrl\" srcset=\"https:\/\/radiorevelacionfm.cl\/wp-content\/uploads\/2022\/09\/accidente-lago-polux-1_optimized-1.jpg 807w, https:\/\/radiorevelacionfm.cl\/wp-content\/uploads\/2022\/09\/accidente-lago-polux-1_optimized-1-300x223.jpg 300w, https:\/\/radiorevelacionfm.cl\/wp-content\/uploads\/2022\/09\/accidente-lago-polux-1_optimized-1-768x571.jpg 768w, https:\/\/radiorevelacionfm.cl\/wp-content\/uploads\/2022\/09\/accidente-lago-polux-1_optimized-1-705x524.jpg 705w, https:\/\/radiorevelacionfm.cl\/wp-content\/uploads\/2022\/09\/accidente-lago-polux-1_optimized-1-600x446.jpg 600w\" sizes=\"(max-width: 807px) 100vw, 807px\" \/><\/div><\/div><\/div><\/div><div class=\"flex_column av_one_full  flex_column_div av-zero-column-padding first  avia-builder-el-2  el_after_av_one_full  el_before_av_one_full  column-top-margin\" style='border-radius:0px; '><section class=\"av_textblock_section \"  itemscope=\"itemscope\" itemtype=\"https:\/\/schema.org\/BlogPosting\" itemprop=\"blogPost\" ><div class='avia_textblock  '   itemprop=\"text\" ><p style=\"text-align: center;\"><strong><span style=\"font-size: 18pt;\">Hombre falleci\u00f3 aplastado mientras reparaba su veh\u00edculo en sector de Lago Pollux<\/span><\/strong><\/p>\n<div id=\"gtx-trans\" style=\"position: absolute; left: -50px; top: 4.31534px;\">\n<div class=\"gtx-trans-icon\"><\/div>\n<\/div>\n<\/div><\/section><\/div><div class=\"flex_column av_one_full  flex_column_div av-zero-column-padding first  avia-builder-el-4  el_after_av_one_full  el_before_av_hr  column-top-margin\" style='border-radius:0px; '><section class=\"av_textblock_section \"  itemscope=\"itemscope\" itemtype=\"https:\/\/schema.org\/BlogPosting\" itemprop=\"blogPost\" ><div class='avia_textblock  '   itemprop=\"text\" ><p style=\"text-align: justify;\">Esta ma\u00f1ana pasadas las 10:00 horas se activ\u00f3 el ABC en la comuna de Coyhaique, emergencia daba cuenta de rescate de persona que se encontraba debajo de un veh\u00edculo en el sector camino a Lago Pollux.<\/p>\n<p style=\"text-align: justify;\">En el lugar Bomberos trabaj\u00f3 en la extracci\u00f3n de la persona en conjunto con personal de SAMU, quienes constataron minutos m\u00e1s tarde que la persona se encontraba lamentablemente fallecida.<\/p>\n<p style=\"text-align: justify;\">Seg\u00fan antecedentes se hab\u00eda perdido contacto con el hombre desde el pasado domingo 25 de septiembre.<\/p>\n<p style=\"text-align: justify;\">La v\u00edctima hab\u00eda avisado a familiares que iba al sector de Lago Pollux para realizar faenas de campo. De acuerdo a los primeros antecedentes, el jeep en el cual se desplazaba habr\u00eda tenido un desperfecto mec\u00e1nico y se dispuso a repararlo, momento en que la gata mec\u00e1nica habr\u00eda cedido, aplastando a su conductor.<\/p>\n<p style=\"text-align: justify;\">Tras pasar todo el domingo y lunes, y al no regresar a su domicilio habitual, la ma\u00f1ana de hoy martes un familiar fue al sector a ver qu\u00e9 pasaba y lo encontr\u00f3 debajo del veh\u00edculo.<\/p>\n<p style=\"text-align: justify;\">De inmediato dio aviso a Servicios de Emergencia, por lo que concurrieron unidades de rescate de Bomberos y personal de SAMU, quienes constataron su fallecimiento.<\/p>\n<p style=\"text-align: justify;\">Tanto la Fiscal\u00eda como Carabineros se constituyeron en el lugar, para iniciar las indagaciones y pericias correspondientes.<\/p>\n<\/div><\/section><\/div><div  style='height:50px' class='hr hr-invisible   avia-builder-el-6  el_after_av_one_full  el_before_av_social_share '><span class='hr-inner ' ><span class='hr-inner-style'><\/span><\/span><\/div><\/p>\n<div  class='av-social-sharing-box  avia-builder-el-7  el_after_av_hr  el_before_av_hr  '><div class='av-share-box'><h5 class='av-share-link-description av-no-toc '>Compartir esta noticia<\/h5><ul class='av-share-box-list noLightbox'><li class='av-share-link av-social-link-facebook' ><a target=\"_blank\" aria-label=\"Compartir en Facebook\" href='https:\/\/www.facebook.com\/sharer.php?u=https:\/\/radiorevelacionfm.cl\/?p=22257&#038;t=Hombre%20falleci%C3%B3%20aplastado%20mientras%20reparaba%20su%20veh%C3%ADculo%20en%20sector%20de%20Lago%20Pollux' aria-hidden='false' data-av_icon='\ue8f3' data-av_iconfont='entypo-fontello' title='' data-avia-related-tooltip='Compartir en Facebook' rel=\"noopener\"><span class='avia_hidden_link_text'>Compartir en Facebook<\/span><\/a><\/li><li class='av-share-link av-social-link-twitter' ><a target=\"_blank\" aria-label=\"Compartir en Twitter\" href='https:\/\/twitter.com\/share?text=Hombre%20falleci%C3%B3%20aplastado%20mientras%20reparaba%20su%20veh%C3%ADculo%20en%20sector%20de%20Lago%20Pollux&#038;url=https:\/\/radiorevelacionfm.cl\/?p=22257' aria-hidden='false' data-av_icon='\ue8f1' data-av_iconfont='entypo-fontello' title='' data-avia-related-tooltip='Compartir en Twitter' rel=\"noopener\"><span class='avia_hidden_link_text'>Compartir en Twitter<\/span><\/a><\/li><li class='av-share-link av-social-link-whatsapp' ><a target=\"_blank\" aria-label=\"Compartir en Whatsapp\" href='https:\/\/api.whatsapp.com\/send?text=https:\/\/radiorevelacionfm.cl\/?p=22257' aria-hidden='false' data-av_icon='\uf232' data-av_iconfont='entypo-fontello' title='' data-avia-related-tooltip='Compartir en Whatsapp' rel=\"noopener\"><span class='avia_hidden_link_text'>Compartir en Whatsapp<\/span><\/a><\/li><li class='av-share-link av-social-link-linkedin' ><a target=\"_blank\" aria-label=\"Compartir en LinkedIn\" href='https:\/\/linkedin.com\/shareArticle?mini=true&#038;title=Hombre%20falleci%C3%B3%20aplastado%20mientras%20reparaba%20su%20veh%C3%ADculo%20en%20sector%20de%20Lago%20Pollux&#038;url=https:\/\/radiorevelacionfm.cl\/?p=22257' aria-hidden='false' data-av_icon='\ue8fc' data-av_iconfont='entypo-fontello' title='' data-avia-related-tooltip='Compartir en LinkedIn' rel=\"noopener\"><span class='avia_hidden_link_text'>Compartir en LinkedIn<\/span><\/a><\/li><li class='av-share-link av-social-link-mail' ><a  aria-label=\"Compartir por correo\" href='mailto:?subject=Hombre%20falleci%C3%B3%20aplastado%20mientras%20reparaba%20su%20veh%C3%ADculo%20en%20sector%20de%20Lago%20Pollux&#038;body=https:\/\/radiorevelacionfm.cl\/?p=22257' aria-hidden='false' data-av_icon='\ue805' data-av_iconfont='entypo-fontello' title='' data-avia-related-tooltip='Compartir por correo'><span class='avia_hidden_link_text'>Compartir por correo<\/span><\/a><\/li><\/ul><\/div><\/div>\n<div  style='height:50px' class='hr hr-invisible   avia-builder-el-8  el_after_av_social_share  el_before_av_comments_list '><span class='hr-inner ' ><span class='hr-inner-style'><\/span><\/span><\/div>\n<div  class='av-buildercomment  av-blog-meta-html-info-disabled av-blog-meta-tag-disabled  '><\/div>\n","protected":false},"excerpt":{"rendered":"","protected":false},"author":1,"featured_media":22259,"comment_status":"open","ping_status":"open","sticky":false,"template":"","format":"standard","meta":{"footnotes":""},"categories":[36],"tags":[],"class_list":["post-22257","post","type-post","status-publish","format-standard","has-post-thumbnail","hentry","category-policial"],"jetpack_featured_media_url":"https:\/\/radiorevelacionfm.cl\/wp-content\/uploads\/2022\/09\/accidente-lago-polux-1_optimized-1.jpg","_links":{"self":[{"href":"https:\/\/radiorevelacionfm.cl\/index.php?rest_route=\/wp\/v2\/posts\/22257","targetHints":{"allow":["GET"]}}],"collection":[{"href":"https:\/\/radiorevelacionfm.cl\/index.php?rest_route=\/wp\/v2\/posts"}],"about":[{"href":"https:\/\/radiorevelacionfm.cl\/index.php?rest_route=\/wp\/v2\/types\/post"}],"author":[{"embeddable":true,"href":"https:\/\/radiorevelacionfm.cl\/index.php?rest_route=\/wp\/v2\/users\/1"}],"replies":[{"embeddable":true,"href":"https:\/\/radiorevelacionfm.cl\/index.php?rest_route=%2Fwp%2Fv2%2Fcomments&post=22257"}],"version-history":[{"count":2,"href":"https:\/\/radiorevelacionfm.cl\/index.php?rest_route=\/wp\/v2\/posts\/22257\/revisions"}],"predecessor-version":[{"id":22261,"href":"https:\/\/radiorevelacionfm.cl\/index.php?rest_route=\/wp\/v2\/posts\/22257\/revisions\/22261"}],"wp:featuredmedia":[{"embeddable":true,"href":"https:\/\/radiorevelacionfm.cl\/index.php?rest_route=\/wp\/v2\/media\/22259"}],"wp:attachment":[{"href":"https:\/\/radiorevelacionfm.cl\/index.php?rest_route=%2Fwp%2Fv2%2Fmedia&parent=22257"}],"wp:term":[{"taxonomy":"category","embeddable":true,"href":"https:\/\/radiorevelacionfm.cl\/index.php?rest_route=%2Fwp%2Fv2%2Fcategories&post=22257"},{"taxonomy":"post_tag","embeddable":true,"href":"https:\/\/radiorevelacionfm.cl\/index.php?rest_route=%2Fwp%2Fv2%2Ftags&post=22257"}],"curies":[{"name":"wp","href":"https:\/\/api.w.org\/{rel}","templated":true}]}}