{"id":22254,"date":"2022-09-28T10:04:35","date_gmt":"2022-09-28T13:04:35","guid":{"rendered":"https:\/\/radiorevelacionfm.cl\/?p=22254"},"modified":"2022-09-28T10:04:35","modified_gmt":"2022-09-28T13:04:35","slug":"nodo-ciencia-austral-avanza-en-el-diseno-de-un-sistema-de-gobernanza-climatica-para-aysen-y-magallanes","status":"publish","type":"post","link":"https:\/\/radiorevelacionfm.cl\/?p=22254","title":{"rendered":"Nodo Ciencia Austral avanza en el dise\u00f1o de un sistema de gobernanza clim\u00e1tica para Ays\u00e9n y Magallanes"},"content":{"rendered":"<div class=\"flex_column av_one_full  flex_column_div av-zero-column-padding first  avia-builder-el-0  el_before_av_one_full  avia-builder-el-first  \" style='border-radius:0px; '><div  class='avia-image-container  av-styling-    avia-builder-el-1  avia-builder-el-no-sibling  avia-align-center '  itemprop=\"image\" itemscope=\"itemscope\" itemtype=\"https:\/\/schema.org\/ImageObject\"  ><div class='avia-image-container-inner'><div class='avia-image-overlay-wrap'><img decoding=\"async\" class='wp-image-22255 avia-img-lazy-loading-not-22255 avia_image' src=\"https:\/\/radiorevelacionfm.cl\/wp-content\/uploads\/2022\/09\/image-95-1.jpg\" alt='' title='image (95) (1)' height=\"600\" width=\"806\"  itemprop=\"thumbnailUrl\" srcset=\"https:\/\/radiorevelacionfm.cl\/wp-content\/uploads\/2022\/09\/image-95-1.jpg 806w, https:\/\/radiorevelacionfm.cl\/wp-content\/uploads\/2022\/09\/image-95-1-300x223.jpg 300w, https:\/\/radiorevelacionfm.cl\/wp-content\/uploads\/2022\/09\/image-95-1-768x572.jpg 768w, https:\/\/radiorevelacionfm.cl\/wp-content\/uploads\/2022\/09\/image-95-1-705x525.jpg 705w, https:\/\/radiorevelacionfm.cl\/wp-content\/uploads\/2022\/09\/image-95-1-600x447.jpg 600w\" sizes=\"(max-width: 806px) 100vw, 806px\" \/><\/div><\/div><\/div><\/div><div class=\"flex_column av_one_full  flex_column_div av-zero-column-padding first  avia-builder-el-2  el_after_av_one_full  el_before_av_one_full  column-top-margin\" style='border-radius:0px; '><section class=\"av_textblock_section \"  itemscope=\"itemscope\" itemtype=\"https:\/\/schema.org\/BlogPosting\" itemprop=\"blogPost\" ><div class='avia_textblock  '   itemprop=\"text\" ><p style=\"text-align: center;\"><strong><span style=\"font-size: 18pt;\">Nodo Ciencia Austral avanza en el dise\u00f1o de un sistema de gobernanza clim\u00e1tica para Ays\u00e9n y Magallanes<\/span><\/strong><\/p>\n<div id=\"gtx-trans\" style=\"position: absolute; left: -50px; top: 4.31534px;\">\n<div class=\"gtx-trans-icon\"><\/div>\n<\/div>\n<\/div><\/section><\/div><div class=\"flex_column av_one_full  flex_column_div av-zero-column-padding first  avia-builder-el-4  el_after_av_one_full  el_before_av_hr  column-top-margin\" style='border-radius:0px; '><section class=\"av_textblock_section \"  itemscope=\"itemscope\" itemtype=\"https:\/\/schema.org\/BlogPosting\" itemprop=\"blogPost\" ><div class='avia_textblock  '   itemprop=\"text\" ><p style=\"text-align: justify;\">Como parte de los ejes del proyecto, se encarg\u00f3 un estudio con propuestas para impulsar un modelo de gobernanza que permita, por ejemplo, abordar los efectos del cambio clim\u00e1tico en forma articulada y colaborativa entre los actores vinculados a la ciencia, la tecnolog\u00eda, el conocimiento y la innovaci\u00f3n en la Macrozona Austral.<\/p>\n<p style=\"text-align: justify;\">Durante el trabajo desarrollado por el equipo de Nodo Ciencia Austral, se identificaron oportunidades y desaf\u00edos para acelerar el impacto CTCI en las regiones de Ays\u00e9n y de Magallanes y la Ant\u00e1rtica Chilena. Las distintas instancias participativas impulsadas por el proyecto y que han convocado a m\u00e1s de 500 actores del \u00e1mbito CTCI, dan cuenta de una alta motivacio\u0301n y preocupacio\u0301n por parte de representantes del mundo acade\u0301mico, pu\u0301blico, privado y comunitario, frente al rol de la ciencia y la tecnolog\u00eda en el futuro de la macrozona. Al mismo tiempo, se observa una fragmentacio\u0301n, y en algunos casos una duplicacio\u0301n de instancias participativas, para gestionar tema\u0301ticas de gran relevancia para las comunidades de ambas regiones, por ejemplo, en a\u0301mbitos relacionados con el cambio clima\u0301tico y el medioambiente.<\/p>\n<p style=\"text-align: justify;\">\u00bfC\u00f3mo poder abordar en forma coordinada problemas cr\u00edticos y desaf\u00edos comunes para el desarrollo sustentable de este territorio? Con este prop\u00f3sito, el proyecto Nodo Ciencia Austral se encuentra trabajando en una propuesta de gobernanza que, seg\u00fan comenta el investigador y coordinador de este eje, Dr. Rodolfo Sapiains, comenz\u00f3 con el an\u00e1lisis del diagn\u00f3stico levantado el a\u00f1o pasado. \u201cSe identific\u00f3 que hab\u00eda un gran desaf\u00edo en relaci\u00f3n a la nueva institucionalidad que se est\u00e1 dise\u00f1ando en el pa\u00eds en materia de CTCI, donde existe un ministerio de ciencia que es muy joven, donde hay serem\u00edas, que tienen esta caracter\u00edstica hasta ahora macrozonal y, al mismo tiempo, donde se observa la instalaci\u00f3n de los gobiernos regionales con muchas atribuciones en relaci\u00f3n a la ciencia y la tecnolog\u00eda y con una multiplicidad de instancias de participaci\u00f3n para actores estatales y no estatales, pero en las cuales observamos que en muchos casos se convocaba a las mismas personas a hablar de las mismas cosas en instancias distintas\u201d. Agrega que en ese contexto \u201cse identificaron confusiones, respecto a los roles y responsabilidades que tienen los distintos actores de la macrozona austral, por lo tanto, se consider\u00f3 que era indispensable clarificar c\u00f3mo estaba operando la gobernanza y a partir de ah\u00ed generar recomendaciones y una propuesta para mejorarla\u00bb.<\/p>\n<p style=\"text-align: justify;\">En ese contexto, Nodo Ciencia Austral encarg\u00f3 un estudio al Centro de Ciencia del Clima y la Resiliencia (CR)<sup>2 <\/sup>que permitiera contar con una caracterizaci\u00f3n del marco regulatorio, es decir, una descripcio\u0301n clara y exhaustiva de los componentes juri\u0301dicos y administrativos en los cuales ha de situarse cualquier nuevo disen\u0303o de gobernanza que se proponga. El estudio fue presentado por los investigadores, Cecilia Ibarra y Rodrigo Santib\u00e1\u00f1ez, en la \u00faltima sesi\u00f3n del Comit\u00e9 de Coordinaci\u00f3n Macrozonal, que se convoca cada mes en el marco del proyecto.<\/p>\n<p style=\"text-align: justify;\">\u201cEl trabajo consisti\u00f3 en un levantamiento de la normativa, porque la perspectiva era identificar actores en el \u00e1rea de ciencia, tecnolog\u00eda, conocimiento e innovaci\u00f3n en la macrozona austral. De esta manera el estudio da un panorama de quienes participan en la toma de decisiones sobre CTCI, se trata de actores que impulsan agendas, planifican, financian, regulan e implementan proyectos<em>\u201d, <\/em>se\u00f1al\u00f3 Ibarra.<\/p>\n<p style=\"text-align: justify;\">De este estudio se desprender\u00e1 una propuesta de recomendaciones para la gobernanza clim\u00e1tica y de la CTCI en la macrozona Austral, que adem\u00e1s incluir\u00e1 la estrategia del propio Nodo Ciencia Austral dentro de este escenario. Este modelo ser\u00e1 socializado en el pr\u00f3ximo Comit\u00e9 de Coordinaci\u00f3n Macrozonal del mes de septiembre, donde se reunir\u00e1n representantes del ecosistema cient\u00edfico-tecnol\u00f3gico de las regiones de Ays\u00e9n y de Magallanes y la Ant\u00e1rtica Chilena.<\/p>\n<p style=\"text-align: justify;\">Finalmente, cabe se\u00f1alar que el proyecto Nodo Ciencia Austral es una iniciativa ejecutada por la Universidad de Magallanes, la Universidad de Ays\u00e9n, el Instituto Ant\u00e1rtico Chileno (INACH) y el Centro de Investigaci\u00f3n en Ecosistemas de la Patagonia (CIEP), con financiamiento de la Agencia Nacional de Investigaci\u00f3n y Desarrollo (ANID).<\/p>\n<\/div><\/section><\/div><div  style='height:50px' class='hr hr-invisible   avia-builder-el-6  el_after_av_one_full  el_before_av_social_share '><span class='hr-inner ' ><span class='hr-inner-style'><\/span><\/span><\/div><\/p>\n<div  class='av-social-sharing-box  avia-builder-el-7  el_after_av_hr  el_before_av_hr  '><div class='av-share-box'><h5 class='av-share-link-description av-no-toc '>Compartir esta noticia<\/h5><ul class='av-share-box-list noLightbox'><li class='av-share-link av-social-link-facebook' ><a target=\"_blank\" aria-label=\"Compartir en Facebook\" href='https:\/\/www.facebook.com\/sharer.php?u=https:\/\/radiorevelacionfm.cl\/?p=22254&#038;t=Nodo%20Ciencia%20Austral%20avanza%20en%20el%20dise%C3%B1o%20de%20un%20sistema%20de%20gobernanza%20clim%C3%A1tica%20para%20Ays%C3%A9n%20y%20Magallanes' aria-hidden='false' data-av_icon='\ue8f3' data-av_iconfont='entypo-fontello' title='' data-avia-related-tooltip='Compartir en Facebook' rel=\"noopener\"><span class='avia_hidden_link_text'>Compartir en Facebook<\/span><\/a><\/li><li class='av-share-link av-social-link-twitter' ><a target=\"_blank\" aria-label=\"Compartir en Twitter\" href='https:\/\/twitter.com\/share?text=Nodo%20Ciencia%20Austral%20avanza%20en%20el%20dise%C3%B1o%20de%20un%20sistema%20de%20gobernanza%20clim%C3%A1tica%20para%20Ays%C3%A9n%20y%20Magallanes&#038;url=https:\/\/radiorevelacionfm.cl\/?p=22254' aria-hidden='false' data-av_icon='\ue8f1' data-av_iconfont='entypo-fontello' title='' data-avia-related-tooltip='Compartir en Twitter' rel=\"noopener\"><span class='avia_hidden_link_text'>Compartir en Twitter<\/span><\/a><\/li><li class='av-share-link av-social-link-whatsapp' ><a target=\"_blank\" aria-label=\"Compartir en Whatsapp\" href='https:\/\/api.whatsapp.com\/send?text=https:\/\/radiorevelacionfm.cl\/?p=22254' aria-hidden='false' data-av_icon='\uf232' data-av_iconfont='entypo-fontello' title='' data-avia-related-tooltip='Compartir en Whatsapp' rel=\"noopener\"><span class='avia_hidden_link_text'>Compartir en Whatsapp<\/span><\/a><\/li><li class='av-share-link av-social-link-linkedin' ><a target=\"_blank\" aria-label=\"Compartir en LinkedIn\" href='https:\/\/linkedin.com\/shareArticle?mini=true&#038;title=Nodo%20Ciencia%20Austral%20avanza%20en%20el%20dise%C3%B1o%20de%20un%20sistema%20de%20gobernanza%20clim%C3%A1tica%20para%20Ays%C3%A9n%20y%20Magallanes&#038;url=https:\/\/radiorevelacionfm.cl\/?p=22254' aria-hidden='false' data-av_icon='\ue8fc' data-av_iconfont='entypo-fontello' title='' data-avia-related-tooltip='Compartir en LinkedIn' rel=\"noopener\"><span class='avia_hidden_link_text'>Compartir en LinkedIn<\/span><\/a><\/li><li class='av-share-link av-social-link-mail' ><a  aria-label=\"Compartir por correo\" href='mailto:?subject=Nodo%20Ciencia%20Austral%20avanza%20en%20el%20dise%C3%B1o%20de%20un%20sistema%20de%20gobernanza%20clim%C3%A1tica%20para%20Ays%C3%A9n%20y%20Magallanes&#038;body=https:\/\/radiorevelacionfm.cl\/?p=22254' aria-hidden='false' data-av_icon='\ue805' data-av_iconfont='entypo-fontello' title='' data-avia-related-tooltip='Compartir por correo'><span class='avia_hidden_link_text'>Compartir por correo<\/span><\/a><\/li><\/ul><\/div><\/div>\n<div  style='height:50px' class='hr hr-invisible   avia-builder-el-8  el_after_av_social_share  el_before_av_comments_list '><span class='hr-inner ' ><span class='hr-inner-style'><\/span><\/span><\/div>\n<div  class='av-buildercomment  av-blog-meta-html-info-disabled av-blog-meta-tag-disabled  '><\/div>\n","protected":false},"excerpt":{"rendered":"","protected":false},"author":1,"featured_media":22255,"comment_status":"open","ping_status":"open","sticky":false,"template":"","format":"standard","meta":{"footnotes":""},"categories":[53],"tags":[],"class_list":["post-22254","post","type-post","status-publish","format-standard","has-post-thumbnail","hentry","category-ciencia"],"jetpack_featured_media_url":"https:\/\/radiorevelacionfm.cl\/wp-content\/uploads\/2022\/09\/image-95-1.jpg","_links":{"self":[{"href":"https:\/\/radiorevelacionfm.cl\/index.php?rest_route=\/wp\/v2\/posts\/22254","targetHints":{"allow":["GET"]}}],"collection":[{"href":"https:\/\/radiorevelacionfm.cl\/index.php?rest_route=\/wp\/v2\/posts"}],"about":[{"href":"https:\/\/radiorevelacionfm.cl\/index.php?rest_route=\/wp\/v2\/types\/post"}],"author":[{"embeddable":true,"href":"https:\/\/radiorevelacionfm.cl\/index.php?rest_route=\/wp\/v2\/users\/1"}],"replies":[{"embeddable":true,"href":"https:\/\/radiorevelacionfm.cl\/index.php?rest_route=%2Fwp%2Fv2%2Fcomments&post=22254"}],"version-history":[{"count":2,"href":"https:\/\/radiorevelacionfm.cl\/index.php?rest_route=\/wp\/v2\/posts\/22254\/revisions"}],"predecessor-version":[{"id":22299,"href":"https:\/\/radiorevelacionfm.cl\/index.php?rest_route=\/wp\/v2\/posts\/22254\/revisions\/22299"}],"wp:featuredmedia":[{"embeddable":true,"href":"https:\/\/radiorevelacionfm.cl\/index.php?rest_route=\/wp\/v2\/media\/22255"}],"wp:attachment":[{"href":"https:\/\/radiorevelacionfm.cl\/index.php?rest_route=%2Fwp%2Fv2%2Fmedia&parent=22254"}],"wp:term":[{"taxonomy":"category","embeddable":true,"href":"https:\/\/radiorevelacionfm.cl\/index.php?rest_route=%2Fwp%2Fv2%2Fcategories&post=22254"},{"taxonomy":"post_tag","embeddable":true,"href":"https:\/\/radiorevelacionfm.cl\/index.php?rest_route=%2Fwp%2Fv2%2Ftags&post=22254"}],"curies":[{"name":"wp","href":"https:\/\/api.w.org\/{rel}","templated":true}]}}