{"id":22249,"date":"2022-09-27T10:34:02","date_gmt":"2022-09-27T13:34:02","guid":{"rendered":"https:\/\/radiorevelacionfm.cl\/?p=22249"},"modified":"2022-09-27T10:34:02","modified_gmt":"2022-09-27T13:34:02","slug":"en-melinka-bienes-nacionales-municipio-y-comunidad-firman-protocolo-de-acuerdo","status":"publish","type":"post","link":"https:\/\/radiorevelacionfm.cl\/?p=22249","title":{"rendered":"En Melinka Bienes Nacionales, municipio y comunidad firman protocolo de acuerdo"},"content":{"rendered":"<div class=\"flex_column av_one_full  flex_column_div av-zero-column-padding first  avia-builder-el-0  el_before_av_one_full  avia-builder-el-first  \" style='border-radius:0px; '><div  class='avia-image-container  av-styling-    avia-builder-el-1  avia-builder-el-no-sibling  avia-align-center '  itemprop=\"image\" itemscope=\"itemscope\" itemtype=\"https:\/\/schema.org\/ImageObject\"  ><div class='avia-image-container-inner'><div class='avia-image-overlay-wrap'><img decoding=\"async\" class='wp-image-22250 avia-img-lazy-loading-not-22250 avia_image' src=\"https:\/\/radiorevelacionfm.cl\/wp-content\/uploads\/2022\/09\/JJVV-REPOLLAL-1-1.jpeg\" alt='' title='JJVV REPOLLAL (1) (1)' height=\"600\" width=\"1067\"  itemprop=\"thumbnailUrl\" srcset=\"https:\/\/radiorevelacionfm.cl\/wp-content\/uploads\/2022\/09\/JJVV-REPOLLAL-1-1.jpeg 1067w, https:\/\/radiorevelacionfm.cl\/wp-content\/uploads\/2022\/09\/JJVV-REPOLLAL-1-1-300x169.jpeg 300w, https:\/\/radiorevelacionfm.cl\/wp-content\/uploads\/2022\/09\/JJVV-REPOLLAL-1-1-1030x579.jpeg 1030w, https:\/\/radiorevelacionfm.cl\/wp-content\/uploads\/2022\/09\/JJVV-REPOLLAL-1-1-768x432.jpeg 768w, https:\/\/radiorevelacionfm.cl\/wp-content\/uploads\/2022\/09\/JJVV-REPOLLAL-1-1-705x396.jpeg 705w, https:\/\/radiorevelacionfm.cl\/wp-content\/uploads\/2022\/09\/JJVV-REPOLLAL-1-1-600x337.jpeg 600w\" sizes=\"(max-width: 1067px) 100vw, 1067px\" \/><\/div><\/div><\/div><\/div><div class=\"flex_column av_one_full  flex_column_div av-zero-column-padding first  avia-builder-el-2  el_after_av_one_full  el_before_av_one_full  column-top-margin\" style='border-radius:0px; '><section class=\"av_textblock_section \"  itemscope=\"itemscope\" itemtype=\"https:\/\/schema.org\/BlogPosting\" itemprop=\"blogPost\" ><div class='avia_textblock  '   itemprop=\"text\" ><p style=\"text-align: center;\"><strong><span style=\"font-size: 18pt;\">En Melinka Bienes Nacionales, municipio y comunidad firman protocolo de acuerdo <\/span><\/strong><\/p>\n<div id=\"gtx-trans\" style=\"position: absolute; left: -50px; top: 4.31534px;\">\n<div class=\"gtx-trans-icon\"><\/div>\n<\/div>\n<\/div><\/section><\/div><div class=\"flex_column av_one_full  flex_column_div av-zero-column-padding first  avia-builder-el-4  el_after_av_one_full  el_before_av_hr  column-top-margin\" style='border-radius:0px; '><section class=\"av_textblock_section \"  itemscope=\"itemscope\" itemtype=\"https:\/\/schema.org\/BlogPosting\" itemprop=\"blogPost\" ><div class='avia_textblock  '   itemprop=\"text\" ><p style=\"text-align: justify;\">A principio de septiembre se dio a conocer que m\u00e1s de 20 vecinos de Melinka fueron notificados por la Armada de Chile como ocupantes ilegales del borde costero del litoral, los vecinos -muchos de ellos ocupantes hist\u00f3ricos- reaccionaron e hicieron ver a las autoridades su preocupaci\u00f3n frente a la posibilidad de ser desalojados.<\/p>\n<p style=\"text-align: justify;\">Es en este contexto que la Seremi de Bienes Nacionales, Irina Morend y un equipo de trabajo se traslad\u00f3 hasta Melinka, para abordar \u00e9ste y otros casos de ocupaciones del territorio fiscal y comprometer con la comunidad y las autoridades, el inicio de una mesa de trabajo, cuyos objetivos sean ir en la b\u00fasqueda de soluciones.<\/p>\n<p style=\"text-align: justify;\">\u201cEn esta ocasi\u00f3n firmamos un protocolo de acuerdo con los involucrados, en el que definimos la creaci\u00f3n de una mesa de trabajo que constituiremos formalmente\u201d, apunt\u00f3 Morend Valdebenito.<\/p>\n<p style=\"text-align: justify;\">En cuanto a las soluciones, la autoridad se refiri\u00f3 a los temas tratados en los encuentros sostenidas en su visita a Melinka. \u201cEn estas reuniones tambi\u00e9n analizamos cu\u00e1les son los pasos a seguir, entendiendo que tenemos soluciones a corto y mediano plazo para las familias notificadas: la primera de ellas, es que los afectados hagan la solicitud de una Concesi\u00f3n Mar\u00edtima a la Armada de Chile y en segundo t\u00e9rmino, el municipio se comprometi\u00f3 a buscar las alternativas que le permitan trabajar en la actualizaci\u00f3n del instrumento de planificaci\u00f3n de la comuna, de esta manera, podremos avanzar en regularizar las ocupaciones\u201d.<\/p>\n<p style=\"text-align: justify;\">El alcalde de Guaitecas Marcos Silva Miranda valor\u00f3 la posibilidad de iniciar el trabajo conjunto y en terreno. \u201cPara nosotros es muy relevante la presencia de Bienes Nacionales en el territorio, atendiendo al sentido de urgencia de nuestras problem\u00e1ticas, respondiendo al c\u00f3mo ordenamos nuestra comuna. Iremos trabajando paso a paso en lo que la comunidad requiera, y reitero que es muy necesario que las autoridades est\u00e9n en terreno para entender nuestras principales falencias\u201d.<\/p>\n<p style=\"text-align: justify;\">Junto a la b\u00fasqueda de soluciones para los habitantes del borde costero, la Seremi de Bienes Nacionales comprometi\u00f3 junto al Municipio la firma de un convenio de colaboraci\u00f3n, que permita coordinar la toma de decisiones y soluciones a las principales complejidades de tenencia de la tierra, \u201cel convenio implicar\u00e1 ordenar, definir responsabilidades y colaboraciones entre los distintos sectores\u201d, especifico Irina Morend.<\/p>\n<p style=\"text-align: justify;\">En esta oportunidad Bienes Nacionales tambi\u00e9n pudo realizar atenciones de p\u00fablico, entregar notificaciones a nuevos propietarios, informar a trav\u00e9s de la radio local, reuni\u00f3n con el Cuerpo de Bomberos de Melinka, que busca mejorar sus instalaciones, para lo cual requieren de un inmueble de mayor tama\u00f1o; y reuni\u00f3n con la Junta de Vecinos de Repollal que plantearon la necesidad de regularizar el cementerio comunitario.<\/p>\n<\/div><\/section><\/div><div  style='height:50px' class='hr hr-invisible   avia-builder-el-6  el_after_av_one_full  el_before_av_social_share '><span class='hr-inner ' ><span class='hr-inner-style'><\/span><\/span><\/div><\/p>\n<div  class='av-social-sharing-box  avia-builder-el-7  el_after_av_hr  el_before_av_hr  '><div class='av-share-box'><h5 class='av-share-link-description av-no-toc '>Compartir esta noticia<\/h5><ul class='av-share-box-list noLightbox'><li class='av-share-link av-social-link-facebook' ><a target=\"_blank\" aria-label=\"Compartir en Facebook\" href='https:\/\/www.facebook.com\/sharer.php?u=https:\/\/radiorevelacionfm.cl\/?p=22249&#038;t=En%20Melinka%20Bienes%20Nacionales%2C%20municipio%20y%20comunidad%20firman%20protocolo%20de%20acuerdo' aria-hidden='false' data-av_icon='\ue8f3' data-av_iconfont='entypo-fontello' title='' data-avia-related-tooltip='Compartir en Facebook' rel=\"noopener\"><span class='avia_hidden_link_text'>Compartir en Facebook<\/span><\/a><\/li><li class='av-share-link av-social-link-twitter' ><a target=\"_blank\" aria-label=\"Compartir en Twitter\" href='https:\/\/twitter.com\/share?text=En%20Melinka%20Bienes%20Nacionales%2C%20municipio%20y%20comunidad%20firman%20protocolo%20de%20acuerdo&#038;url=https:\/\/radiorevelacionfm.cl\/?p=22249' aria-hidden='false' data-av_icon='\ue8f1' data-av_iconfont='entypo-fontello' title='' data-avia-related-tooltip='Compartir en Twitter' rel=\"noopener\"><span class='avia_hidden_link_text'>Compartir en Twitter<\/span><\/a><\/li><li class='av-share-link av-social-link-whatsapp' ><a target=\"_blank\" aria-label=\"Compartir en Whatsapp\" href='https:\/\/api.whatsapp.com\/send?text=https:\/\/radiorevelacionfm.cl\/?p=22249' aria-hidden='false' data-av_icon='\uf232' data-av_iconfont='entypo-fontello' title='' data-avia-related-tooltip='Compartir en Whatsapp' rel=\"noopener\"><span class='avia_hidden_link_text'>Compartir en Whatsapp<\/span><\/a><\/li><li class='av-share-link av-social-link-linkedin' ><a target=\"_blank\" aria-label=\"Compartir en LinkedIn\" href='https:\/\/linkedin.com\/shareArticle?mini=true&#038;title=En%20Melinka%20Bienes%20Nacionales%2C%20municipio%20y%20comunidad%20firman%20protocolo%20de%20acuerdo&#038;url=https:\/\/radiorevelacionfm.cl\/?p=22249' aria-hidden='false' data-av_icon='\ue8fc' data-av_iconfont='entypo-fontello' title='' data-avia-related-tooltip='Compartir en LinkedIn' rel=\"noopener\"><span class='avia_hidden_link_text'>Compartir en LinkedIn<\/span><\/a><\/li><li class='av-share-link av-social-link-mail' ><a  aria-label=\"Compartir por correo\" href='mailto:?subject=En%20Melinka%20Bienes%20Nacionales%2C%20municipio%20y%20comunidad%20firman%20protocolo%20de%20acuerdo&#038;body=https:\/\/radiorevelacionfm.cl\/?p=22249' aria-hidden='false' data-av_icon='\ue805' data-av_iconfont='entypo-fontello' title='' data-avia-related-tooltip='Compartir por correo'><span class='avia_hidden_link_text'>Compartir por correo<\/span><\/a><\/li><\/ul><\/div><\/div>\n<div  style='height:50px' class='hr hr-invisible   avia-builder-el-8  el_after_av_social_share  el_before_av_comments_list '><span class='hr-inner ' ><span class='hr-inner-style'><\/span><\/span><\/div>\n<div  class='av-buildercomment  av-blog-meta-html-info-disabled av-blog-meta-tag-disabled  '><\/div>\n","protected":false},"excerpt":{"rendered":"","protected":false},"author":1,"featured_media":22250,"comment_status":"open","ping_status":"open","sticky":false,"template":"","format":"standard","meta":{"footnotes":""},"categories":[38],"tags":[],"class_list":["post-22249","post","type-post","status-publish","format-standard","has-post-thumbnail","hentry","category-regional"],"jetpack_featured_media_url":"https:\/\/radiorevelacionfm.cl\/wp-content\/uploads\/2022\/09\/JJVV-REPOLLAL-1-1.jpeg","_links":{"self":[{"href":"https:\/\/radiorevelacionfm.cl\/index.php?rest_route=\/wp\/v2\/posts\/22249","targetHints":{"allow":["GET"]}}],"collection":[{"href":"https:\/\/radiorevelacionfm.cl\/index.php?rest_route=\/wp\/v2\/posts"}],"about":[{"href":"https:\/\/radiorevelacionfm.cl\/index.php?rest_route=\/wp\/v2\/types\/post"}],"author":[{"embeddable":true,"href":"https:\/\/radiorevelacionfm.cl\/index.php?rest_route=\/wp\/v2\/users\/1"}],"replies":[{"embeddable":true,"href":"https:\/\/radiorevelacionfm.cl\/index.php?rest_route=%2Fwp%2Fv2%2Fcomments&post=22249"}],"version-history":[{"count":2,"href":"https:\/\/radiorevelacionfm.cl\/index.php?rest_route=\/wp\/v2\/posts\/22249\/revisions"}],"predecessor-version":[{"id":22252,"href":"https:\/\/radiorevelacionfm.cl\/index.php?rest_route=\/wp\/v2\/posts\/22249\/revisions\/22252"}],"wp:featuredmedia":[{"embeddable":true,"href":"https:\/\/radiorevelacionfm.cl\/index.php?rest_route=\/wp\/v2\/media\/22250"}],"wp:attachment":[{"href":"https:\/\/radiorevelacionfm.cl\/index.php?rest_route=%2Fwp%2Fv2%2Fmedia&parent=22249"}],"wp:term":[{"taxonomy":"category","embeddable":true,"href":"https:\/\/radiorevelacionfm.cl\/index.php?rest_route=%2Fwp%2Fv2%2Fcategories&post=22249"},{"taxonomy":"post_tag","embeddable":true,"href":"https:\/\/radiorevelacionfm.cl\/index.php?rest_route=%2Fwp%2Fv2%2Ftags&post=22249"}],"curies":[{"name":"wp","href":"https:\/\/api.w.org\/{rel}","templated":true}]}}