{"id":22239,"date":"2022-09-26T22:16:55","date_gmt":"2022-09-27T01:16:55","guid":{"rendered":"https:\/\/radiorevelacionfm.cl\/?p=22239"},"modified":"2022-09-26T22:16:55","modified_gmt":"2022-09-27T01:16:55","slug":"gobierno-dispone-medidas-urgentes-ante-contingencia-de-barcaza-chelenco","status":"publish","type":"post","link":"https:\/\/radiorevelacionfm.cl\/?p=22239","title":{"rendered":"Gobierno dispone medidas urgentes ante contingencia de barcaza Chelenco"},"content":{"rendered":"<div class=\"flex_column av_one_full  flex_column_div av-zero-column-padding first  avia-builder-el-0  el_before_av_one_full  avia-builder-el-first  \" style='border-radius:0px; '><div  class='avia-image-container  av-styling-    avia-builder-el-1  avia-builder-el-no-sibling  avia-align-center '  itemprop=\"image\" itemscope=\"itemscope\" itemtype=\"https:\/\/schema.org\/ImageObject\"  ><div class='avia-image-container-inner'><div class='avia-image-overlay-wrap'><img decoding=\"async\" class='wp-image-22240 avia-img-lazy-loading-not-22240 avia_image' src=\"https:\/\/radiorevelacionfm.cl\/wp-content\/uploads\/2022\/09\/220619-barcaza-Chelenco-1-1.jpg\" alt='' title='220619 barcaza Chelenco (1) (1)' height=\"600\" width=\"1067\"  itemprop=\"thumbnailUrl\" srcset=\"https:\/\/radiorevelacionfm.cl\/wp-content\/uploads\/2022\/09\/220619-barcaza-Chelenco-1-1.jpg 1067w, https:\/\/radiorevelacionfm.cl\/wp-content\/uploads\/2022\/09\/220619-barcaza-Chelenco-1-1-300x169.jpg 300w, https:\/\/radiorevelacionfm.cl\/wp-content\/uploads\/2022\/09\/220619-barcaza-Chelenco-1-1-1030x579.jpg 1030w, https:\/\/radiorevelacionfm.cl\/wp-content\/uploads\/2022\/09\/220619-barcaza-Chelenco-1-1-768x432.jpg 768w, https:\/\/radiorevelacionfm.cl\/wp-content\/uploads\/2022\/09\/220619-barcaza-Chelenco-1-1-705x396.jpg 705w, https:\/\/radiorevelacionfm.cl\/wp-content\/uploads\/2022\/09\/220619-barcaza-Chelenco-1-1-600x337.jpg 600w\" sizes=\"(max-width: 1067px) 100vw, 1067px\" \/><\/div><\/div><\/div><\/div><div class=\"flex_column av_one_full  flex_column_div av-zero-column-padding first  avia-builder-el-2  el_after_av_one_full  el_before_av_one_full  column-top-margin\" style='border-radius:0px; '><section class=\"av_textblock_section \"  itemscope=\"itemscope\" itemtype=\"https:\/\/schema.org\/BlogPosting\" itemprop=\"blogPost\" ><div class='avia_textblock  '   itemprop=\"text\" ><p style=\"text-align: center;\"><strong><span style=\"font-size: 18pt;\">Gobierno dispone medidas urgentes ante contingencia de barcaza Chelenco<\/span><\/strong><\/p>\n<div id=\"gtx-trans\" style=\"position: absolute; left: -50px; top: 4.31534px;\">\n<div class=\"gtx-trans-icon\"><\/div>\n<\/div>\n<\/div><\/section><\/div><div class=\"flex_column av_one_full  flex_column_div av-zero-column-padding first  avia-builder-el-4  el_after_av_one_full  el_before_av_hr  column-top-margin\" style='border-radius:0px; '><section class=\"av_textblock_section \"  itemscope=\"itemscope\" itemtype=\"https:\/\/schema.org\/BlogPosting\" itemprop=\"blogPost\" ><div class='avia_textblock  '   itemprop=\"text\" ><p style=\"font-weight: 400; text-align: justify;\">Medidas urgentes y especiales dispuso el Gobierno tras la contingencia registrada este domingo en la rampa de la barcaza Chelenco, que cesar\u00e1 durante esta semana sus operaciones en el Lago General Carrera.<\/p>\n<p style=\"font-weight: 400; text-align: justify;\">El Delegado Presidencial Regional, Rodrigo Araya, afirm\u00f3 que esta situaci\u00f3n de conectividad se arrastra desde hace varios a\u00f1os, generando \u201clo que estamos viviendo hoy como consecuencia de esa falta de previsi\u00f3n. Es algo que queremos corregir y el Gobierno del Presidente Boric ha mandatado para generar un plan integral de conectividad para la zona, lo cual est\u00e1 siendo definido por el MOP\u201d.<\/p>\n<p style=\"font-weight: 400; text-align: justify;\">Con el Ministerio de Transportes y Telecomunicaciones se han generado una bater\u00eda de alternativas que permitan mitigar en parte la crisis de conectividad disponiendo fondos por m\u00e1s de dos mil millones de pesos adicionales al presupuesto establecido para el a\u00f1o 2022.<\/p>\n<p style=\"font-weight: 400; text-align: justify;\">Entre las medidas adoptadas se encuentran aumentar las capacidades tanto \u00e1reas como terrestres subsidiadas, con la finalidad de paliar en parte la situaci\u00f3n de las barcazas.<\/p>\n<p style=\"font-weight: 400; text-align: justify;\">\u201cPara mejorar el transporte de pasajeros durante esta semana que la barcaza Chelenco no est\u00e1 en funcionamiento hemos aumentado la frecuencia de los buses por territorio chileno y se mantiene el bus que viaja por territorio argentino, los diez vuelos semanales de la avioneta San Rafael tambi\u00e9n se est\u00e1n realizando y el transporte por el lado chileno del Lago General Carrera lo aumentamos a dos salidas desde Chile Chico y dos desde Coyhaique todos los d\u00edas\u201d, detall\u00f3.<\/p>\n<p style=\"font-weight: 400; text-align: justify;\"><strong>Recuperaci\u00f3n de barcazas<\/strong><\/p>\n<p style=\"font-weight: 400; text-align: justify;\">En paralelo, se trabaja en la recuperaci\u00f3n de las barcazas que permitan lograr una operatividad normal en el m\u00e1s breve plazo.<\/p>\n<p style=\"font-weight: 400; text-align: justify;\">\u201cLas dos barcazas del Estado est\u00e1n en reparaci\u00f3n en este minuto y zanjamos ese gran tema que ten\u00edamos cuando llegamos, que no se hab\u00eda podido lograr la licitaci\u00f3n de la reparaci\u00f3n. La barcaza Tehuelche est\u00e1 siendo reparada por la empresa Asmar y esperamos que est\u00e9 la \u00faltima semana de diciembre de vuelta en la operaci\u00f3n. Con respecto a la barcaza Pilchero est\u00e1 en reparaci\u00f3n tambi\u00e9n y esperamos que en noviembre est\u00e9 navegando\u201d, enfatiz\u00f3.<\/p>\n<p style=\"font-weight: 400; text-align: justify;\">En cuanto a las inspecciones, enfatiz\u00f3 en que desde el inicio este gobierno se ha aumentado las fiscalizaciones tendientes a mejorar la calidad de prestaci\u00f3n de los servicios y supervisar las condiciones de seguridad de las naves que han estado operando.<\/p>\n<p style=\"font-weight: 400; text-align: justify;\">Cabe se\u00f1alar que este martes llegar\u00e1 un equipo de buzos por parte del Armador de la Nave Chelenco, quienes comenzar\u00e1n faenas para sacar desde el lago la rampa y volverla a su posici\u00f3n original, para lo cual se requerir\u00e1 contar con gr\u00faas y sistemas de flotaci\u00f3n que permitan levantarla hasta la superficie.<\/p>\n<p style=\"font-weight: 400; text-align: justify;\">Las causas del siniestro ser\u00e1n investigadas por parte de la autoridad mar\u00edtima.<\/p>\n<\/div><\/section><\/div><div  style='height:50px' class='hr hr-invisible   avia-builder-el-6  el_after_av_one_full  el_before_av_social_share '><span class='hr-inner ' ><span class='hr-inner-style'><\/span><\/span><\/div><\/p>\n<div  class='av-social-sharing-box  avia-builder-el-7  el_after_av_hr  el_before_av_hr  '><div class='av-share-box'><h5 class='av-share-link-description av-no-toc '>Compartir esta noticia<\/h5><ul class='av-share-box-list noLightbox'><li class='av-share-link av-social-link-facebook' ><a target=\"_blank\" aria-label=\"Compartir en Facebook\" href='https:\/\/www.facebook.com\/sharer.php?u=https:\/\/radiorevelacionfm.cl\/?p=22239&#038;t=Gobierno%20dispone%20medidas%20urgentes%20ante%20contingencia%20de%20barcaza%20Chelenco' aria-hidden='false' data-av_icon='\ue8f3' data-av_iconfont='entypo-fontello' title='' data-avia-related-tooltip='Compartir en Facebook' rel=\"noopener\"><span class='avia_hidden_link_text'>Compartir en Facebook<\/span><\/a><\/li><li class='av-share-link av-social-link-twitter' ><a target=\"_blank\" aria-label=\"Compartir en Twitter\" href='https:\/\/twitter.com\/share?text=Gobierno%20dispone%20medidas%20urgentes%20ante%20contingencia%20de%20barcaza%20Chelenco&#038;url=https:\/\/radiorevelacionfm.cl\/?p=22239' aria-hidden='false' data-av_icon='\ue8f1' data-av_iconfont='entypo-fontello' title='' data-avia-related-tooltip='Compartir en Twitter' rel=\"noopener\"><span class='avia_hidden_link_text'>Compartir en Twitter<\/span><\/a><\/li><li class='av-share-link av-social-link-whatsapp' ><a target=\"_blank\" aria-label=\"Compartir en Whatsapp\" href='https:\/\/api.whatsapp.com\/send?text=https:\/\/radiorevelacionfm.cl\/?p=22239' aria-hidden='false' data-av_icon='\uf232' data-av_iconfont='entypo-fontello' title='' data-avia-related-tooltip='Compartir en Whatsapp' rel=\"noopener\"><span class='avia_hidden_link_text'>Compartir en Whatsapp<\/span><\/a><\/li><li class='av-share-link av-social-link-linkedin' ><a target=\"_blank\" aria-label=\"Compartir en LinkedIn\" href='https:\/\/linkedin.com\/shareArticle?mini=true&#038;title=Gobierno%20dispone%20medidas%20urgentes%20ante%20contingencia%20de%20barcaza%20Chelenco&#038;url=https:\/\/radiorevelacionfm.cl\/?p=22239' aria-hidden='false' data-av_icon='\ue8fc' data-av_iconfont='entypo-fontello' title='' data-avia-related-tooltip='Compartir en LinkedIn' rel=\"noopener\"><span class='avia_hidden_link_text'>Compartir en LinkedIn<\/span><\/a><\/li><li class='av-share-link av-social-link-mail' ><a  aria-label=\"Compartir por correo\" href='mailto:?subject=Gobierno%20dispone%20medidas%20urgentes%20ante%20contingencia%20de%20barcaza%20Chelenco&#038;body=https:\/\/radiorevelacionfm.cl\/?p=22239' aria-hidden='false' data-av_icon='\ue805' data-av_iconfont='entypo-fontello' title='' data-avia-related-tooltip='Compartir por correo'><span class='avia_hidden_link_text'>Compartir por correo<\/span><\/a><\/li><\/ul><\/div><\/div>\n<div  style='height:50px' class='hr hr-invisible   avia-builder-el-8  el_after_av_social_share  el_before_av_comments_list '><span class='hr-inner ' ><span class='hr-inner-style'><\/span><\/span><\/div>\n<div  class='av-buildercomment  av-blog-meta-html-info-disabled av-blog-meta-tag-disabled  '><\/div>\n","protected":false},"excerpt":{"rendered":"","protected":false},"author":1,"featured_media":22240,"comment_status":"open","ping_status":"open","sticky":false,"template":"","format":"standard","meta":{"footnotes":""},"categories":[38],"tags":[],"class_list":["post-22239","post","type-post","status-publish","format-standard","has-post-thumbnail","hentry","category-regional"],"jetpack_featured_media_url":"https:\/\/radiorevelacionfm.cl\/wp-content\/uploads\/2022\/09\/220619-barcaza-Chelenco-1-1.jpg","_links":{"self":[{"href":"https:\/\/radiorevelacionfm.cl\/index.php?rest_route=\/wp\/v2\/posts\/22239","targetHints":{"allow":["GET"]}}],"collection":[{"href":"https:\/\/radiorevelacionfm.cl\/index.php?rest_route=\/wp\/v2\/posts"}],"about":[{"href":"https:\/\/radiorevelacionfm.cl\/index.php?rest_route=\/wp\/v2\/types\/post"}],"author":[{"embeddable":true,"href":"https:\/\/radiorevelacionfm.cl\/index.php?rest_route=\/wp\/v2\/users\/1"}],"replies":[{"embeddable":true,"href":"https:\/\/radiorevelacionfm.cl\/index.php?rest_route=%2Fwp%2Fv2%2Fcomments&post=22239"}],"version-history":[{"count":2,"href":"https:\/\/radiorevelacionfm.cl\/index.php?rest_route=\/wp\/v2\/posts\/22239\/revisions"}],"predecessor-version":[{"id":22246,"href":"https:\/\/radiorevelacionfm.cl\/index.php?rest_route=\/wp\/v2\/posts\/22239\/revisions\/22246"}],"wp:featuredmedia":[{"embeddable":true,"href":"https:\/\/radiorevelacionfm.cl\/index.php?rest_route=\/wp\/v2\/media\/22240"}],"wp:attachment":[{"href":"https:\/\/radiorevelacionfm.cl\/index.php?rest_route=%2Fwp%2Fv2%2Fmedia&parent=22239"}],"wp:term":[{"taxonomy":"category","embeddable":true,"href":"https:\/\/radiorevelacionfm.cl\/index.php?rest_route=%2Fwp%2Fv2%2Fcategories&post=22239"},{"taxonomy":"post_tag","embeddable":true,"href":"https:\/\/radiorevelacionfm.cl\/index.php?rest_route=%2Fwp%2Fv2%2Ftags&post=22239"}],"curies":[{"name":"wp","href":"https:\/\/api.w.org\/{rel}","templated":true}]}}