{"id":22234,"date":"2022-09-26T16:30:26","date_gmt":"2022-09-26T19:30:26","guid":{"rendered":"https:\/\/radiorevelacionfm.cl\/?p=22234"},"modified":"2022-09-26T22:07:20","modified_gmt":"2022-09-27T01:07:20","slug":"director-del-servicio-de-salud-aysen-presenta-su-renuncia-al-cargo","status":"publish","type":"post","link":"https:\/\/radiorevelacionfm.cl\/?p=22234","title":{"rendered":"Director del Servicio de Salud Ays\u00e9n presenta su renuncia al cargo"},"content":{"rendered":"<div class=\"flex_column av_one_full  flex_column_div av-zero-column-padding first  avia-builder-el-0  el_before_av_one_full  avia-builder-el-first  \" style='border-radius:0px; '><div  class='avia-image-container  av-styling-    avia-builder-el-1  avia-builder-el-no-sibling  avia-align-center '  itemprop=\"image\" itemscope=\"itemscope\" itemtype=\"https:\/\/schema.org\/ImageObject\"  ><div class='avia-image-container-inner'><div class='avia-image-overlay-wrap'><img decoding=\"async\" class='wp-image-22235 avia-img-lazy-loading-not-22235 avia_image' src=\"https:\/\/radiorevelacionfm.cl\/wp-content\/uploads\/2022\/09\/Director-SSA1-1-1.jpg\" alt='' title='Director SSA1 (1) (1)' height=\"600\" width=\"839\"  itemprop=\"thumbnailUrl\" srcset=\"https:\/\/radiorevelacionfm.cl\/wp-content\/uploads\/2022\/09\/Director-SSA1-1-1.jpg 839w, https:\/\/radiorevelacionfm.cl\/wp-content\/uploads\/2022\/09\/Director-SSA1-1-1-300x215.jpg 300w, https:\/\/radiorevelacionfm.cl\/wp-content\/uploads\/2022\/09\/Director-SSA1-1-1-768x549.jpg 768w, https:\/\/radiorevelacionfm.cl\/wp-content\/uploads\/2022\/09\/Director-SSA1-1-1-260x185.jpg 260w, https:\/\/radiorevelacionfm.cl\/wp-content\/uploads\/2022\/09\/Director-SSA1-1-1-705x504.jpg 705w, https:\/\/radiorevelacionfm.cl\/wp-content\/uploads\/2022\/09\/Director-SSA1-1-1-600x429.jpg 600w\" sizes=\"(max-width: 839px) 100vw, 839px\" \/><\/div><\/div><\/div><\/div>\n<div class=\"flex_column av_one_full  flex_column_div av-zero-column-padding first  avia-builder-el-2  el_after_av_one_full  el_before_av_one_full  column-top-margin\" style='border-radius:0px; '><section class=\"av_textblock_section \"  itemscope=\"itemscope\" itemtype=\"https:\/\/schema.org\/BlogPosting\" itemprop=\"blogPost\" ><div class='avia_textblock  '   itemprop=\"text\" ><p style=\"text-align: center;\"><strong><span style=\"font-size: 18pt;\">Director del Servicio de Salud Ays\u00e9n presenta su renuncia al cargo<\/span><\/strong><\/p>\n<div id=\"gtx-trans\" style=\"position: absolute; left: -50px; top: 4.31534px;\">\n<div class=\"gtx-trans-icon\"><\/div>\n<\/div>\n<\/div><\/section><\/div>\n<div class=\"flex_column av_one_full  flex_column_div av-zero-column-padding first  avia-builder-el-4  el_after_av_one_full  el_before_av_hr  column-top-margin\" style='border-radius:0px; '><section class=\"av_textblock_section \"  itemscope=\"itemscope\" itemtype=\"https:\/\/schema.org\/BlogPosting\" itemprop=\"blogPost\" ><div class='avia_textblock  '   itemprop=\"text\" ><p style=\"text-align: justify;\">Hoy, Gabriel Burgos Salas anunci\u00f3 su renuncia al cargo de director del Servicio de Salud Ays\u00e9n, la decisi\u00f3n obedece a una nueva oferta laboral, fuera de la regi\u00f3n de Ays\u00e9n.<\/p>\n<p style=\"text-align: justify;\">Renuncia que se har\u00e1 efectiva a partir del 1 de octubre, el profesional a trav\u00e9s de un comunicado\u00a0agradeci\u00f3 la situaci\u00f3n vivida en la regi\u00f3n, \u00abuna regi\u00f3n hermosa, regi\u00f3n geogr\u00e1fica muy diversa, con mucha problem\u00e1tica y que me ha tocado ir abordando en estos dos a\u00f1os\u00bb, se\u00f1al\u00f3.<\/p>\n<p style=\"text-align: justify;\">\u00abHa sido muy enriquecedor con los equipos de trabajo, con las comunidades, estar cercano a ellos y entender lo que sienten, las necesidades y poder plantear y poder ver y buscar soluciones. He tenido y he recibido otras ofertas laborales de fuera de la regi\u00f3n. Y por un tema familiar, decid\u00ed volver a otro lugar del pa\u00eds, as\u00ed que trabajo hasta el primero de octubre\u00bb, indic\u00f3 Burgos.<\/p>\n<p style=\"text-align: justify;\">\u00abAgradecer solamente todo este tiempo en la regi\u00f3n, se logr\u00f3 avanzar en formar los equipos, en sacar proyecto emblem\u00e1tico que estaban detenidos como el hospital de Cochrane, el avance del hospital de Chile Chico, las Postas Salud que iban avanzando con su ejecuci\u00f3n, prontamente se inaugurar\u00e1 el resonador magn\u00e9tico que es un gran avance para la regi\u00f3n y poder ir consolidando esos equipos de trabajo en poder cohesionarlos, en poder mostrar una red en poder tener este integrado de soluciones a la comunidad que dentro de la regi\u00f3n es tan compleja, por lo que dec\u00eda anteriormente, la diversidad geogr\u00e1fica del clima de la distancia. As\u00ed que solamente me voy muy agradecido de la regi\u00f3n y de haber podido estar ac\u00e1, tratando de dar y aportar con un poquito, con un granito de arena, el Servicio de Salud contin\u00faa, la subrogancia ser\u00e1 asumida por el director administrativo que asume a partir del primer octubre, mientras se realiza el concurso del cargo de director\u00bb.<\/p>\n<p style=\"text-align: justify;\">\u00abPedirle a todos su colaboraci\u00f3n y el mayor apoyo a su gesti\u00f3n mientras llega el nuevo director, y a los equipos seguir trabajando, seguir engrandeciendo la salud y lo que es necesario para mejorar en cada uno de los rincones de esta regi\u00f3n\u00bb, finaliz\u00f3 el renunciado director.<\/p>\n<\/div><\/section><\/div><div  style='height:50px' class='hr hr-invisible   avia-builder-el-6  el_after_av_one_full  el_before_av_social_share '><span class='hr-inner ' ><span class='hr-inner-style'><\/span><\/span><\/div><\/p>\n<div  class='av-social-sharing-box  avia-builder-el-7  el_after_av_hr  el_before_av_hr  '><div class='av-share-box'><h5 class='av-share-link-description av-no-toc '>Compartir esta noticia<\/h5><ul class='av-share-box-list noLightbox'><li class='av-share-link av-social-link-facebook' ><a target=\"_blank\" aria-label=\"Compartir en Facebook\" href='https:\/\/www.facebook.com\/sharer.php?u=https:\/\/radiorevelacionfm.cl\/?p=22234&#038;t=Director%20del%20Servicio%20de%20Salud%20Ays%C3%A9n%20presenta%20su%20renuncia%20al%20cargo' aria-hidden='false' data-av_icon='\ue8f3' data-av_iconfont='entypo-fontello' title='' data-avia-related-tooltip='Compartir en Facebook' rel=\"noopener\"><span class='avia_hidden_link_text'>Compartir en Facebook<\/span><\/a><\/li><li class='av-share-link av-social-link-twitter' ><a target=\"_blank\" aria-label=\"Compartir en Twitter\" href='https:\/\/twitter.com\/share?text=Director%20del%20Servicio%20de%20Salud%20Ays%C3%A9n%20presenta%20su%20renuncia%20al%20cargo&#038;url=https:\/\/radiorevelacionfm.cl\/?p=22234' aria-hidden='false' data-av_icon='\ue8f1' data-av_iconfont='entypo-fontello' title='' data-avia-related-tooltip='Compartir en Twitter' rel=\"noopener\"><span class='avia_hidden_link_text'>Compartir en Twitter<\/span><\/a><\/li><li class='av-share-link av-social-link-whatsapp' ><a target=\"_blank\" aria-label=\"Compartir en Whatsapp\" href='https:\/\/api.whatsapp.com\/send?text=https:\/\/radiorevelacionfm.cl\/?p=22234' aria-hidden='false' data-av_icon='\uf232' data-av_iconfont='entypo-fontello' title='' data-avia-related-tooltip='Compartir en Whatsapp' rel=\"noopener\"><span class='avia_hidden_link_text'>Compartir en Whatsapp<\/span><\/a><\/li><li class='av-share-link av-social-link-linkedin' ><a target=\"_blank\" aria-label=\"Compartir en LinkedIn\" href='https:\/\/linkedin.com\/shareArticle?mini=true&#038;title=Director%20del%20Servicio%20de%20Salud%20Ays%C3%A9n%20presenta%20su%20renuncia%20al%20cargo&#038;url=https:\/\/radiorevelacionfm.cl\/?p=22234' aria-hidden='false' data-av_icon='\ue8fc' data-av_iconfont='entypo-fontello' title='' data-avia-related-tooltip='Compartir en LinkedIn' rel=\"noopener\"><span class='avia_hidden_link_text'>Compartir en LinkedIn<\/span><\/a><\/li><li class='av-share-link av-social-link-mail' ><a  aria-label=\"Compartir por correo\" href='mailto:?subject=Director%20del%20Servicio%20de%20Salud%20Ays%C3%A9n%20presenta%20su%20renuncia%20al%20cargo&#038;body=https:\/\/radiorevelacionfm.cl\/?p=22234' aria-hidden='false' data-av_icon='\ue805' data-av_iconfont='entypo-fontello' title='' data-avia-related-tooltip='Compartir por correo'><span class='avia_hidden_link_text'>Compartir por correo<\/span><\/a><\/li><\/ul><\/div><\/div>\n<div  style='height:50px' class='hr hr-invisible   avia-builder-el-8  el_after_av_social_share  el_before_av_comments_list '><span class='hr-inner ' ><span class='hr-inner-style'><\/span><\/span><\/div>\n<div  class='av-buildercomment  av-blog-meta-html-info-disabled av-blog-meta-tag-disabled  '><\/div>\n","protected":false},"excerpt":{"rendered":"","protected":false},"author":1,"featured_media":22235,"comment_status":"open","ping_status":"open","sticky":false,"template":"","format":"standard","meta":{"footnotes":""},"categories":[46],"tags":[],"class_list":["post-22234","post","type-post","status-publish","format-standard","has-post-thumbnail","hentry","category-salud"],"jetpack_featured_media_url":"https:\/\/radiorevelacionfm.cl\/wp-content\/uploads\/2022\/09\/Director-SSA1-1-1.jpg","_links":{"self":[{"href":"https:\/\/radiorevelacionfm.cl\/index.php?rest_route=\/wp\/v2\/posts\/22234","targetHints":{"allow":["GET"]}}],"collection":[{"href":"https:\/\/radiorevelacionfm.cl\/index.php?rest_route=\/wp\/v2\/posts"}],"about":[{"href":"https:\/\/radiorevelacionfm.cl\/index.php?rest_route=\/wp\/v2\/types\/post"}],"author":[{"embeddable":true,"href":"https:\/\/radiorevelacionfm.cl\/index.php?rest_route=\/wp\/v2\/users\/1"}],"replies":[{"embeddable":true,"href":"https:\/\/radiorevelacionfm.cl\/index.php?rest_route=%2Fwp%2Fv2%2Fcomments&post=22234"}],"version-history":[{"count":4,"href":"https:\/\/radiorevelacionfm.cl\/index.php?rest_route=\/wp\/v2\/posts\/22234\/revisions"}],"predecessor-version":[{"id":22245,"href":"https:\/\/radiorevelacionfm.cl\/index.php?rest_route=\/wp\/v2\/posts\/22234\/revisions\/22245"}],"wp:featuredmedia":[{"embeddable":true,"href":"https:\/\/radiorevelacionfm.cl\/index.php?rest_route=\/wp\/v2\/media\/22235"}],"wp:attachment":[{"href":"https:\/\/radiorevelacionfm.cl\/index.php?rest_route=%2Fwp%2Fv2%2Fmedia&parent=22234"}],"wp:term":[{"taxonomy":"category","embeddable":true,"href":"https:\/\/radiorevelacionfm.cl\/index.php?rest_route=%2Fwp%2Fv2%2Fcategories&post=22234"},{"taxonomy":"post_tag","embeddable":true,"href":"https:\/\/radiorevelacionfm.cl\/index.php?rest_route=%2Fwp%2Fv2%2Ftags&post=22234"}],"curies":[{"name":"wp","href":"https:\/\/api.w.org\/{rel}","templated":true}]}}