{"id":22229,"date":"2022-09-27T09:23:02","date_gmt":"2022-09-27T12:23:02","guid":{"rendered":"https:\/\/radiorevelacionfm.cl\/?p=22229"},"modified":"2022-09-27T09:23:02","modified_gmt":"2022-09-27T12:23:02","slug":"este-30-de-septiembre-cierra-la-plataforma-para-el-registro-de-docentes-traspasados-a-la-educacion-municipal","status":"publish","type":"post","link":"https:\/\/radiorevelacionfm.cl\/?p=22229","title":{"rendered":"Este 30 de septiembre cierra la plataforma para el registro de docentes traspasados a la educaci\u00f3n municipal"},"content":{"rendered":"<div class=\"flex_column av_one_full  flex_column_div av-zero-column-padding first  avia-builder-el-0  el_before_av_one_full  avia-builder-el-first  \" style='border-radius:0px; '><div  class='avia-image-container  av-styling-    avia-builder-el-1  avia-builder-el-no-sibling  avia-align-center '  itemprop=\"image\" itemscope=\"itemscope\" itemtype=\"https:\/\/schema.org\/ImageObject\"  ><div class='avia-image-container-inner'><div class='avia-image-overlay-wrap'><img decoding=\"async\" class='wp-image-22230 avia-img-lazy-loading-not-22230 avia_image' src=\"https:\/\/radiorevelacionfm.cl\/wp-content\/uploads\/2022\/09\/docentes-03-1_optimized.jpg\" alt='' title='docentes-03-(1)_optimized' height=\"600\" width=\"902\"  itemprop=\"thumbnailUrl\" srcset=\"https:\/\/radiorevelacionfm.cl\/wp-content\/uploads\/2022\/09\/docentes-03-1_optimized.jpg 902w, https:\/\/radiorevelacionfm.cl\/wp-content\/uploads\/2022\/09\/docentes-03-1_optimized-300x200.jpg 300w, https:\/\/radiorevelacionfm.cl\/wp-content\/uploads\/2022\/09\/docentes-03-1_optimized-768x511.jpg 768w, https:\/\/radiorevelacionfm.cl\/wp-content\/uploads\/2022\/09\/docentes-03-1_optimized-705x469.jpg 705w, https:\/\/radiorevelacionfm.cl\/wp-content\/uploads\/2022\/09\/docentes-03-1_optimized-600x399.jpg 600w\" sizes=\"(max-width: 902px) 100vw, 902px\" \/><\/div><\/div><\/div><\/div><div class=\"flex_column av_one_full  flex_column_div av-zero-column-padding first  avia-builder-el-2  el_after_av_one_full  el_before_av_one_full  column-top-margin\" style='border-radius:0px; '><section class=\"av_textblock_section \"  itemscope=\"itemscope\" itemtype=\"https:\/\/schema.org\/BlogPosting\" itemprop=\"blogPost\" ><div class='avia_textblock  '   itemprop=\"text\" ><p style=\"text-align: center;\"><span style=\"font-size: 18pt;\"><b>Este 30 de septiembre cierra la plataforma para el registro de docentes traspasados a la educaci\u00f3n municipal<\/b><\/span><\/p>\n<div id=\"gtx-trans\" style=\"position: absolute; left: -50px; top: 4.31534px;\">\n<div class=\"gtx-trans-icon\"><\/div>\n<\/div>\n<\/div><\/section><\/div><div class=\"flex_column av_one_full  flex_column_div av-zero-column-padding first  avia-builder-el-4  el_after_av_one_full  el_before_av_hr  column-top-margin\" style='border-radius:0px; '><section class=\"av_textblock_section \"  itemscope=\"itemscope\" itemtype=\"https:\/\/schema.org\/BlogPosting\" itemprop=\"blogPost\" ><div class='avia_textblock  '   itemprop=\"text\" ><p class=\"v1MsoNormal\" style=\"text-align: justify;\">El sitio\u00a0<a href=\"https:\/\/nam02.safelinks.protection.outlook.com\/?url=https%3A%2F%2Fregistrodocentestraspasados.mineduc.cl%2F&amp;data=05%7C01%7Ccamilo.gomez%40mineduc.cl%7C6eb0a65c636a4d5fcf2b08da9fe6a342%7C2e4cfe500580414093874ecde39def60%7C0%7C0%7C637998110233223261%7CUnknown%7CTWFpbGZsb3d8eyJWIjoiMC4wLjAwMDAiLCJQIjoiV2luMzIiLCJBTiI6Ik1haWwiLCJXVCI6Mn0%3D%7C3000%7C%7C%7C&amp;sdata=bGXLyls6rXNFTk8y8D%2FnrdKvMAJeEbaa7KffO0sbKKw%3D&amp;reserved=0\" target=\"_blank\" rel=\"noopener noreferrer\">https:\/\/registrodocentestraspasados.mineduc.cl\/<\/a>\u00a0permite que las y los docentes revisen si se encuentran en la n\u00f3mina de docentes traspasados entre 1980 y 1987.<\/p>\n<p class=\"v1MsoNormal\" style=\"text-align: justify;\">El pasado jueves 1 de septiembre, el ministro de Educaci\u00f3n, Marco Antonio \u00c1vila, junto al presidente del Colegio de Profesores, Carlos D\u00edaz, presentaron la plataforma web\u00a0<a href=\"https:\/\/nam02.safelinks.protection.outlook.com\/?url=https%3A%2F%2Fregistrodocentestraspasados.mineduc.cl%2F&amp;data=05%7C01%7Ccamilo.gomez%40mineduc.cl%7C6eb0a65c636a4d5fcf2b08da9fe6a342%7C2e4cfe500580414093874ecde39def60%7C0%7C0%7C637998110233223261%7CUnknown%7CTWFpbGZsb3d8eyJWIjoiMC4wLjAwMDAiLCJQIjoiV2luMzIiLCJBTiI6Ik1haWwiLCJXVCI6Mn0%3D%7C3000%7C%7C%7C&amp;sdata=bGXLyls6rXNFTk8y8D%2FnrdKvMAJeEbaa7KffO0sbKKw%3D&amp;reserved=0\" target=\"_blank\" rel=\"noopener noreferrer\">https:\/\/registrodocentestraspasados.mineduc.cl\/<\/a>\u00a0que permite que las y los profesores revisen si se encuentran en la n\u00f3mina de docentes traspasados entre 1980 y 1987, la cual fue elaborada por el Ministerio de Educaci\u00f3n entre los a\u00f1os 2016-2017. Esto con el objetivo de avanzar en el compromiso del gobierno de presentar un proyecto de ley de reparaci\u00f3n para la llamada deuda hist\u00f3rica.<\/p>\n<p class=\"v1MsoNormal\" style=\"text-align: justify;\">Junto con invitar a las y los profesores traspasados a que verifiquen la informaci\u00f3n en el sitio web, el ministro de Educaci\u00f3n recalc\u00f3 la importancia de contar con este registro y poder avanzar en una pol\u00edtica de reparaci\u00f3n. \u201cEl poder lograr la tan anhelada reparaci\u00f3n es uno de los compromisos del Presidente Gabriel Boric y como Ministerio de Educaci\u00f3n seguiremos trabajando para poder lograrlo\u2019\u2019, se\u00f1ala el ministro \u00c1vila.<\/p>\n<p class=\"v1MsoNormal\" style=\"text-align: justify;\">Por su parte, la seremi de Educaci\u00f3n de Ays\u00e9n Isabel Garrido Casassa, quien \u00a0a comienzos de septiembre present\u00f3 esta plataforma junto a dirigentes regionales del Magisterio record\u00f3 que \u2018\u2019las y los profesores podr\u00e1n verificar hasta el 30 de septiembre si se encuentran en el listado actual con que cuenta el Ministerio de Educaci\u00f3n. Hacemos un llamado a que puedan realizar este tr\u00e1mite a tiempo para as\u00ed contar con una n\u00f3mina actualizada\u201d.<\/p>\n<p class=\"v1MsoNormal\" style=\"text-align: justify;\"><b>\u00bfCu\u00e1les son los pasos para registrarse en esta plataforma?<\/b><\/p>\n<ol style=\"text-align: justify;\" start=\"1\" type=\"1\">\n<li class=\"v1MsoNormal\">Ingresar a la plataforma web\u00a0<a href=\"https:\/\/nam02.safelinks.protection.outlook.com\/?url=https%3A%2F%2Fregistrodocentestraspasados.mineduc.cl%2F&amp;data=05%7C01%7Ccamilo.gomez%40mineduc.cl%7C6eb0a65c636a4d5fcf2b08da9fe6a342%7C2e4cfe500580414093874ecde39def60%7C0%7C0%7C637998110233223261%7CUnknown%7CTWFpbGZsb3d8eyJWIjoiMC4wLjAwMDAiLCJQIjoiV2luMzIiLCJBTiI6Ik1haWwiLCJXVCI6Mn0%3D%7C3000%7C%7C%7C&amp;sdata=bGXLyls6rXNFTk8y8D%2FnrdKvMAJeEbaa7KffO0sbKKw%3D&amp;reserved=0\" target=\"_blank\" rel=\"noopener noreferrer\">https:\/\/registrodocentestraspasados.mineduc.cl\/<\/a>\u00a0<b><\/b><\/li>\n<li class=\"v1MsoNormal\">Hacer clic en la ventana \u2018\u2019Buscar registro por RUT\u2019\u2019 e ingresar las credenciales de usuario con la Clave \u00danica.<b><\/b><\/li>\n<li class=\"v1MsoNormal\">Si el o la docente se encuentra en el listado y sus datos son correctos, se debe ingresar el correo electr\u00f3nico y hacer clic en \u201cEnviar\u201d.<b><\/b><\/li>\n<li class=\"v1MsoNormal\">\u00a0Si el o la docente se encuentra en listado, pero sus datos tienen alg\u00fan error, se debe rectificar la informaci\u00f3n, ingresar el correo electr\u00f3nico y hacer clic en \u00abConfirmar solicitud de rectificaci\u00f3n\u00bb.<b><\/b><\/li>\n<li class=\"v1MsoNormal\">\u00a0Si el o la docente no se encuentra en listado, debe completar un formulario, ingresar el correo electr\u00f3nico y hacer clic en \u00abEnviar solicitud\u00bb.<b><\/b><\/li>\n<\/ol>\n<p class=\"v1MsoNormal\" style=\"text-align: justify;\"><b>\u00bfA qu\u00e9 informaci\u00f3n pueden acceder las y los docentes una vez realizado el registro?<\/b><\/p>\n<ul style=\"text-align: justify;\" type=\"disc\">\n<li class=\"v1MsoNormal\">Revisar si est\u00e1n en el listado ya existente (creado en 2016-2017).<\/li>\n<li class=\"v1MsoNormal\">Si no est\u00e1n en ese listado, pueden solicitar que se revise su caso para incorporarlos a esta n\u00f3mina.<\/li>\n<li class=\"v1MsoNormal\">Si est\u00e1n en el listado, pero alguna informaci\u00f3n se encuentra errada, pueden solicitar la rectificaci\u00f3n de alguno de sus datos personales.<\/li>\n<\/ul>\n<p class=\"v1MsoNormal\" style=\"text-align: justify;\"><span lang=\"ES\">En el mes de noviembre se presentar\u00e1 una actualizaci\u00f3n de este registro en la p\u00e1gina web\u00a0<\/span><a href=\"https:\/\/nam02.safelinks.protection.outlook.com\/?url=https%3A%2F%2Fregistrodocentestraspasados.mineduc.cl%2F&amp;data=05%7C01%7Ccamilo.gomez%40mineduc.cl%7C6eb0a65c636a4d5fcf2b08da9fe6a342%7C2e4cfe500580414093874ecde39def60%7C0%7C0%7C637998110233223261%7CUnknown%7CTWFpbGZsb3d8eyJWIjoiMC4wLjAwMDAiLCJQIjoiV2luMzIiLCJBTiI6Ik1haWwiLCJXVCI6Mn0%3D%7C3000%7C%7C%7C&amp;sdata=bGXLyls6rXNFTk8y8D%2FnrdKvMAJeEbaa7KffO0sbKKw%3D&amp;reserved=0\" target=\"_blank\" rel=\"noopener noreferrer\">https:\/\/registrodocentestraspasados.mineduc.cl\/<\/a><span lang=\"ES\">, con nuevas(os) docentes ingresados a partir de la revisi\u00f3n del registro hist\u00f3rico de funcionarios y funcionarias ministeriales.<\/span><\/p>\n<\/div><\/section><\/div><div  style='height:50px' class='hr hr-invisible   avia-builder-el-6  el_after_av_one_full  el_before_av_social_share '><span class='hr-inner ' ><span class='hr-inner-style'><\/span><\/span><\/div><\/p>\n<div  class='av-social-sharing-box  avia-builder-el-7  el_after_av_hr  el_before_av_hr  '><div class='av-share-box'><h5 class='av-share-link-description av-no-toc '>Compartir esta noticia<\/h5><ul class='av-share-box-list noLightbox'><li class='av-share-link av-social-link-facebook' ><a target=\"_blank\" aria-label=\"Compartir en Facebook\" href='https:\/\/www.facebook.com\/sharer.php?u=https:\/\/radiorevelacionfm.cl\/?p=22229&#038;t=Este%2030%20de%20septiembre%20cierra%20la%20plataforma%20para%20el%20registro%20de%20docentes%20traspasados%20a%20la%20educaci%C3%B3n%20municipal' aria-hidden='false' data-av_icon='\ue8f3' data-av_iconfont='entypo-fontello' title='' data-avia-related-tooltip='Compartir en Facebook' rel=\"noopener\"><span class='avia_hidden_link_text'>Compartir en Facebook<\/span><\/a><\/li><li class='av-share-link av-social-link-twitter' ><a target=\"_blank\" aria-label=\"Compartir en Twitter\" href='https:\/\/twitter.com\/share?text=Este%2030%20de%20septiembre%20cierra%20la%20plataforma%20para%20el%20registro%20de%20docentes%20traspasados%20a%20la%20educaci%C3%B3n%20municipal&#038;url=https:\/\/radiorevelacionfm.cl\/?p=22229' aria-hidden='false' data-av_icon='\ue8f1' data-av_iconfont='entypo-fontello' title='' data-avia-related-tooltip='Compartir en Twitter' rel=\"noopener\"><span class='avia_hidden_link_text'>Compartir en Twitter<\/span><\/a><\/li><li class='av-share-link av-social-link-whatsapp' ><a target=\"_blank\" aria-label=\"Compartir en Whatsapp\" href='https:\/\/api.whatsapp.com\/send?text=https:\/\/radiorevelacionfm.cl\/?p=22229' aria-hidden='false' data-av_icon='\uf232' data-av_iconfont='entypo-fontello' title='' data-avia-related-tooltip='Compartir en Whatsapp' rel=\"noopener\"><span class='avia_hidden_link_text'>Compartir en Whatsapp<\/span><\/a><\/li><li class='av-share-link av-social-link-linkedin' ><a target=\"_blank\" aria-label=\"Compartir en LinkedIn\" href='https:\/\/linkedin.com\/shareArticle?mini=true&#038;title=Este%2030%20de%20septiembre%20cierra%20la%20plataforma%20para%20el%20registro%20de%20docentes%20traspasados%20a%20la%20educaci%C3%B3n%20municipal&#038;url=https:\/\/radiorevelacionfm.cl\/?p=22229' aria-hidden='false' data-av_icon='\ue8fc' data-av_iconfont='entypo-fontello' title='' data-avia-related-tooltip='Compartir en LinkedIn' rel=\"noopener\"><span class='avia_hidden_link_text'>Compartir en LinkedIn<\/span><\/a><\/li><li class='av-share-link av-social-link-mail' ><a  aria-label=\"Compartir por correo\" href='mailto:?subject=Este%2030%20de%20septiembre%20cierra%20la%20plataforma%20para%20el%20registro%20de%20docentes%20traspasados%20a%20la%20educaci%C3%B3n%20municipal&#038;body=https:\/\/radiorevelacionfm.cl\/?p=22229' aria-hidden='false' data-av_icon='\ue805' data-av_iconfont='entypo-fontello' title='' data-avia-related-tooltip='Compartir por correo'><span class='avia_hidden_link_text'>Compartir por correo<\/span><\/a><\/li><\/ul><\/div><\/div>\n<div  style='height:50px' class='hr hr-invisible   avia-builder-el-8  el_after_av_social_share  el_before_av_comments_list '><span class='hr-inner ' ><span class='hr-inner-style'><\/span><\/span><\/div>\n<div  class='av-buildercomment  av-blog-meta-html-info-disabled av-blog-meta-tag-disabled  '><\/div>\n","protected":false},"excerpt":{"rendered":"","protected":false},"author":1,"featured_media":22230,"comment_status":"open","ping_status":"open","sticky":false,"template":"","format":"standard","meta":{"footnotes":""},"categories":[49],"tags":[],"class_list":["post-22229","post","type-post","status-publish","format-standard","has-post-thumbnail","hentry","category-educacion"],"jetpack_featured_media_url":"https:\/\/radiorevelacionfm.cl\/wp-content\/uploads\/2022\/09\/docentes-03-1_optimized.jpg","_links":{"self":[{"href":"https:\/\/radiorevelacionfm.cl\/index.php?rest_route=\/wp\/v2\/posts\/22229","targetHints":{"allow":["GET"]}}],"collection":[{"href":"https:\/\/radiorevelacionfm.cl\/index.php?rest_route=\/wp\/v2\/posts"}],"about":[{"href":"https:\/\/radiorevelacionfm.cl\/index.php?rest_route=\/wp\/v2\/types\/post"}],"author":[{"embeddable":true,"href":"https:\/\/radiorevelacionfm.cl\/index.php?rest_route=\/wp\/v2\/users\/1"}],"replies":[{"embeddable":true,"href":"https:\/\/radiorevelacionfm.cl\/index.php?rest_route=%2Fwp%2Fv2%2Fcomments&post=22229"}],"version-history":[{"count":2,"href":"https:\/\/radiorevelacionfm.cl\/index.php?rest_route=\/wp\/v2\/posts\/22229\/revisions"}],"predecessor-version":[{"id":22247,"href":"https:\/\/radiorevelacionfm.cl\/index.php?rest_route=\/wp\/v2\/posts\/22229\/revisions\/22247"}],"wp:featuredmedia":[{"embeddable":true,"href":"https:\/\/radiorevelacionfm.cl\/index.php?rest_route=\/wp\/v2\/media\/22230"}],"wp:attachment":[{"href":"https:\/\/radiorevelacionfm.cl\/index.php?rest_route=%2Fwp%2Fv2%2Fmedia&parent=22229"}],"wp:term":[{"taxonomy":"category","embeddable":true,"href":"https:\/\/radiorevelacionfm.cl\/index.php?rest_route=%2Fwp%2Fv2%2Fcategories&post=22229"},{"taxonomy":"post_tag","embeddable":true,"href":"https:\/\/radiorevelacionfm.cl\/index.php?rest_route=%2Fwp%2Fv2%2Ftags&post=22229"}],"curies":[{"name":"wp","href":"https:\/\/api.w.org\/{rel}","templated":true}]}}