{"id":22226,"date":"2022-09-26T19:29:13","date_gmt":"2022-09-26T22:29:13","guid":{"rendered":"https:\/\/radiorevelacionfm.cl\/?p=22226"},"modified":"2022-09-26T19:29:13","modified_gmt":"2022-09-26T22:29:13","slug":"omar-munoz-critica-gestion-de-gobernadora-la-region-de-aysen-perdera-mas-de-38-mil-millones-de-pesos","status":"publish","type":"post","link":"https:\/\/radiorevelacionfm.cl\/?p=22226","title":{"rendered":"Omar Mu\u00f1oz critica gesti\u00f3n de Gobernadora: \u201cLa regi\u00f3n de Ays\u00e9n perder\u00e1 m\u00e1s de 38 mil millones de pesos\u201d"},"content":{"rendered":"<div class=\"flex_column av_one_full  flex_column_div av-zero-column-padding first  avia-builder-el-0  el_before_av_one_full  avia-builder-el-first  \" style='border-radius:0px; '><div  class='avia-image-container  av-styling-    avia-builder-el-1  avia-builder-el-no-sibling  avia-align-center '  itemprop=\"image\" itemscope=\"itemscope\" itemtype=\"https:\/\/schema.org\/ImageObject\"  ><div class='avia-image-container-inner'><div class='avia-image-overlay-wrap'><img decoding=\"async\" class='wp-image-22227 avia-img-lazy-loading-not-22227 avia_image' src=\"https:\/\/radiorevelacionfm.cl\/wp-content\/uploads\/2022\/09\/CONSEJERO-OMAR-MUNOZ1-1-1.jpg\" alt='' title='CONSEJERO OMAR MU\u00d1OZ1 (1) (1)' height=\"600\" width=\"900\"  itemprop=\"thumbnailUrl\" srcset=\"https:\/\/radiorevelacionfm.cl\/wp-content\/uploads\/2022\/09\/CONSEJERO-OMAR-MUNOZ1-1-1.jpg 900w, https:\/\/radiorevelacionfm.cl\/wp-content\/uploads\/2022\/09\/CONSEJERO-OMAR-MUNOZ1-1-1-300x200.jpg 300w, https:\/\/radiorevelacionfm.cl\/wp-content\/uploads\/2022\/09\/CONSEJERO-OMAR-MUNOZ1-1-1-768x512.jpg 768w, https:\/\/radiorevelacionfm.cl\/wp-content\/uploads\/2022\/09\/CONSEJERO-OMAR-MUNOZ1-1-1-705x470.jpg 705w, https:\/\/radiorevelacionfm.cl\/wp-content\/uploads\/2022\/09\/CONSEJERO-OMAR-MUNOZ1-1-1-600x400.jpg 600w\" sizes=\"(max-width: 900px) 100vw, 900px\" \/><\/div><\/div><\/div><\/div><div class=\"flex_column av_one_full  flex_column_div av-zero-column-padding first  avia-builder-el-2  el_after_av_one_full  el_before_av_one_full  column-top-margin\" style='border-radius:0px; '><section class=\"av_textblock_section \"  itemscope=\"itemscope\" itemtype=\"https:\/\/schema.org\/BlogPosting\" itemprop=\"blogPost\" ><div class='avia_textblock  '   itemprop=\"text\" ><p style=\"text-align: center;\"><strong><span style=\"font-size: 18pt;\">Omar Mu\u00f1oz critica gesti\u00f3n de Gobernadora: \u201cLa regi\u00f3n de Ays\u00e9n perder\u00e1 m\u00e1s de 38 mil millones de pesos\u201d<\/span><\/strong><\/p>\n<div id=\"gtx-trans\" style=\"position: absolute; left: -50px; top: 4.31534px;\">\n<div class=\"gtx-trans-icon\"><\/div>\n<\/div>\n<\/div><\/section><\/div><div class=\"flex_column av_one_full  flex_column_div av-zero-column-padding first  avia-builder-el-4  el_after_av_one_full  el_before_av_hr  column-top-margin\" style='border-radius:0px; '><section class=\"av_textblock_section \"  itemscope=\"itemscope\" itemtype=\"https:\/\/schema.org\/BlogPosting\" itemprop=\"blogPost\" ><div class='avia_textblock  '   itemprop=\"text\" ><p style=\"text-align: justify;\">Insisti\u00f3 en que esto es producto de la deficiente gesti\u00f3n que lidera la Gobernadora Regional, Andrea Mac\u00edas.<\/p>\n<p style=\"text-align: justify;\">\u201cEsto es desastroso, no podemos darnos el lujo de perder recursos por incapacidad de ejecutarlos\u201d. As\u00ed lo afirm\u00f3 el consejero regional por la Provincia de Coyhaique y presidente de la comisi\u00f3n de Fomento Productivo del CORE, Omar Mu\u00f1oz Sierra, luego de que en los \u00faltimos d\u00edas se conociera que los Gobernadores Regionales llevan la peor ejecuci\u00f3n de sus presupuestos en m\u00e1s de una d\u00e9cada, al segundo trimestre del presente a\u00f1o.<\/p>\n<p style=\"text-align: justify;\">La informaci\u00f3n publicada por el medio El L\u00edbero, da cuenta que, en promedio, apenas el 30% de los recursos para obras que mejoran la calidad de vida de las personas han sido gastadas por las autoridades regionales electas, lo cual para Mu\u00f1oz Sierra es una situaci\u00f3n m\u00e1s que preocupante, en la que Ays\u00e9n no escapa a esa realidad, lo cual se potencia \u201cpor la deficiente gesti\u00f3n que lidera la Gobernadora Regional, Andrea Mac\u00edas\u201d.<\/p>\n<p style=\"text-align: justify;\">En ese sentido, el representante de la Provincia de Coyhaique, precis\u00f3 que actualmente existe una ejecuci\u00f3n presupuestaria del 18,2%, lo que est\u00e1 muy por debajo de la ejecuci\u00f3n promedio de los Gobiernos Regionales del pa\u00eds, el que llega al 30,7%, situ\u00e1ndose en el cuarto lugar de peor desempe\u00f1o a nivel nacional. \u201cLa tendencia es dif\u00edcil que cambie dado que quedan 3 meses del a\u00f1o. Si lleg\u00e1ramos a una ejecuci\u00f3n del 40%, que ya es dif\u00edcil, ello significar\u00eda que vamos a perder m\u00e1s de 38 mil millones de pesos\u201d, critic\u00f3.<\/p>\n<p style=\"text-align: justify;\">Por lo mismo considera que aquello \u201ces un desastre para la regi\u00f3n\u201d, considerando las innumerables necesidades que existen en la zona. \u201cNo podemos darnos este lujo de perder recursos por incapacidad de ejecutarlos\u201d; expres\u00f3.<\/p>\n<p style=\"text-align: justify;\">Seg\u00fan datos de la Subdere, al segundo trimestre de 2021, la ejecuci\u00f3n de recursos del Gobierno Regional de Ays\u00e9n era de 39,5%, superando levemente los $25.000 millones, lo que contrasta fuertemente a lo observado, en el mismo periodo de 2022, llegando la ejecuci\u00f3n al 18,2%, es decir, $13.579 millones de pesos. \u201cLlevamos 11.725 millones de pesos menos de ejecuci\u00f3n que en 2021, lo que se nota demasiado en la econom\u00eda regional. En definitiva es la comunidad la que se perjudica frente a sus grandes necesidades. Existen muchos equipos o cuadrillas de trabajadores de distintas empresas constructoras esperando obras para ser llamados. Y eso va a ser dif\u00edcil que ocurra en lo que queda del a\u00f1o\u201d, puntualiz\u00f3.<\/p>\n<p style=\"text-align: justify;\">Con todo, el CORE Mu\u00f1oz emplaz\u00f3 a la Gobernadora Regional para que explique \u201cqu\u00e9 estrategias implementar\u00e1 para minimizar esta p\u00e9rdida de recursos para la regi\u00f3n. Por ejemplo, adelantar la ejecuci\u00f3n de ciertos programas\u201d, reiterando su preocupaci\u00f3n por el actual escenario de ejecuci\u00f3n de recursos en Ays\u00e9n.<\/p>\n<\/div><\/section><\/div><div  style='height:50px' class='hr hr-invisible   avia-builder-el-6  el_after_av_one_full  el_before_av_social_share '><span class='hr-inner ' ><span class='hr-inner-style'><\/span><\/span><\/div><\/p>\n<div  class='av-social-sharing-box  avia-builder-el-7  el_after_av_hr  el_before_av_hr  '><div class='av-share-box'><h5 class='av-share-link-description av-no-toc '>Compartir esta noticia<\/h5><ul class='av-share-box-list noLightbox'><li class='av-share-link av-social-link-facebook' ><a target=\"_blank\" aria-label=\"Compartir en Facebook\" href='https:\/\/www.facebook.com\/sharer.php?u=https:\/\/radiorevelacionfm.cl\/?p=22226&#038;t=Omar%20Mu%C3%B1oz%20critica%20gesti%C3%B3n%20de%20Gobernadora%3A%20%E2%80%9CLa%20regi%C3%B3n%20de%20Ays%C3%A9n%20perder%C3%A1%20m%C3%A1s%20de%2038%20mil%20millones%20de%20pesos%E2%80%9D' aria-hidden='false' data-av_icon='\ue8f3' data-av_iconfont='entypo-fontello' title='' data-avia-related-tooltip='Compartir en Facebook' rel=\"noopener\"><span class='avia_hidden_link_text'>Compartir en Facebook<\/span><\/a><\/li><li class='av-share-link av-social-link-twitter' ><a target=\"_blank\" aria-label=\"Compartir en Twitter\" href='https:\/\/twitter.com\/share?text=Omar%20Mu%C3%B1oz%20critica%20gesti%C3%B3n%20de%20Gobernadora%3A%20%E2%80%9CLa%20regi%C3%B3n%20de%20Ays%C3%A9n%20perder%C3%A1%20m%C3%A1s%20de%2038%20mil%20millones%20de%20pesos%E2%80%9D&#038;url=https:\/\/radiorevelacionfm.cl\/?p=22226' aria-hidden='false' data-av_icon='\ue8f1' data-av_iconfont='entypo-fontello' title='' data-avia-related-tooltip='Compartir en Twitter' rel=\"noopener\"><span class='avia_hidden_link_text'>Compartir en Twitter<\/span><\/a><\/li><li class='av-share-link av-social-link-whatsapp' ><a target=\"_blank\" aria-label=\"Compartir en Whatsapp\" href='https:\/\/api.whatsapp.com\/send?text=https:\/\/radiorevelacionfm.cl\/?p=22226' aria-hidden='false' data-av_icon='\uf232' data-av_iconfont='entypo-fontello' title='' data-avia-related-tooltip='Compartir en Whatsapp' rel=\"noopener\"><span class='avia_hidden_link_text'>Compartir en Whatsapp<\/span><\/a><\/li><li class='av-share-link av-social-link-linkedin' ><a target=\"_blank\" aria-label=\"Compartir en LinkedIn\" href='https:\/\/linkedin.com\/shareArticle?mini=true&#038;title=Omar%20Mu%C3%B1oz%20critica%20gesti%C3%B3n%20de%20Gobernadora%3A%20%E2%80%9CLa%20regi%C3%B3n%20de%20Ays%C3%A9n%20perder%C3%A1%20m%C3%A1s%20de%2038%20mil%20millones%20de%20pesos%E2%80%9D&#038;url=https:\/\/radiorevelacionfm.cl\/?p=22226' aria-hidden='false' data-av_icon='\ue8fc' data-av_iconfont='entypo-fontello' title='' data-avia-related-tooltip='Compartir en LinkedIn' rel=\"noopener\"><span class='avia_hidden_link_text'>Compartir en LinkedIn<\/span><\/a><\/li><li class='av-share-link av-social-link-mail' ><a  aria-label=\"Compartir por correo\" href='mailto:?subject=Omar%20Mu%C3%B1oz%20critica%20gesti%C3%B3n%20de%20Gobernadora%3A%20%E2%80%9CLa%20regi%C3%B3n%20de%20Ays%C3%A9n%20perder%C3%A1%20m%C3%A1s%20de%2038%20mil%20millones%20de%20pesos%E2%80%9D&#038;body=https:\/\/radiorevelacionfm.cl\/?p=22226' aria-hidden='false' data-av_icon='\ue805' data-av_iconfont='entypo-fontello' title='' data-avia-related-tooltip='Compartir por correo'><span class='avia_hidden_link_text'>Compartir por correo<\/span><\/a><\/li><\/ul><\/div><\/div>\n<div  style='height:50px' class='hr hr-invisible   avia-builder-el-8  el_after_av_social_share  el_before_av_comments_list '><span class='hr-inner ' ><span class='hr-inner-style'><\/span><\/span><\/div>\n<div  class='av-buildercomment  av-blog-meta-html-info-disabled av-blog-meta-tag-disabled  '><\/div>\n","protected":false},"excerpt":{"rendered":"","protected":false},"author":1,"featured_media":22227,"comment_status":"open","ping_status":"open","sticky":false,"template":"","format":"standard","meta":{"footnotes":""},"categories":[38],"tags":[],"class_list":["post-22226","post","type-post","status-publish","format-standard","has-post-thumbnail","hentry","category-regional"],"jetpack_featured_media_url":"https:\/\/radiorevelacionfm.cl\/wp-content\/uploads\/2022\/09\/CONSEJERO-OMAR-MUNOZ1-1-1.jpg","_links":{"self":[{"href":"https:\/\/radiorevelacionfm.cl\/index.php?rest_route=\/wp\/v2\/posts\/22226","targetHints":{"allow":["GET"]}}],"collection":[{"href":"https:\/\/radiorevelacionfm.cl\/index.php?rest_route=\/wp\/v2\/posts"}],"about":[{"href":"https:\/\/radiorevelacionfm.cl\/index.php?rest_route=\/wp\/v2\/types\/post"}],"author":[{"embeddable":true,"href":"https:\/\/radiorevelacionfm.cl\/index.php?rest_route=\/wp\/v2\/users\/1"}],"replies":[{"embeddable":true,"href":"https:\/\/radiorevelacionfm.cl\/index.php?rest_route=%2Fwp%2Fv2%2Fcomments&post=22226"}],"version-history":[{"count":2,"href":"https:\/\/radiorevelacionfm.cl\/index.php?rest_route=\/wp\/v2\/posts\/22226\/revisions"}],"predecessor-version":[{"id":22238,"href":"https:\/\/radiorevelacionfm.cl\/index.php?rest_route=\/wp\/v2\/posts\/22226\/revisions\/22238"}],"wp:featuredmedia":[{"embeddable":true,"href":"https:\/\/radiorevelacionfm.cl\/index.php?rest_route=\/wp\/v2\/media\/22227"}],"wp:attachment":[{"href":"https:\/\/radiorevelacionfm.cl\/index.php?rest_route=%2Fwp%2Fv2%2Fmedia&parent=22226"}],"wp:term":[{"taxonomy":"category","embeddable":true,"href":"https:\/\/radiorevelacionfm.cl\/index.php?rest_route=%2Fwp%2Fv2%2Fcategories&post=22226"},{"taxonomy":"post_tag","embeddable":true,"href":"https:\/\/radiorevelacionfm.cl\/index.php?rest_route=%2Fwp%2Fv2%2Ftags&post=22226"}],"curies":[{"name":"wp","href":"https:\/\/api.w.org\/{rel}","templated":true}]}}