{"id":22223,"date":"2022-09-27T11:50:01","date_gmt":"2022-09-27T14:50:01","guid":{"rendered":"https:\/\/radiorevelacionfm.cl\/?p=22223"},"modified":"2022-09-27T11:50:01","modified_gmt":"2022-09-27T14:50:01","slug":"lilian-inostroza-y-nuevo-problema-en-conectividad-lacustre-esta-situacion-hace-meses-se-viene-advirtiendo","status":"publish","type":"post","link":"https:\/\/radiorevelacionfm.cl\/?p=22223","title":{"rendered":"Lilian Inostroza y nuevo problema en conectividad lacustre: \u201cEsta situaci\u00f3n hace meses se viene advirtiendo\u201d"},"content":{"rendered":"<div class=\"flex_column av_one_full  flex_column_div av-zero-column-padding first  avia-builder-el-0  el_before_av_one_full  avia-builder-el-first  \" style='border-radius:0px; '><div  class='avia-image-container  av-styling-    avia-builder-el-1  avia-builder-el-no-sibling  avia-align-center '  itemprop=\"image\" itemscope=\"itemscope\" itemtype=\"https:\/\/schema.org\/ImageObject\"  ><div class='avia-image-container-inner'><div class='avia-image-overlay-wrap'><img decoding=\"async\" class='wp-image-22224 avia-img-lazy-loading-not-22224 avia_image' src=\"https:\/\/radiorevelacionfm.cl\/wp-content\/uploads\/2022\/09\/LILIAN-INOSTROZA-1-1.jpeg\" alt='' title='LILIAN INOSTROZA (1) (1)' height=\"600\" width=\"901\"  itemprop=\"thumbnailUrl\" srcset=\"https:\/\/radiorevelacionfm.cl\/wp-content\/uploads\/2022\/09\/LILIAN-INOSTROZA-1-1.jpeg 901w, https:\/\/radiorevelacionfm.cl\/wp-content\/uploads\/2022\/09\/LILIAN-INOSTROZA-1-1-300x200.jpeg 300w, https:\/\/radiorevelacionfm.cl\/wp-content\/uploads\/2022\/09\/LILIAN-INOSTROZA-1-1-768x511.jpeg 768w, https:\/\/radiorevelacionfm.cl\/wp-content\/uploads\/2022\/09\/LILIAN-INOSTROZA-1-1-705x469.jpeg 705w, https:\/\/radiorevelacionfm.cl\/wp-content\/uploads\/2022\/09\/LILIAN-INOSTROZA-1-1-600x400.jpeg 600w\" sizes=\"(max-width: 901px) 100vw, 901px\" \/><\/div><\/div><\/div><\/div><div class=\"flex_column av_one_full  flex_column_div av-zero-column-padding first  avia-builder-el-2  el_after_av_one_full  el_before_av_one_full  column-top-margin\" style='border-radius:0px; '><section class=\"av_textblock_section \"  itemscope=\"itemscope\" itemtype=\"https:\/\/schema.org\/BlogPosting\" itemprop=\"blogPost\" ><div class='avia_textblock  '   itemprop=\"text\" ><p style=\"text-align: center;\"><strong><span style=\"font-size: 18pt;\">Lilian Inostroza y nuevo problema en conectividad lacustre: \u201cEsta situaci\u00f3n hace meses se viene advirtiendo\u201d<\/span><\/strong><\/p>\n<div id=\"gtx-trans\" style=\"position: absolute; left: -50px; top: 4.31534px;\">\n<div class=\"gtx-trans-icon\"><\/div>\n<\/div>\n<\/div><\/section><\/div><div class=\"flex_column av_one_full  flex_column_div av-zero-column-padding first  avia-builder-el-4  el_after_av_one_full  el_before_av_hr  column-top-margin\" style='border-radius:0px; '><section class=\"av_textblock_section \"  itemscope=\"itemscope\" itemtype=\"https:\/\/schema.org\/BlogPosting\" itemprop=\"blogPost\" ><div class='avia_textblock  '   itemprop=\"text\" ><p style=\"text-align: justify;\">Consejera Regional por la provincia General Carrera insisti\u00f3 en que se necesita un trabajo conjunto para \u201cproyectar una mejor calidad de conectividad\u201d en la zona.<\/p>\n<p style=\"text-align: justify;\">\u201cEsta situaci\u00f3n hace meses que se ven\u00eda advirtiendo a los sectores que tienen que ver con el tema de conectividad\u201d. De esta manera, la consejera por la Provincia General Carrera, Lilian Inostroza, se refiri\u00f3 al nuevo desperfecto t\u00e9cnico que afect\u00f3 este fin de semana a la embarcaci\u00f3n La Chelenco, la que a minutos de zarpar, perdi\u00f3 su compuerta principal.<\/p>\n<p style=\"text-align: justify;\">\u201cConsideramos que es un hecho grave\u201d, se\u00f1al\u00f3 Inostroza, quien insisti\u00f3 que esto se pod\u00eda prevenir \u201ca trav\u00e9s de mayores fiscalizaciones que debiesen tener los sectores, tanto del Ministerio de Obras P\u00fablicas (MOP), como del propio Ministerio de Transportes\u201d.<\/p>\n<p style=\"text-align: justify;\">En esa l\u00ednea, dijo que si bien no existen hechos que lamentar, espera que con urgencia ambas carteras (MOP y MTT) \u201ccomiencen a trabajar transversalmente, a nivel central, para que los recursos lleguen a la regi\u00f3n y podamos tener una conectividad lacustre digna y con mayor seguridad para toda la gente que utiliza este medio de transporte\u201d.<\/p>\n<p style=\"text-align: justify;\"><strong>Trabajo conjunto<\/strong><\/p>\n<p style=\"text-align: justify;\">Con todo, para la representante de la Provincia General Carrera, es fundamental desarrollar un trabajo conjunto, m\u00e1s all\u00e1 de las diferentes miradas pol\u00edticas \u201cque tengamos todas las autoridades regionales\u201d, enfatizando que es muy importante \u201cunir todas las voluntades, para proyectar una mejor calidad de conectividad para nuestra regi\u00f3n de Ays\u00e9n\u201d.<\/p>\n<p style=\"text-align: justify;\">Finalmente, tambi\u00e9n realiz\u00f3 un llamado al propio Gobierno. \u201cEs importante que se manifieste la voluntad del Presidente de la Rep\u00fablica, porque no importando la cantidad de votos y la cantidad de habitantes de la regi\u00f3n, hoy tenemos un problema grave de conectividad y m\u00e1s a\u00fan en la zona lacustre, donde podemos lamentar p\u00e9rdidas de vidas sino se llega a soluciones concretas a este problema\u201d, concluy\u00f3.<\/p>\n<\/div><\/section><\/div><div  style='height:50px' class='hr hr-invisible   avia-builder-el-6  el_after_av_one_full  el_before_av_social_share '><span class='hr-inner ' ><span class='hr-inner-style'><\/span><\/span><\/div><\/p>\n<div  class='av-social-sharing-box  avia-builder-el-7  el_after_av_hr  el_before_av_hr  '><div class='av-share-box'><h5 class='av-share-link-description av-no-toc '>Compartir esta noticia<\/h5><ul class='av-share-box-list noLightbox'><li class='av-share-link av-social-link-facebook' ><a target=\"_blank\" aria-label=\"Compartir en Facebook\" href='https:\/\/www.facebook.com\/sharer.php?u=https:\/\/radiorevelacionfm.cl\/?p=22223&#038;t=Lilian%20Inostroza%20y%20nuevo%20problema%20en%20conectividad%20lacustre%3A%20%E2%80%9CEsta%20situaci%C3%B3n%20hace%20meses%20se%20viene%20advirtiendo%E2%80%9D' aria-hidden='false' data-av_icon='\ue8f3' data-av_iconfont='entypo-fontello' title='' data-avia-related-tooltip='Compartir en Facebook' rel=\"noopener\"><span class='avia_hidden_link_text'>Compartir en Facebook<\/span><\/a><\/li><li class='av-share-link av-social-link-twitter' ><a target=\"_blank\" aria-label=\"Compartir en Twitter\" href='https:\/\/twitter.com\/share?text=Lilian%20Inostroza%20y%20nuevo%20problema%20en%20conectividad%20lacustre%3A%20%E2%80%9CEsta%20situaci%C3%B3n%20hace%20meses%20se%20viene%20advirtiendo%E2%80%9D&#038;url=https:\/\/radiorevelacionfm.cl\/?p=22223' aria-hidden='false' data-av_icon='\ue8f1' data-av_iconfont='entypo-fontello' title='' data-avia-related-tooltip='Compartir en Twitter' rel=\"noopener\"><span class='avia_hidden_link_text'>Compartir en Twitter<\/span><\/a><\/li><li class='av-share-link av-social-link-whatsapp' ><a target=\"_blank\" aria-label=\"Compartir en Whatsapp\" href='https:\/\/api.whatsapp.com\/send?text=https:\/\/radiorevelacionfm.cl\/?p=22223' aria-hidden='false' data-av_icon='\uf232' data-av_iconfont='entypo-fontello' title='' data-avia-related-tooltip='Compartir en Whatsapp' rel=\"noopener\"><span class='avia_hidden_link_text'>Compartir en Whatsapp<\/span><\/a><\/li><li class='av-share-link av-social-link-linkedin' ><a target=\"_blank\" aria-label=\"Compartir en LinkedIn\" href='https:\/\/linkedin.com\/shareArticle?mini=true&#038;title=Lilian%20Inostroza%20y%20nuevo%20problema%20en%20conectividad%20lacustre%3A%20%E2%80%9CEsta%20situaci%C3%B3n%20hace%20meses%20se%20viene%20advirtiendo%E2%80%9D&#038;url=https:\/\/radiorevelacionfm.cl\/?p=22223' aria-hidden='false' data-av_icon='\ue8fc' data-av_iconfont='entypo-fontello' title='' data-avia-related-tooltip='Compartir en LinkedIn' rel=\"noopener\"><span class='avia_hidden_link_text'>Compartir en LinkedIn<\/span><\/a><\/li><li class='av-share-link av-social-link-mail' ><a  aria-label=\"Compartir por correo\" href='mailto:?subject=Lilian%20Inostroza%20y%20nuevo%20problema%20en%20conectividad%20lacustre%3A%20%E2%80%9CEsta%20situaci%C3%B3n%20hace%20meses%20se%20viene%20advirtiendo%E2%80%9D&#038;body=https:\/\/radiorevelacionfm.cl\/?p=22223' aria-hidden='false' data-av_icon='\ue805' data-av_iconfont='entypo-fontello' title='' data-avia-related-tooltip='Compartir por correo'><span class='avia_hidden_link_text'>Compartir por correo<\/span><\/a><\/li><\/ul><\/div><\/div>\n<div  style='height:50px' class='hr hr-invisible   avia-builder-el-8  el_after_av_social_share  el_before_av_comments_list '><span class='hr-inner ' ><span class='hr-inner-style'><\/span><\/span><\/div>\n<div  class='av-buildercomment  av-blog-meta-html-info-disabled av-blog-meta-tag-disabled  '><\/div>\n","protected":false},"excerpt":{"rendered":"","protected":false},"author":1,"featured_media":22224,"comment_status":"open","ping_status":"open","sticky":false,"template":"","format":"standard","meta":{"footnotes":""},"categories":[38],"tags":[],"class_list":["post-22223","post","type-post","status-publish","format-standard","has-post-thumbnail","hentry","category-regional"],"jetpack_featured_media_url":"https:\/\/radiorevelacionfm.cl\/wp-content\/uploads\/2022\/09\/LILIAN-INOSTROZA-1-1.jpeg","_links":{"self":[{"href":"https:\/\/radiorevelacionfm.cl\/index.php?rest_route=\/wp\/v2\/posts\/22223","targetHints":{"allow":["GET"]}}],"collection":[{"href":"https:\/\/radiorevelacionfm.cl\/index.php?rest_route=\/wp\/v2\/posts"}],"about":[{"href":"https:\/\/radiorevelacionfm.cl\/index.php?rest_route=\/wp\/v2\/types\/post"}],"author":[{"embeddable":true,"href":"https:\/\/radiorevelacionfm.cl\/index.php?rest_route=\/wp\/v2\/users\/1"}],"replies":[{"embeddable":true,"href":"https:\/\/radiorevelacionfm.cl\/index.php?rest_route=%2Fwp%2Fv2%2Fcomments&post=22223"}],"version-history":[{"count":2,"href":"https:\/\/radiorevelacionfm.cl\/index.php?rest_route=\/wp\/v2\/posts\/22223\/revisions"}],"predecessor-version":[{"id":22253,"href":"https:\/\/radiorevelacionfm.cl\/index.php?rest_route=\/wp\/v2\/posts\/22223\/revisions\/22253"}],"wp:featuredmedia":[{"embeddable":true,"href":"https:\/\/radiorevelacionfm.cl\/index.php?rest_route=\/wp\/v2\/media\/22224"}],"wp:attachment":[{"href":"https:\/\/radiorevelacionfm.cl\/index.php?rest_route=%2Fwp%2Fv2%2Fmedia&parent=22223"}],"wp:term":[{"taxonomy":"category","embeddable":true,"href":"https:\/\/radiorevelacionfm.cl\/index.php?rest_route=%2Fwp%2Fv2%2Fcategories&post=22223"},{"taxonomy":"post_tag","embeddable":true,"href":"https:\/\/radiorevelacionfm.cl\/index.php?rest_route=%2Fwp%2Fv2%2Ftags&post=22223"}],"curies":[{"name":"wp","href":"https:\/\/api.w.org\/{rel}","templated":true}]}}