{"id":22219,"date":"2022-09-26T16:31:26","date_gmt":"2022-09-26T19:31:26","guid":{"rendered":"https:\/\/radiorevelacionfm.cl\/?p=22219"},"modified":"2022-09-26T16:31:26","modified_gmt":"2022-09-26T19:31:26","slug":"culturas-aysen-celebra-con-exito-el-encuentro-con-identidad-territorial-zona-sur","status":"publish","type":"post","link":"https:\/\/radiorevelacionfm.cl\/?p=22219","title":{"rendered":"Culturas Ays\u00e9n celebra con \u00e9xito el Encuentro con Identidad Territorial Zona Sur"},"content":{"rendered":"<div class=\"flex_column av_one_full  flex_column_div av-zero-column-padding first  avia-builder-el-0  el_before_av_one_full  avia-builder-el-first  \" style='border-radius:0px; '><div  class='avia-image-container  av-styling-    avia-builder-el-1  avia-builder-el-no-sibling  avia-align-center '  itemprop=\"image\" itemscope=\"itemscope\" itemtype=\"https:\/\/schema.org\/ImageObject\"  ><div class='avia-image-container-inner'><div class='avia-image-overlay-wrap'><img decoding=\"async\" class='wp-image-22220 avia-img-lazy-loading-not-22220 avia_image' src=\"https:\/\/radiorevelacionfm.cl\/wp-content\/uploads\/2022\/09\/encuentro-zona-sur-02-1-1.jpg\" alt='' title='encuentro zona sur 02 (1) (1)' height=\"600\" width=\"899\"  itemprop=\"thumbnailUrl\" srcset=\"https:\/\/radiorevelacionfm.cl\/wp-content\/uploads\/2022\/09\/encuentro-zona-sur-02-1-1.jpg 899w, https:\/\/radiorevelacionfm.cl\/wp-content\/uploads\/2022\/09\/encuentro-zona-sur-02-1-1-300x200.jpg 300w, https:\/\/radiorevelacionfm.cl\/wp-content\/uploads\/2022\/09\/encuentro-zona-sur-02-1-1-768x513.jpg 768w, https:\/\/radiorevelacionfm.cl\/wp-content\/uploads\/2022\/09\/encuentro-zona-sur-02-1-1-705x471.jpg 705w, https:\/\/radiorevelacionfm.cl\/wp-content\/uploads\/2022\/09\/encuentro-zona-sur-02-1-1-600x400.jpg 600w\" sizes=\"(max-width: 899px) 100vw, 899px\" \/><\/div><\/div><\/div><\/div><div class=\"flex_column av_one_full  flex_column_div av-zero-column-padding first  avia-builder-el-2  el_after_av_one_full  el_before_av_one_full  column-top-margin\" style='border-radius:0px; '><section class=\"av_textblock_section \"  itemscope=\"itemscope\" itemtype=\"https:\/\/schema.org\/BlogPosting\" itemprop=\"blogPost\" ><div class='avia_textblock  '   itemprop=\"text\" ><p style=\"text-align: center;\"><span style=\"font-size: 18pt;\"><b class=\"v1ContentPasted0\">Culturas Ays\u00e9n celebra con \u00e9xito el Encuentro con Identidad Territorial Zona Sur<\/b><\/span><\/p>\n<div id=\"gtx-trans\" style=\"position: absolute; left: -50px; top: 4.31534px;\">\n<div class=\"gtx-trans-icon\"><\/div>\n<\/div>\n<\/div><\/section><\/div><div class=\"flex_column av_one_full  flex_column_div av-zero-column-padding first  avia-builder-el-4  el_after_av_one_full  el_before_av_hr  column-top-margin\" style='border-radius:0px; '><section class=\"av_textblock_section \"  itemscope=\"itemscope\" itemtype=\"https:\/\/schema.org\/BlogPosting\" itemprop=\"blogPost\" ><div class='avia_textblock  '   itemprop=\"text\" ><p class=\"v1p6 v1ContentPasted0\" style=\"text-align: justify;\">Durante tres d\u00edas, m\u00e1s de 15 agentes culturales de la zona sur de la Regi\u00f3n de Ays\u00e9n se reunieron en el Encuentro Territorial con Identidad, organizado por los programas de Fortalecimiento de la Identidad Cultural Regional y Red Cultura de la Seremi de Culturas Ays\u00e9n.<\/p>\n<p class=\"v1p6 v1ContentPasted0\" style=\"text-align: justify;\">Hasta la ciudad de Cochrane llegaron creadoras y creadores de las comunas de R\u00edo Ib\u00e1\u00f1ez, Tortel, Chile Chico y O&#8217;Higgins para intercambiar experiencias, conocimientos y saberes en torno a la gesti\u00f3n cultural y la creaci\u00f3n art\u00edstica.<\/p>\n<p class=\"v1p6 v1ContentPasted0\" style=\"text-align: justify;\">El programa del encuentro contempl\u00f3 un Taller de asociatividad y redes para mejorar la gesti\u00f3n interna de las organizaciones culturales comunitarias en todo el territorio sur de la regi\u00f3n, adem\u00e1s de mesas de conversaci\u00f3n en torno al trabajo territorial que realizan los diversos agentes.<\/p>\n<p class=\"v1p6 v1ContentPasted0\" style=\"text-align: justify;\">Para el seremi de Culturas Ays\u00e9n, Felipe Quiroz, \u00abfue un encuentro provechoso, puesto que pudimos reunir equipos de trabajo de las cinco comunas del sur de la regi\u00f3n. Hemos podido dialogar respecto no solo del trabajo realizado, sino de la proyecci\u00f3n que estas mesas de Organizaci\u00f3n Culturales Comunitarias tienen en cada una de las comunas. Ha sido un Encuentro Territorial muy positivo y as\u00ed lo han manifestado quienes han participado de las distintas instancias de esta iniciativa\u00bb.<\/p>\n<p class=\"v1p6 v1ContentPasted0\" style=\"text-align: justify;\">Cristina Avilez, representante de Arte Chelenko de Puerto Guadal, dijo que \u00abeste encuentro ha sido muy bueno y ojal\u00e1 se sigan haciendo en otras localidades porque uno de esto se alimenta mucho productivamente, porque conoce a otras personas con otras expectativas que uno puede llevar hacia su comunidad y desarrollar\u00bb.<\/p>\n<p class=\"v1p6 v1ContentPasted0\" style=\"text-align: justify;\">Jorge Contreras, el Cantor del Viento, lleg\u00f3 desde Puerto Ib\u00e1\u00f1ez para ser parte del encuentro: \u00abConsidero que es muy importante esta clase de encuentros. Hay gente que todav\u00eda no entendemos lo importante que es reunirnos como gestores y agentes culturales. Es importante porque reforzamos redes. Se debe continuar trabajando de esta manera para fortalecer las pol\u00edticas p\u00fablicas que vayan en el bien del desarrollo de la comunidad y el arte\u00bb.<\/p>\n<p class=\"v1p6 v1ContentPasted0\" style=\"text-align: justify;\">La bailarina de Chile Chico, Jessica Epifanio, particip\u00f3 del encuentro y mostr\u00f3 su danza del vientre en la Muestra de Expresiones Art\u00edsticas que cerr\u00f3 las jornadas en el Mercado Municipal de Cochrane: \u00abMe pareci\u00f3 maravilloso porque adem\u00e1s de esta muestra de cierre, hemos tenido jornadas de conversaci\u00f3n, en las cuales se van creando proyectos muy poderosos y que tienen mucho potencial en nuestra regi\u00f3n\u00bb.<\/p>\n<p class=\"v1p6 v1ContentPasted0\" style=\"text-align: justify;\">Fabi\u00e1n Espa\u00f1a, fot\u00f3grafo cochranino, dijo que \u00abagradezco que me hayan invitado a este encuentro comunitario y saco en limpio de estos \u00faltimos tres d\u00edas de trabajo que hay una necesidad inmensa de que las asociaciones internamente se organicen bien, administrativamente, en la gesti\u00f3n, en la asociatividad. Y tambi\u00e9n hay una necesidad de poder trabajar directamente con la comunidad y fortalecer las parrillas program\u00e1ticas y el acceso a la infraestructura de cada comuna\u00bb.<\/p>\n<p class=\"v1p6 v1ContentPasted0\" style=\"text-align: justify;\">El encuentro termin\u00f3 en el Mercado Municipal con la Muestra de Expresiones Art\u00edsticas que incluy\u00f3 artesan\u00edas, fotograf\u00edas, adem\u00e1s de m\u00fasica y danza.<\/p>\n<\/div><\/section><\/div><div  style='height:50px' class='hr hr-invisible   avia-builder-el-6  el_after_av_one_full  el_before_av_social_share '><span class='hr-inner ' ><span class='hr-inner-style'><\/span><\/span><\/div><\/p>\n<div  class='av-social-sharing-box  avia-builder-el-7  el_after_av_hr  el_before_av_hr  '><div class='av-share-box'><h5 class='av-share-link-description av-no-toc '>Compartir esta noticia<\/h5><ul class='av-share-box-list noLightbox'><li class='av-share-link av-social-link-facebook' ><a target=\"_blank\" aria-label=\"Compartir en Facebook\" href='https:\/\/www.facebook.com\/sharer.php?u=https:\/\/radiorevelacionfm.cl\/?p=22219&#038;t=Culturas%20Ays%C3%A9n%20celebra%20con%20%C3%A9xito%20el%20Encuentro%20con%20Identidad%20Territorial%20Zona%20Sur' aria-hidden='false' data-av_icon='\ue8f3' data-av_iconfont='entypo-fontello' title='' data-avia-related-tooltip='Compartir en Facebook' rel=\"noopener\"><span class='avia_hidden_link_text'>Compartir en Facebook<\/span><\/a><\/li><li class='av-share-link av-social-link-twitter' ><a target=\"_blank\" aria-label=\"Compartir en Twitter\" href='https:\/\/twitter.com\/share?text=Culturas%20Ays%C3%A9n%20celebra%20con%20%C3%A9xito%20el%20Encuentro%20con%20Identidad%20Territorial%20Zona%20Sur&#038;url=https:\/\/radiorevelacionfm.cl\/?p=22219' aria-hidden='false' data-av_icon='\ue8f1' data-av_iconfont='entypo-fontello' title='' data-avia-related-tooltip='Compartir en Twitter' rel=\"noopener\"><span class='avia_hidden_link_text'>Compartir en Twitter<\/span><\/a><\/li><li class='av-share-link av-social-link-whatsapp' ><a target=\"_blank\" aria-label=\"Compartir en Whatsapp\" href='https:\/\/api.whatsapp.com\/send?text=https:\/\/radiorevelacionfm.cl\/?p=22219' aria-hidden='false' data-av_icon='\uf232' data-av_iconfont='entypo-fontello' title='' data-avia-related-tooltip='Compartir en Whatsapp' rel=\"noopener\"><span class='avia_hidden_link_text'>Compartir en Whatsapp<\/span><\/a><\/li><li class='av-share-link av-social-link-linkedin' ><a target=\"_blank\" aria-label=\"Compartir en LinkedIn\" href='https:\/\/linkedin.com\/shareArticle?mini=true&#038;title=Culturas%20Ays%C3%A9n%20celebra%20con%20%C3%A9xito%20el%20Encuentro%20con%20Identidad%20Territorial%20Zona%20Sur&#038;url=https:\/\/radiorevelacionfm.cl\/?p=22219' aria-hidden='false' data-av_icon='\ue8fc' data-av_iconfont='entypo-fontello' title='' data-avia-related-tooltip='Compartir en LinkedIn' rel=\"noopener\"><span class='avia_hidden_link_text'>Compartir en LinkedIn<\/span><\/a><\/li><li class='av-share-link av-social-link-mail' ><a  aria-label=\"Compartir por correo\" href='mailto:?subject=Culturas%20Ays%C3%A9n%20celebra%20con%20%C3%A9xito%20el%20Encuentro%20con%20Identidad%20Territorial%20Zona%20Sur&#038;body=https:\/\/radiorevelacionfm.cl\/?p=22219' aria-hidden='false' data-av_icon='\ue805' data-av_iconfont='entypo-fontello' title='' data-avia-related-tooltip='Compartir por correo'><span class='avia_hidden_link_text'>Compartir por correo<\/span><\/a><\/li><\/ul><\/div><\/div>\n<div  style='height:50px' class='hr hr-invisible   avia-builder-el-8  el_after_av_social_share  el_before_av_comments_list '><span class='hr-inner ' ><span class='hr-inner-style'><\/span><\/span><\/div>\n<div  class='av-buildercomment  av-blog-meta-html-info-disabled av-blog-meta-tag-disabled  '><\/div>\n","protected":false},"excerpt":{"rendered":"","protected":false},"author":1,"featured_media":22220,"comment_status":"open","ping_status":"open","sticky":false,"template":"","format":"standard","meta":{"footnotes":""},"categories":[52],"tags":[],"class_list":["post-22219","post","type-post","status-publish","format-standard","has-post-thumbnail","hentry","category-cultura"],"jetpack_featured_media_url":"https:\/\/radiorevelacionfm.cl\/wp-content\/uploads\/2022\/09\/encuentro-zona-sur-02-1-1.jpg","_links":{"self":[{"href":"https:\/\/radiorevelacionfm.cl\/index.php?rest_route=\/wp\/v2\/posts\/22219","targetHints":{"allow":["GET"]}}],"collection":[{"href":"https:\/\/radiorevelacionfm.cl\/index.php?rest_route=\/wp\/v2\/posts"}],"about":[{"href":"https:\/\/radiorevelacionfm.cl\/index.php?rest_route=\/wp\/v2\/types\/post"}],"author":[{"embeddable":true,"href":"https:\/\/radiorevelacionfm.cl\/index.php?rest_route=\/wp\/v2\/users\/1"}],"replies":[{"embeddable":true,"href":"https:\/\/radiorevelacionfm.cl\/index.php?rest_route=%2Fwp%2Fv2%2Fcomments&post=22219"}],"version-history":[{"count":2,"href":"https:\/\/radiorevelacionfm.cl\/index.php?rest_route=\/wp\/v2\/posts\/22219\/revisions"}],"predecessor-version":[{"id":22222,"href":"https:\/\/radiorevelacionfm.cl\/index.php?rest_route=\/wp\/v2\/posts\/22219\/revisions\/22222"}],"wp:featuredmedia":[{"embeddable":true,"href":"https:\/\/radiorevelacionfm.cl\/index.php?rest_route=\/wp\/v2\/media\/22220"}],"wp:attachment":[{"href":"https:\/\/radiorevelacionfm.cl\/index.php?rest_route=%2Fwp%2Fv2%2Fmedia&parent=22219"}],"wp:term":[{"taxonomy":"category","embeddable":true,"href":"https:\/\/radiorevelacionfm.cl\/index.php?rest_route=%2Fwp%2Fv2%2Fcategories&post=22219"},{"taxonomy":"post_tag","embeddable":true,"href":"https:\/\/radiorevelacionfm.cl\/index.php?rest_route=%2Fwp%2Fv2%2Ftags&post=22219"}],"curies":[{"name":"wp","href":"https:\/\/api.w.org\/{rel}","templated":true}]}}