{"id":22215,"date":"2022-09-26T15:21:42","date_gmt":"2022-09-26T18:21:42","guid":{"rendered":"https:\/\/radiorevelacionfm.cl\/?p=22215"},"modified":"2022-09-26T15:21:42","modified_gmt":"2022-09-26T18:21:42","slug":"coyhaique-ministro-sergio-mora-vallejos-se-acoge-a-retiro-tras-49-anos-en-el-poder-judicial","status":"publish","type":"post","link":"https:\/\/radiorevelacionfm.cl\/?p=22215","title":{"rendered":"Coyhaique: Ministro Sergio Mora Vallejos se acoge a retiro tras 49 a\u00f1os en el Poder Judicial"},"content":{"rendered":"<div class=\"flex_column av_one_full  flex_column_div av-zero-column-padding first  avia-builder-el-0  el_before_av_one_full  avia-builder-el-first  \" style='border-radius:0px; '><div  class='avia-image-container  av-styling-    avia-builder-el-1  avia-builder-el-no-sibling  avia-align-center '  itemprop=\"image\" itemscope=\"itemscope\" itemtype=\"https:\/\/schema.org\/ImageObject\"  ><div class='avia-image-container-inner'><div class='avia-image-overlay-wrap'><img decoding=\"async\" class='wp-image-22216 avia-img-lazy-loading-not-22216 avia_image' src=\"https:\/\/radiorevelacionfm.cl\/wp-content\/uploads\/2022\/09\/DIA9867-1-1.jpg\" alt='' title='_DIA9867 (1) (1)' height=\"600\" width=\"900\"  itemprop=\"thumbnailUrl\" srcset=\"https:\/\/radiorevelacionfm.cl\/wp-content\/uploads\/2022\/09\/DIA9867-1-1.jpg 900w, https:\/\/radiorevelacionfm.cl\/wp-content\/uploads\/2022\/09\/DIA9867-1-1-300x200.jpg 300w, https:\/\/radiorevelacionfm.cl\/wp-content\/uploads\/2022\/09\/DIA9867-1-1-768x512.jpg 768w, https:\/\/radiorevelacionfm.cl\/wp-content\/uploads\/2022\/09\/DIA9867-1-1-705x470.jpg 705w, https:\/\/radiorevelacionfm.cl\/wp-content\/uploads\/2022\/09\/DIA9867-1-1-600x400.jpg 600w\" sizes=\"(max-width: 900px) 100vw, 900px\" \/><\/div><\/div><\/div><\/div><div class=\"flex_column av_one_full  flex_column_div av-zero-column-padding first  avia-builder-el-2  el_after_av_one_full  el_before_av_one_full  column-top-margin\" style='border-radius:0px; '><section class=\"av_textblock_section \"  itemscope=\"itemscope\" itemtype=\"https:\/\/schema.org\/BlogPosting\" itemprop=\"blogPost\" ><div class='avia_textblock  '   itemprop=\"text\" ><p style=\"text-align: center;\"><span style=\"font-size: 18pt;\"><b><span lang=\"ES-TRAD\">Coyhaique: Ministro Sergio Mora Vallejos se acoge a retiro tras 49 a\u00f1os en el Poder Judicial<\/span><\/b><\/span><\/p>\n<div id=\"gtx-trans\" style=\"position: absolute; left: -50px; top: 4.31534px;\">\n<div class=\"gtx-trans-icon\"><\/div>\n<\/div>\n<\/div><\/section><\/div><div class=\"flex_column av_one_full  flex_column_div av-zero-column-padding first  avia-builder-el-4  el_after_av_one_full  el_before_av_hr  column-top-margin\" style='border-radius:0px; '><section class=\"av_textblock_section \"  itemscope=\"itemscope\" itemtype=\"https:\/\/schema.org\/BlogPosting\" itemprop=\"blogPost\" ><div class='avia_textblock  '   itemprop=\"text\" ><p class=\"v1MsoNormal\" style=\"text-align: justify;\"><span lang=\"ES-TRAD\">El pasado viernes 23 de septiembre se realiz\u00f3 la ceremonia de despedida del exministro de la Corte de Apelaciones de Coyhaique Sergio Mora Vallejos, quien se acoge a retiro por mandato legal, tras 49 a\u00f1os al servicio de la administraci\u00f3n de justicia. En la instancia se descubri\u00f3 una placa conmemorativa que perpetuar\u00e1 a la sala \u00fanica de alegatos de este tribunal de alzada con el nombre de quien fuera uno de sus ministros fundadores.<\/span><\/p>\n<p class=\"v1MsoNormal\" style=\"text-align: justify;\"><span lang=\"ES-TRAD\">La actividad fue encabezada por la ministra de la Corte Suprema \u00c1ngela Vivanco Mart\u00ednez, visitadora de la jurisdicci\u00f3n Coyhaique, quien sostuvo que \u00abha sido un\u00a0 honor poder estar presente en este homenaje de despedida del ministro Sergio Mora, creo que es un gran baluarte de esta Corte y del Poder judicial, y precisamente creo que todos los que hemos hablado en esta ceremonia hemos coincidido en ello, como deja una impronta maravillosa de servicio, de compromiso, de su vocaci\u00f3n por la justicia y tambi\u00e9n por el servicio social\u00bb.<\/span><\/p>\n<p class=\"v1MsoNormal\" style=\"text-align: justify;\"><span lang=\"ES-TRAD\">En tanto, el presidente (s) de la Corte de Apelaciones de Coyhaique, ministro Pedro Castro Espinoza, indic\u00f3 tras la ceremonia que: \u00absu trayectoria, su forma de ser y su forma de trabajar y compartir en la labor diaria, es algo que indudablemente vamos a echar mucho de menos y, sin embargo, tambi\u00e9n estamos felices en cuanto a que despu\u00e9s de casi 50 a\u00f1os de labor, jubila y tiene derecho a un merecido descanso y a compartir con su familia\u00bb.<\/span><\/p>\n<p class=\"v1MsoNormal\" style=\"text-align: justify;\"><span lang=\"ES-TRAD\">En su despedida el ministro Mora Vallejos fue acompa\u00f1ado, por los ministros Jos\u00e9 Ignacio Mora Trujillo y Natalia Rencoret Oliva, el fiscal judicial Gerardo Rojas Donat, el presidente de la Corte de Apelaciones de Valdivia, Luis Aedo, el seremi de Justicia y Derechos Humanos, Samuel Navarro, el fiscal regional Carlos Palma y el defensor regional Jorge Moraga, adem\u00e1s de representantes de otras instituciones relacionadas, jueces y funcionario<\/span><span lang=\"ES-TRAD\">s de diversos tribunales de la jurisdicci\u00f3n, su familia y amigos.<\/span><\/p>\n<p class=\"v1MsoNormal\" style=\"text-align: justify;\"><b><span lang=\"ES-TRAD\">Sala de alegatos ministro Sergio Fernando Mora Vallejos<\/span><\/b><\/p>\n<p class=\"v1MsoNormal\" style=\"text-align: justify;\"><span lang=\"ES-TRAD\">Para homenajear su contribuci\u00f3n al proceso de instalaci\u00f3n de la Corte de Apelaciones de Coyhaique, como as\u00ed tambi\u00e9n por sus 34 a\u00f1os de trabajo en la regi\u00f3n de Ays\u00e9n, se descubri\u00f3 una placa conmemorativa que denomina a la sala \u00fanica de alegatos de este tribunal de alzada como \u00abSala de Alegatos ministro Sergio Fernando Mora Vallejos\u00bb.<\/span><\/p>\n<p class=\"v1MsoNormal\" style=\"text-align: justify;\"><span lang=\"ES-TRAD\">Tras la ceremonia y visiblemente emocionado, el exministro Mora Vallejos sostuvo que \u00abestoy conmovido, esa es la palabra m\u00e1s exacta para poder expresar todo lo que sent\u00ed con esta hermosa y generosa ceremonia, tanto de parte de mis colegas, de los funcionarios, mi familia y amigos que me acompa\u00f1aron\u00bb.<\/span><\/p>\n<p class=\"v1MsoNormal\" style=\"text-align: justify;\"><span lang=\"ES-TRAD\">Agreg\u00f3 que: \u00abIntente siempre hacer y entregar lo mejor, por supuesto siempre hay errores, equivocaciones, pero eso es normal del ser humano, no puede ser perfecto, pero si siempre quise que la administraci\u00f3n de justicia fuera de la mejor forma posible y que sobre todo le diera mucha dignidad a la gente. Doy gracias a la vida por todo lo que me dio en estos a\u00f1os, tengo excelentes funcionarios y colegas, y una gran y hermosa familia\u00bb.<\/span><\/p>\n<p class=\"v1MsoNormal\" style=\"text-align: justify;\"><b><span lang=\"ES-TRAD\">Carrera judicial<\/span><\/b><\/p>\n<p class=\"v1MsoNormal\" style=\"text-align: justify;\"><span lang=\"ES-TRAD\">El ministro Sergio Mora Vallejos, ingres\u00f3 al Poder Judicial el 4 de mayo de 1973 como secretario titular del Juzgado de Letras y Garant\u00eda de Traiguen; posteriormente, en agosto de 1974 asumi\u00f3 en el mismo cargo, pero en el 1\u00ba Juzgado de Letras de Coronel, en agosto de 1976 jur\u00f3 como juez titular del 1\u00ba Juzgado de Letras de Puerto Varas, lo que inici\u00f3 su historia en la zona sur del pa\u00eds.\u00a0<\/span><\/p>\n<p class=\"v1MsoNormal\" style=\"text-align: justify;\"><span lang=\"ES-TRAD\">Dos a\u00f1os m\u00e1s tarde, en 1978, fue juez titular del Juzgado de Menores de Puerto Montt; en 1979 fue nombrado juez del 1\u00ba Juzgado del Crimen de Puerto Montt, cargo que dur\u00f3 hasta 1987.<\/span><\/p>\n<p class=\"v1MsoNormal\" style=\"text-align: justify;\"><span lang=\"ES-TRAD\">Desde el 25 de junio de 1987, el ministro Sergio Mora, fue parte del proceso de instalaci\u00f3n de la Corte de Apelaciones de Coyhaique, siendo ministro fundador. En su carrera judicial fue presidente del tribunal de alzada de Ays\u00e9n, en 8 ocasiones.<\/span><\/p>\n<p class=\"v1MsoNormal\" style=\"text-align: justify;\"><span lang=\"ES-TRAD\">Dentro de su trabajo jurisdiccional y de vinculaci\u00f3n con las comunidades, el ministro Sergio Mora fue parte de la implementaci\u00f3n de itinerancias en las zonas extremas de la regi\u00f3n de Ays\u00e9n.<\/span><\/p>\n<p class=\"v1MsoNormal\" style=\"text-align: justify;\"><span lang=\"ES-TRAD\">En este mismo sentido, fue uno de los ministros que apoyo la apertura del Poder Judicial en Ays\u00e9n a diversas demostraciones art\u00edsticas y culturales. Convirtiendo al tribunal de alzada en un lugar de encuentro con la comunidad regional.\u00a0 Asimismo, encabez\u00f3 diversos procesos de modernizaci\u00f3n del Poder Judicial en la jurisdicci\u00f3n, como la implementaci\u00f3n de Ley de Tramitaci\u00f3n Electr\u00f3nica.\u00a0<\/span><\/p>\n<p class=\"v1MsoNormal\" style=\"text-align: justify;\"><span lang=\"ES-TRAD\">\u00a0<\/span><\/p>\n<\/div><\/section><\/div><div  style='height:50px' class='hr hr-invisible   avia-builder-el-6  el_after_av_one_full  el_before_av_social_share '><span class='hr-inner ' ><span class='hr-inner-style'><\/span><\/span><\/div><\/p>\n<div  class='av-social-sharing-box  avia-builder-el-7  el_after_av_hr  el_before_av_hr  '><div class='av-share-box'><h5 class='av-share-link-description av-no-toc '>Compartir esta noticia<\/h5><ul class='av-share-box-list noLightbox'><li class='av-share-link av-social-link-facebook' ><a target=\"_blank\" aria-label=\"Compartir en Facebook\" href='https:\/\/www.facebook.com\/sharer.php?u=https:\/\/radiorevelacionfm.cl\/?p=22215&#038;t=Coyhaique%3A%20Ministro%20Sergio%20Mora%20Vallejos%20se%20acoge%20a%20retiro%20tras%2049%20a%C3%B1os%20en%20el%20Poder%20Judicial' aria-hidden='false' data-av_icon='\ue8f3' data-av_iconfont='entypo-fontello' title='' data-avia-related-tooltip='Compartir en Facebook' rel=\"noopener\"><span class='avia_hidden_link_text'>Compartir en Facebook<\/span><\/a><\/li><li class='av-share-link av-social-link-twitter' ><a target=\"_blank\" aria-label=\"Compartir en Twitter\" href='https:\/\/twitter.com\/share?text=Coyhaique%3A%20Ministro%20Sergio%20Mora%20Vallejos%20se%20acoge%20a%20retiro%20tras%2049%20a%C3%B1os%20en%20el%20Poder%20Judicial&#038;url=https:\/\/radiorevelacionfm.cl\/?p=22215' aria-hidden='false' data-av_icon='\ue8f1' data-av_iconfont='entypo-fontello' title='' data-avia-related-tooltip='Compartir en Twitter' rel=\"noopener\"><span class='avia_hidden_link_text'>Compartir en Twitter<\/span><\/a><\/li><li class='av-share-link av-social-link-whatsapp' ><a target=\"_blank\" aria-label=\"Compartir en Whatsapp\" href='https:\/\/api.whatsapp.com\/send?text=https:\/\/radiorevelacionfm.cl\/?p=22215' aria-hidden='false' data-av_icon='\uf232' data-av_iconfont='entypo-fontello' title='' data-avia-related-tooltip='Compartir en Whatsapp' rel=\"noopener\"><span class='avia_hidden_link_text'>Compartir en Whatsapp<\/span><\/a><\/li><li class='av-share-link av-social-link-linkedin' ><a target=\"_blank\" aria-label=\"Compartir en LinkedIn\" href='https:\/\/linkedin.com\/shareArticle?mini=true&#038;title=Coyhaique%3A%20Ministro%20Sergio%20Mora%20Vallejos%20se%20acoge%20a%20retiro%20tras%2049%20a%C3%B1os%20en%20el%20Poder%20Judicial&#038;url=https:\/\/radiorevelacionfm.cl\/?p=22215' aria-hidden='false' data-av_icon='\ue8fc' data-av_iconfont='entypo-fontello' title='' data-avia-related-tooltip='Compartir en LinkedIn' rel=\"noopener\"><span class='avia_hidden_link_text'>Compartir en LinkedIn<\/span><\/a><\/li><li class='av-share-link av-social-link-mail' ><a  aria-label=\"Compartir por correo\" href='mailto:?subject=Coyhaique%3A%20Ministro%20Sergio%20Mora%20Vallejos%20se%20acoge%20a%20retiro%20tras%2049%20a%C3%B1os%20en%20el%20Poder%20Judicial&#038;body=https:\/\/radiorevelacionfm.cl\/?p=22215' aria-hidden='false' data-av_icon='\ue805' data-av_iconfont='entypo-fontello' title='' data-avia-related-tooltip='Compartir por correo'><span class='avia_hidden_link_text'>Compartir por correo<\/span><\/a><\/li><\/ul><\/div><\/div>\n<div  style='height:50px' class='hr hr-invisible   avia-builder-el-8  el_after_av_social_share  el_before_av_comments_list '><span class='hr-inner ' ><span class='hr-inner-style'><\/span><\/span><\/div>\n<div  class='av-buildercomment  av-blog-meta-html-info-disabled av-blog-meta-tag-disabled  '><\/div>\n","protected":false},"excerpt":{"rendered":"","protected":false},"author":1,"featured_media":22216,"comment_status":"open","ping_status":"open","sticky":false,"template":"","format":"standard","meta":{"footnotes":""},"categories":[55],"tags":[],"class_list":["post-22215","post","type-post","status-publish","format-standard","has-post-thumbnail","hentry","category-justicia"],"jetpack_featured_media_url":"https:\/\/radiorevelacionfm.cl\/wp-content\/uploads\/2022\/09\/DIA9867-1-1.jpg","_links":{"self":[{"href":"https:\/\/radiorevelacionfm.cl\/index.php?rest_route=\/wp\/v2\/posts\/22215","targetHints":{"allow":["GET"]}}],"collection":[{"href":"https:\/\/radiorevelacionfm.cl\/index.php?rest_route=\/wp\/v2\/posts"}],"about":[{"href":"https:\/\/radiorevelacionfm.cl\/index.php?rest_route=\/wp\/v2\/types\/post"}],"author":[{"embeddable":true,"href":"https:\/\/radiorevelacionfm.cl\/index.php?rest_route=\/wp\/v2\/users\/1"}],"replies":[{"embeddable":true,"href":"https:\/\/radiorevelacionfm.cl\/index.php?rest_route=%2Fwp%2Fv2%2Fcomments&post=22215"}],"version-history":[{"count":2,"href":"https:\/\/radiorevelacionfm.cl\/index.php?rest_route=\/wp\/v2\/posts\/22215\/revisions"}],"predecessor-version":[{"id":22218,"href":"https:\/\/radiorevelacionfm.cl\/index.php?rest_route=\/wp\/v2\/posts\/22215\/revisions\/22218"}],"wp:featuredmedia":[{"embeddable":true,"href":"https:\/\/radiorevelacionfm.cl\/index.php?rest_route=\/wp\/v2\/media\/22216"}],"wp:attachment":[{"href":"https:\/\/radiorevelacionfm.cl\/index.php?rest_route=%2Fwp%2Fv2%2Fmedia&parent=22215"}],"wp:term":[{"taxonomy":"category","embeddable":true,"href":"https:\/\/radiorevelacionfm.cl\/index.php?rest_route=%2Fwp%2Fv2%2Fcategories&post=22215"},{"taxonomy":"post_tag","embeddable":true,"href":"https:\/\/radiorevelacionfm.cl\/index.php?rest_route=%2Fwp%2Fv2%2Ftags&post=22215"}],"curies":[{"name":"wp","href":"https:\/\/api.w.org\/{rel}","templated":true}]}}