{"id":22210,"date":"2022-09-27T10:02:58","date_gmt":"2022-09-27T13:02:58","guid":{"rendered":"https:\/\/radiorevelacionfm.cl\/?p=22210"},"modified":"2022-09-27T10:02:58","modified_gmt":"2022-09-27T13:02:58","slug":"iniciativa-social-busca-hacer-visibles-a-heroes-chilenos-invisibles","status":"publish","type":"post","link":"https:\/\/radiorevelacionfm.cl\/?p=22210","title":{"rendered":"Iniciativa social busca hacer visibles a h\u00e9roes chilenos invisibles"},"content":{"rendered":"<div class=\"flex_column av_one_full  flex_column_div av-zero-column-padding first  avia-builder-el-0  el_before_av_one_full  avia-builder-el-first  \" style='border-radius:0px; '><div  class='avia-image-container  av-styling-    avia-builder-el-1  avia-builder-el-no-sibling  avia-align-center '  itemprop=\"image\" itemscope=\"itemscope\" itemtype=\"https:\/\/schema.org\/ImageObject\"  ><div class='avia-image-container-inner'><div class='avia-image-overlay-wrap'><img decoding=\"async\" class='wp-image-22211 avia-img-lazy-loading-not-22211 avia_image' src=\"https:\/\/radiorevelacionfm.cl\/wp-content\/uploads\/2022\/09\/Aurora-Ubeira-02-1-1.jpg\" alt='' title='Aurora Ubeira 02 (1) (1)' height=\"600\" width=\"788\"  itemprop=\"thumbnailUrl\" srcset=\"https:\/\/radiorevelacionfm.cl\/wp-content\/uploads\/2022\/09\/Aurora-Ubeira-02-1-1.jpg 788w, https:\/\/radiorevelacionfm.cl\/wp-content\/uploads\/2022\/09\/Aurora-Ubeira-02-1-1-300x228.jpg 300w, https:\/\/radiorevelacionfm.cl\/wp-content\/uploads\/2022\/09\/Aurora-Ubeira-02-1-1-768x585.jpg 768w, https:\/\/radiorevelacionfm.cl\/wp-content\/uploads\/2022\/09\/Aurora-Ubeira-02-1-1-705x537.jpg 705w, https:\/\/radiorevelacionfm.cl\/wp-content\/uploads\/2022\/09\/Aurora-Ubeira-02-1-1-600x457.jpg 600w\" sizes=\"(max-width: 788px) 100vw, 788px\" \/><\/div><\/div><\/div><\/div><div class=\"flex_column av_one_full  flex_column_div av-zero-column-padding first  avia-builder-el-2  el_after_av_one_full  el_before_av_one_full  column-top-margin\" style='border-radius:0px; '><section class=\"av_textblock_section \"  itemscope=\"itemscope\" itemtype=\"https:\/\/schema.org\/BlogPosting\" itemprop=\"blogPost\" ><div class='avia_textblock  '   itemprop=\"text\" ><p style=\"text-align: center;\"><span style=\"font-size: 18pt;\"><strong>Iniciativa social busca hacer visibles a h\u00e9roes chilenos invisibles <\/strong><\/span><\/p>\n<div id=\"gtx-trans\" style=\"position: absolute; left: -50px; top: 4.31534px;\">\n<div class=\"gtx-trans-icon\"><\/div>\n<\/div>\n<\/div><\/section><\/div><div class=\"flex_column av_one_full  flex_column_div av-zero-column-padding first  avia-builder-el-4  el_after_av_one_full  el_before_av_hr  column-top-margin\" style='border-radius:0px; '><section class=\"av_textblock_section \"  itemscope=\"itemscope\" itemtype=\"https:\/\/schema.org\/BlogPosting\" itemprop=\"blogPost\" ><div class='avia_textblock  '   itemprop=\"text\" ><p style=\"text-align: justify;\">En su d\u00e9cimo tercera versi\u00f3n \u201cNuevos H\u00e9roes\u201d volver\u00e1 a buscar y reconocer a esas personas que realizan un aporte extraordinario a sus comunidades a trav\u00e9s de acciones desinteresadas.<\/p>\n<p style=\"text-align: justify;\">\u201cBuscamos nuevos h\u00e9roes que dan todo sin esperar nada a cambio. Hagamos visibles a h\u00e9roes invisibles\u201d, es la consigna con la que por d\u00e9cimo tercer a\u00f1o consecutivo, Caja Los H\u00e9roes, saldr\u00e1 en la b\u00fasqueda de los Nuevos H\u00e9roes de Chile. Una iniciativa que desde este lunes 26 de septiembre se desplegar\u00e1 a lo largo de nuestro pa\u00eds para hallar a aquellas personas que realizan labores extraordinarias y que hasta ahora, caminan entre nosotros en el anonimato.<\/p>\n<p style=\"text-align: justify;\">\u201cLa experiencia de Nuevos H\u00e9roes nos dice que independiente del contexto que atraviese nuestro pa\u00eds, siempre habr\u00e1 alguien que, por ah\u00ed, en alg\u00fan rec\u00f3ndito lugar de Chile est\u00e1 realizando una labor desinteresada y extraordinaria, sin ser reconocida. En Caja Los H\u00e9roes confiamos en que, una vez m\u00e1s, podremos darles el reconocimiento que merecen por su aporte a la comunidad\u201d, se\u00f1ala Ver\u00f3nica Villarroel, gerenta de Personas y Comunicaciones de Caja Los H\u00e9roes.<\/p>\n<p style=\"text-align: justify;\">Agrega que cada a\u00f1o la b\u00fasqueda se vuelve m\u00e1s desafiante ya que las acciones que realizan los potenciales h\u00e9roes est\u00e1n tan naturalizadas e interiorizadas que cuesta identificarlos a primera vista. Villarroel precisa que \u201cnos tomamos con mucha responsabilidad y cari\u00f1o nuestra labor de descubrirlas y nos llena de emoci\u00f3n dar el vamos a esta iniciativa con la que en Caja Los H\u00e9roes buscamos cumplir con un compromiso social con nuestra comunidad\u201d.<\/p>\n<p style=\"text-align: justify;\"><strong>C\u00f3mo nominar a un Nuevo H\u00e9roe<\/strong><\/p>\n<p style=\"text-align: justify;\">Las personas que deseen postular a un Nuevo H\u00e9roe lo pueden hacer a trav\u00e9s del sitio web <a href=\"http:\/\/www.nuevosheroes.cl\">www.nuevosheroes.cl<\/a> hasta el 14 de noviembre de 2022.<\/p>\n<p style=\"text-align: justify;\">\u201cNuestros finalistas representar\u00e1n una zona geogr\u00e1fica del pa\u00eds precisamente para que todos se sientan parte y, tal como ha sido en a\u00f1os anteriores, estaremos recibiendo historias en nuestras 160 sucursales a lo largo de Chile y tambi\u00e9n a trav\u00e9s de nuestro sitio web. Esperamos que todos se animen a postular a su h\u00e9roe\u201d, agrega Ver\u00f3nica.<\/p>\n<p style=\"text-align: justify;\">Las historias que postulen ser\u00e1n revisadas y seleccionadas por un jurado que elegir\u00e1 a tres finalistas que representar\u00e1n tres categor\u00edas diferentes y elegir\u00e1n al Nuevo H\u00e9roe 2022.<\/p>\n<p style=\"text-align: justify;\"><strong>En todo Chile hay un h\u00e9roe<\/strong><\/p>\n<p style=\"text-align: justify;\">Tras la exitosa b\u00fasqueda del a\u00f1o 2021, los participantes nuevamente representar\u00e1n tres categor\u00edas diferentes: zona norte, zona central y zona sur de Chile. Para, de esta manera, seguir potenciando la participaci\u00f3n de personas de todo el territorio nacional.<\/p>\n<p style=\"text-align: justify;\">Esta divisi\u00f3n se realiz\u00f3 en base a la subcategorizaci\u00f3n del Instituto Nacional de Estad\u00edsticas (INE), por lo que cada zona comprende las siguientes regiones:<\/p>\n<ul style=\"text-align: justify;\">\n<li>Zona norte: regiones de Arica y Parinacota, Tarapac\u00e1, Antofagasta, Atacama y Coquimbo.<\/li>\n<li>Zona centro: regiones de Valpara\u00edso, Metropolitana, O\u2019Higgins, Maule, \u00d1uble y Biob\u00edo.<\/li>\n<li>Zona sur: regiones de La Araucan\u00eda, Los R\u00edos, Los Lagos, Ays\u00e9n y Magallanes.<\/li>\n<\/ul>\n<p style=\"text-align: justify;\">En 2021 se recibieron m\u00e1s de 400 historias y el ganador fue escogido por votaci\u00f3n de un jurado compuesto por autoridades, l\u00edderes de los \u00e1mbitos social y comunicacional, adem\u00e1s de ganadores de versiones anteriores. La meta para este a\u00f1o es llegar a m\u00e1s comunidades de nuestro pa\u00eds y superar la exitosa b\u00fasqueda pasada.<\/p>\n<p style=\"text-align: justify;\"><strong>Nuestra hero\u00edna 2021<\/strong><\/p>\n<p style=\"text-align: justify;\">Aurora Ubeira, quien fue bautizada como la \u201ccuidadora de respiros\u201d, fue la flamante ganadora de la versi\u00f3n 2021 e inspira la versi\u00f3n de Nuevos H\u00e9roes. Esta cari\u00f1osa mujer de 77 a\u00f1os es creadora de una agrupaci\u00f3n que busca dar un respiro a personas que cuidan permanentemente a pacientes postrados y sus cuidadores.<\/p>\n<\/div><\/section><\/div><div  style='height:50px' class='hr hr-invisible   avia-builder-el-6  el_after_av_one_full  el_before_av_social_share '><span class='hr-inner ' ><span class='hr-inner-style'><\/span><\/span><\/div><\/p>\n<div  class='av-social-sharing-box  avia-builder-el-7  el_after_av_hr  el_before_av_hr  '><div class='av-share-box'><h5 class='av-share-link-description av-no-toc '>Compartir esta noticia<\/h5><ul class='av-share-box-list noLightbox'><li class='av-share-link av-social-link-facebook' ><a target=\"_blank\" aria-label=\"Compartir en Facebook\" href='https:\/\/www.facebook.com\/sharer.php?u=https:\/\/radiorevelacionfm.cl\/?p=22210&#038;t=Iniciativa%20social%20busca%20hacer%20visibles%20a%20h%C3%A9roes%20chilenos%20invisibles' aria-hidden='false' data-av_icon='\ue8f3' data-av_iconfont='entypo-fontello' title='' data-avia-related-tooltip='Compartir en Facebook' rel=\"noopener\"><span class='avia_hidden_link_text'>Compartir en Facebook<\/span><\/a><\/li><li class='av-share-link av-social-link-twitter' ><a target=\"_blank\" aria-label=\"Compartir en Twitter\" href='https:\/\/twitter.com\/share?text=Iniciativa%20social%20busca%20hacer%20visibles%20a%20h%C3%A9roes%20chilenos%20invisibles&#038;url=https:\/\/radiorevelacionfm.cl\/?p=22210' aria-hidden='false' data-av_icon='\ue8f1' data-av_iconfont='entypo-fontello' title='' data-avia-related-tooltip='Compartir en Twitter' rel=\"noopener\"><span class='avia_hidden_link_text'>Compartir en Twitter<\/span><\/a><\/li><li class='av-share-link av-social-link-whatsapp' ><a target=\"_blank\" aria-label=\"Compartir en Whatsapp\" href='https:\/\/api.whatsapp.com\/send?text=https:\/\/radiorevelacionfm.cl\/?p=22210' aria-hidden='false' data-av_icon='\uf232' data-av_iconfont='entypo-fontello' title='' data-avia-related-tooltip='Compartir en Whatsapp' rel=\"noopener\"><span class='avia_hidden_link_text'>Compartir en Whatsapp<\/span><\/a><\/li><li class='av-share-link av-social-link-linkedin' ><a target=\"_blank\" aria-label=\"Compartir en LinkedIn\" href='https:\/\/linkedin.com\/shareArticle?mini=true&#038;title=Iniciativa%20social%20busca%20hacer%20visibles%20a%20h%C3%A9roes%20chilenos%20invisibles&#038;url=https:\/\/radiorevelacionfm.cl\/?p=22210' aria-hidden='false' data-av_icon='\ue8fc' data-av_iconfont='entypo-fontello' title='' data-avia-related-tooltip='Compartir en LinkedIn' rel=\"noopener\"><span class='avia_hidden_link_text'>Compartir en LinkedIn<\/span><\/a><\/li><li class='av-share-link av-social-link-mail' ><a  aria-label=\"Compartir por correo\" href='mailto:?subject=Iniciativa%20social%20busca%20hacer%20visibles%20a%20h%C3%A9roes%20chilenos%20invisibles&#038;body=https:\/\/radiorevelacionfm.cl\/?p=22210' aria-hidden='false' data-av_icon='\ue805' data-av_iconfont='entypo-fontello' title='' data-avia-related-tooltip='Compartir por correo'><span class='avia_hidden_link_text'>Compartir por correo<\/span><\/a><\/li><\/ul><\/div><\/div>\n<div  style='height:50px' class='hr hr-invisible   avia-builder-el-8  el_after_av_social_share  el_before_av_comments_list '><span class='hr-inner ' ><span class='hr-inner-style'><\/span><\/span><\/div>\n<div  class='av-buildercomment  av-blog-meta-html-info-disabled av-blog-meta-tag-disabled  '><\/div>\n","protected":false},"excerpt":{"rendered":"","protected":false},"author":1,"featured_media":22211,"comment_status":"open","ping_status":"open","sticky":false,"template":"","format":"standard","meta":{"footnotes":""},"categories":[61],"tags":[],"class_list":["post-22210","post","type-post","status-publish","format-standard","has-post-thumbnail","hentry","category-nacional"],"jetpack_featured_media_url":"https:\/\/radiorevelacionfm.cl\/wp-content\/uploads\/2022\/09\/Aurora-Ubeira-02-1-1.jpg","_links":{"self":[{"href":"https:\/\/radiorevelacionfm.cl\/index.php?rest_route=\/wp\/v2\/posts\/22210","targetHints":{"allow":["GET"]}}],"collection":[{"href":"https:\/\/radiorevelacionfm.cl\/index.php?rest_route=\/wp\/v2\/posts"}],"about":[{"href":"https:\/\/radiorevelacionfm.cl\/index.php?rest_route=\/wp\/v2\/types\/post"}],"author":[{"embeddable":true,"href":"https:\/\/radiorevelacionfm.cl\/index.php?rest_route=\/wp\/v2\/users\/1"}],"replies":[{"embeddable":true,"href":"https:\/\/radiorevelacionfm.cl\/index.php?rest_route=%2Fwp%2Fv2%2Fcomments&post=22210"}],"version-history":[{"count":2,"href":"https:\/\/radiorevelacionfm.cl\/index.php?rest_route=\/wp\/v2\/posts\/22210\/revisions"}],"predecessor-version":[{"id":22248,"href":"https:\/\/radiorevelacionfm.cl\/index.php?rest_route=\/wp\/v2\/posts\/22210\/revisions\/22248"}],"wp:featuredmedia":[{"embeddable":true,"href":"https:\/\/radiorevelacionfm.cl\/index.php?rest_route=\/wp\/v2\/media\/22211"}],"wp:attachment":[{"href":"https:\/\/radiorevelacionfm.cl\/index.php?rest_route=%2Fwp%2Fv2%2Fmedia&parent=22210"}],"wp:term":[{"taxonomy":"category","embeddable":true,"href":"https:\/\/radiorevelacionfm.cl\/index.php?rest_route=%2Fwp%2Fv2%2Fcategories&post=22210"},{"taxonomy":"post_tag","embeddable":true,"href":"https:\/\/radiorevelacionfm.cl\/index.php?rest_route=%2Fwp%2Fv2%2Ftags&post=22210"}],"curies":[{"name":"wp","href":"https:\/\/api.w.org\/{rel}","templated":true}]}}