{"id":22206,"date":"2022-09-26T18:20:17","date_gmt":"2022-09-26T21:20:17","guid":{"rendered":"https:\/\/radiorevelacionfm.cl\/?p=22206"},"modified":"2022-09-26T18:20:17","modified_gmt":"2022-09-26T21:20:17","slug":"medio-ambiente-invita-a-municipios-a-postular-al-fondo-para-el-reciclaje-2023","status":"publish","type":"post","link":"https:\/\/radiorevelacionfm.cl\/?p=22206","title":{"rendered":"Medio Ambiente invita a municipios a postular al Fondo para el Reciclaje 2023"},"content":{"rendered":"<div class=\"flex_column av_one_full  flex_column_div av-zero-column-padding first  avia-builder-el-0  el_before_av_one_full  avia-builder-el-first  \" style='border-radius:0px; '><div  class='avia-image-container  av-styling-    avia-builder-el-1  avia-builder-el-no-sibling  avia-align-center '  itemprop=\"image\" itemscope=\"itemscope\" itemtype=\"https:\/\/schema.org\/ImageObject\"  ><div class='avia-image-container-inner'><div class='avia-image-overlay-wrap'><img decoding=\"async\" class='wp-image-22207 avia-img-lazy-loading-not-22207 avia_image' src=\"https:\/\/radiorevelacionfm.cl\/wp-content\/uploads\/2022\/09\/FPR2-1-1.jpg\" alt='' title='FPR2 (1) (1)' height=\"600\" width=\"1054\"  itemprop=\"thumbnailUrl\" srcset=\"https:\/\/radiorevelacionfm.cl\/wp-content\/uploads\/2022\/09\/FPR2-1-1.jpg 1054w, https:\/\/radiorevelacionfm.cl\/wp-content\/uploads\/2022\/09\/FPR2-1-1-300x171.jpg 300w, https:\/\/radiorevelacionfm.cl\/wp-content\/uploads\/2022\/09\/FPR2-1-1-1030x586.jpg 1030w, https:\/\/radiorevelacionfm.cl\/wp-content\/uploads\/2022\/09\/FPR2-1-1-768x437.jpg 768w, https:\/\/radiorevelacionfm.cl\/wp-content\/uploads\/2022\/09\/FPR2-1-1-705x401.jpg 705w, https:\/\/radiorevelacionfm.cl\/wp-content\/uploads\/2022\/09\/FPR2-1-1-600x342.jpg 600w\" sizes=\"(max-width: 1054px) 100vw, 1054px\" \/><\/div><\/div><\/div><\/div><div class=\"flex_column av_one_full  flex_column_div av-zero-column-padding first  avia-builder-el-2  el_after_av_one_full  el_before_av_one_full  column-top-margin\" style='border-radius:0px; '><section class=\"av_textblock_section \"  itemscope=\"itemscope\" itemtype=\"https:\/\/schema.org\/BlogPosting\" itemprop=\"blogPost\" ><div class='avia_textblock  '   itemprop=\"text\" ><p style=\"text-align: center;\"><strong><span style=\"font-size: 18pt;\">Medio Ambiente invita a municipios a postular al Fondo para el Reciclaje 2023 <\/span><\/strong><\/p>\n<div id=\"gtx-trans\" style=\"position: absolute; left: -50px; top: 4.31534px;\">\n<div class=\"gtx-trans-icon\"><\/div>\n<\/div>\n<\/div><\/section><\/div><div class=\"flex_column av_one_full  flex_column_div av-zero-column-padding first  avia-builder-el-4  el_after_av_one_full  el_before_av_hr  column-top-margin\" style='border-radius:0px; '><section class=\"av_textblock_section \"  itemscope=\"itemscope\" itemtype=\"https:\/\/schema.org\/BlogPosting\" itemprop=\"blogPost\" ><div class='avia_textblock  '   itemprop=\"text\" ><p style=\"text-align: justify;\">Ya se encuentran abiertas las postulaciones para la IX versi\u00f3n del Fondo para el Reciclaje (FPR) 2023, instrumento del Ministerio del Medio Ambiente que permite a los municipios o asociaciones de estos financiar proyectos que promuevan pr\u00e1cticas sustentables en sus comunas, as\u00ed como equipamiento para el reciclaje, kits de compostaje e inclusi\u00f3n y formaci\u00f3n de recicladores de base, entre otras.<\/p>\n<p style=\"text-align: justify;\">\u201cEn la regi\u00f3n de Ays\u00e9n contamos con una experiencia previa en FPR, adjudicada por el Municipio de R\u00edo Ib\u00e1\u00f1ez, donde certificamos a los primeros recicladores de base de nuestra regi\u00f3n, abriendo con esto, la puerta a un nuevo modelo de gesti\u00f3n de residuos para las localidades de esa comuna. Esperamos que este municipio vuelva a postular para la continuidad de esa indicativa y que m\u00e1s municipios se atrevan a avanzar en esta materia y aprovechen estos recursos que ponemos a disposici\u00f3n para apoyar a esa transformaci\u00f3n\u201d, indic\u00f3 el SEREMI del Medio Ambiente, Juli\u00e1n C\u00e1rdenas.<\/p>\n<p style=\"text-align: justify;\">Los municipios que accedan al fondo recibir\u00e1n $11 millones para desarrollar los proyectos que, para la versi\u00f3n 2023, ofrecen tres l\u00edneas de financiamiento, denominadas en homenaje a quienes han sido claves en impulsar la transici\u00f3n a una econom\u00eda circular en el pa\u00eds.<\/p>\n<p style=\"text-align: justify;\">El concurso <em>Joost Meijer<\/em> \u2013 llamado as\u00ed en reconocimiento a un ex funcionario del Ministerio del Medio Ambiente, clave en la gesti\u00f3n de residuos- corresponde a proyectos de gesti\u00f3n de residuos inorg\u00e1nicos y deben considerar sensibilizaci\u00f3n ciudadana y la adquisici\u00f3n e instalaci\u00f3n de equipos para la recolecci\u00f3n, tratamiento, pre-tratamiento o acopio de residuos reciclables. El concurso <em>Manuel Valencia<\/em> \u2013 homenaje p\u00f3stumo a un pionero en la valorizaci\u00f3n de org\u00e1nicos en La Pintana- est\u00e1 enfocado en el aprovechamiento de los residuos org\u00e1nicos, pudiendo apoyar la compra y entrega de kits de compostaje y vermicompostaje domiciliario para ser entregados a vecinos seleccionados de la comuna ganadora. El concurso Exequiel Estay \u2013 en referencia al hist\u00f3rico dirigente de los recicladores &#8211; tiene como objetivo la inclusi\u00f3n de los recicladores de base a trav\u00e9s de, por ejemplo, capacitaciones, certificar sus competencias laborales o la entrega de elementos de protecci\u00f3n personal, entre otros.<\/p>\n<p style=\"text-align: justify;\">\u201cInvito a la ciudadan\u00eda, vecinos y vecinas\u00a0 a que motiven e impulsen a sus municipios a postular a estos fondos que pueden ayudar a hacer realidad iniciativas sustentables tan requeridas por nuestras comunidades\u201d reiter\u00f3 el SEREMI del Medio Ambiente, agregando que las postulaciones estar\u00e1n abiertas hasta el 11 de noviembre del presente a\u00f1o, a trav\u00e9s del sitio web fondos.gob.cl.<\/p>\n<\/div><\/section><\/div><div  style='height:50px' class='hr hr-invisible   avia-builder-el-6  el_after_av_one_full  el_before_av_social_share '><span class='hr-inner ' ><span class='hr-inner-style'><\/span><\/span><\/div><\/p>\n<div  class='av-social-sharing-box  avia-builder-el-7  el_after_av_hr  el_before_av_hr  '><div class='av-share-box'><h5 class='av-share-link-description av-no-toc '>Compartir esta noticia<\/h5><ul class='av-share-box-list noLightbox'><li class='av-share-link av-social-link-facebook' ><a target=\"_blank\" aria-label=\"Compartir en Facebook\" href='https:\/\/www.facebook.com\/sharer.php?u=https:\/\/radiorevelacionfm.cl\/?p=22206&#038;t=Medio%20Ambiente%20invita%20a%20municipios%20a%20postular%20al%20Fondo%20para%20el%20Reciclaje%202023' aria-hidden='false' data-av_icon='\ue8f3' data-av_iconfont='entypo-fontello' title='' data-avia-related-tooltip='Compartir en Facebook' rel=\"noopener\"><span class='avia_hidden_link_text'>Compartir en Facebook<\/span><\/a><\/li><li class='av-share-link av-social-link-twitter' ><a target=\"_blank\" aria-label=\"Compartir en Twitter\" href='https:\/\/twitter.com\/share?text=Medio%20Ambiente%20invita%20a%20municipios%20a%20postular%20al%20Fondo%20para%20el%20Reciclaje%202023&#038;url=https:\/\/radiorevelacionfm.cl\/?p=22206' aria-hidden='false' data-av_icon='\ue8f1' data-av_iconfont='entypo-fontello' title='' data-avia-related-tooltip='Compartir en Twitter' rel=\"noopener\"><span class='avia_hidden_link_text'>Compartir en Twitter<\/span><\/a><\/li><li class='av-share-link av-social-link-whatsapp' ><a target=\"_blank\" aria-label=\"Compartir en Whatsapp\" href='https:\/\/api.whatsapp.com\/send?text=https:\/\/radiorevelacionfm.cl\/?p=22206' aria-hidden='false' data-av_icon='\uf232' data-av_iconfont='entypo-fontello' title='' data-avia-related-tooltip='Compartir en Whatsapp' rel=\"noopener\"><span class='avia_hidden_link_text'>Compartir en Whatsapp<\/span><\/a><\/li><li class='av-share-link av-social-link-linkedin' ><a target=\"_blank\" aria-label=\"Compartir en LinkedIn\" href='https:\/\/linkedin.com\/shareArticle?mini=true&#038;title=Medio%20Ambiente%20invita%20a%20municipios%20a%20postular%20al%20Fondo%20para%20el%20Reciclaje%202023&#038;url=https:\/\/radiorevelacionfm.cl\/?p=22206' aria-hidden='false' data-av_icon='\ue8fc' data-av_iconfont='entypo-fontello' title='' data-avia-related-tooltip='Compartir en LinkedIn' rel=\"noopener\"><span class='avia_hidden_link_text'>Compartir en LinkedIn<\/span><\/a><\/li><li class='av-share-link av-social-link-mail' ><a  aria-label=\"Compartir por correo\" href='mailto:?subject=Medio%20Ambiente%20invita%20a%20municipios%20a%20postular%20al%20Fondo%20para%20el%20Reciclaje%202023&#038;body=https:\/\/radiorevelacionfm.cl\/?p=22206' aria-hidden='false' data-av_icon='\ue805' data-av_iconfont='entypo-fontello' title='' data-avia-related-tooltip='Compartir por correo'><span class='avia_hidden_link_text'>Compartir por correo<\/span><\/a><\/li><\/ul><\/div><\/div>\n<div  style='height:50px' class='hr hr-invisible   avia-builder-el-8  el_after_av_social_share  el_before_av_comments_list '><span class='hr-inner ' ><span class='hr-inner-style'><\/span><\/span><\/div>\n<div  class='av-buildercomment  av-blog-meta-html-info-disabled av-blog-meta-tag-disabled  '><\/div>\n","protected":false},"excerpt":{"rendered":"","protected":false},"author":1,"featured_media":22207,"comment_status":"open","ping_status":"open","sticky":false,"template":"","format":"standard","meta":{"footnotes":""},"categories":[39],"tags":[],"class_list":["post-22206","post","type-post","status-publish","format-standard","has-post-thumbnail","hentry","category-medio-ambiente"],"jetpack_featured_media_url":"https:\/\/radiorevelacionfm.cl\/wp-content\/uploads\/2022\/09\/FPR2-1-1.jpg","_links":{"self":[{"href":"https:\/\/radiorevelacionfm.cl\/index.php?rest_route=\/wp\/v2\/posts\/22206","targetHints":{"allow":["GET"]}}],"collection":[{"href":"https:\/\/radiorevelacionfm.cl\/index.php?rest_route=\/wp\/v2\/posts"}],"about":[{"href":"https:\/\/radiorevelacionfm.cl\/index.php?rest_route=\/wp\/v2\/types\/post"}],"author":[{"embeddable":true,"href":"https:\/\/radiorevelacionfm.cl\/index.php?rest_route=\/wp\/v2\/users\/1"}],"replies":[{"embeddable":true,"href":"https:\/\/radiorevelacionfm.cl\/index.php?rest_route=%2Fwp%2Fv2%2Fcomments&post=22206"}],"version-history":[{"count":2,"href":"https:\/\/radiorevelacionfm.cl\/index.php?rest_route=\/wp\/v2\/posts\/22206\/revisions"}],"predecessor-version":[{"id":22233,"href":"https:\/\/radiorevelacionfm.cl\/index.php?rest_route=\/wp\/v2\/posts\/22206\/revisions\/22233"}],"wp:featuredmedia":[{"embeddable":true,"href":"https:\/\/radiorevelacionfm.cl\/index.php?rest_route=\/wp\/v2\/media\/22207"}],"wp:attachment":[{"href":"https:\/\/radiorevelacionfm.cl\/index.php?rest_route=%2Fwp%2Fv2%2Fmedia&parent=22206"}],"wp:term":[{"taxonomy":"category","embeddable":true,"href":"https:\/\/radiorevelacionfm.cl\/index.php?rest_route=%2Fwp%2Fv2%2Fcategories&post=22206"},{"taxonomy":"post_tag","embeddable":true,"href":"https:\/\/radiorevelacionfm.cl\/index.php?rest_route=%2Fwp%2Fv2%2Ftags&post=22206"}],"curies":[{"name":"wp","href":"https:\/\/api.w.org\/{rel}","templated":true}]}}