{"id":22203,"date":"2022-09-26T14:41:21","date_gmt":"2022-09-26T17:41:21","guid":{"rendered":"https:\/\/radiorevelacionfm.cl\/?p=22203"},"modified":"2022-09-26T15:13:21","modified_gmt":"2022-09-26T18:13:21","slug":"sernameg-certifica-a-las-participantes-de-la-escuela-mujer-emprende-durante-un-encuentro-regional","status":"publish","type":"post","link":"https:\/\/radiorevelacionfm.cl\/?p=22203","title":{"rendered":"SernamEG certifica a participantes de la Escuela Mujer Emprende durante un encuentro regional"},"content":{"rendered":"<div class=\"flex_column av_one_full  flex_column_div av-zero-column-padding first  avia-builder-el-0  el_before_av_one_full  avia-builder-el-first  \" style='border-radius:0px; '><div  class='avia-image-container  av-styling-    avia-builder-el-1  avia-builder-el-no-sibling  avia-align-center '  itemprop=\"image\" itemscope=\"itemscope\" itemtype=\"https:\/\/schema.org\/ImageObject\"  ><div class='avia-image-container-inner'><div class='avia-image-overlay-wrap'><img decoding=\"async\" class='wp-image-22204 avia-img-lazy-loading-not-22204 avia_image' src=\"https:\/\/radiorevelacionfm.cl\/wp-content\/uploads\/2022\/09\/escuela-mujer-emprende-22-1_optimized-1.jpg\" alt='' title='escuela-mujer-emprende-(22)-(1)_optimized (1)' height=\"600\" width=\"1137\"  itemprop=\"thumbnailUrl\" srcset=\"https:\/\/radiorevelacionfm.cl\/wp-content\/uploads\/2022\/09\/escuela-mujer-emprende-22-1_optimized-1.jpg 1137w, https:\/\/radiorevelacionfm.cl\/wp-content\/uploads\/2022\/09\/escuela-mujer-emprende-22-1_optimized-1-300x158.jpg 300w, https:\/\/radiorevelacionfm.cl\/wp-content\/uploads\/2022\/09\/escuela-mujer-emprende-22-1_optimized-1-1030x544.jpg 1030w, https:\/\/radiorevelacionfm.cl\/wp-content\/uploads\/2022\/09\/escuela-mujer-emprende-22-1_optimized-1-768x405.jpg 768w, https:\/\/radiorevelacionfm.cl\/wp-content\/uploads\/2022\/09\/escuela-mujer-emprende-22-1_optimized-1-710x375.jpg 710w, https:\/\/radiorevelacionfm.cl\/wp-content\/uploads\/2022\/09\/escuela-mujer-emprende-22-1_optimized-1-705x372.jpg 705w, https:\/\/radiorevelacionfm.cl\/wp-content\/uploads\/2022\/09\/escuela-mujer-emprende-22-1_optimized-1-600x317.jpg 600w\" sizes=\"(max-width: 1137px) 100vw, 1137px\" \/><\/div><\/div><\/div><\/div>\n<div class=\"flex_column av_one_full  flex_column_div av-zero-column-padding first  avia-builder-el-2  el_after_av_one_full  el_before_av_one_full  column-top-margin\" style='border-radius:0px; '><section class=\"av_textblock_section \"  itemscope=\"itemscope\" itemtype=\"https:\/\/schema.org\/BlogPosting\" itemprop=\"blogPost\" ><div class='avia_textblock  '   itemprop=\"text\" ><p style=\"text-align: center;\"><strong><span style=\"font-size: 18pt;\">SernamEG certifica a participantes de la Escuela Mujer Emprende durante un encuentro regional<\/span><\/strong><\/p>\n<div id=\"gtx-trans\" style=\"position: absolute; left: -50px; top: 4.31534px;\">\n<div class=\"gtx-trans-icon\"><\/div>\n<\/div>\n<\/div><\/section><\/div><div class=\"flex_column av_one_full  flex_column_div av-zero-column-padding first  avia-builder-el-4  el_after_av_one_full  el_before_av_hr  column-top-margin\" style='border-radius:0px; '><section class=\"av_textblock_section \"  itemscope=\"itemscope\" itemtype=\"https:\/\/schema.org\/BlogPosting\" itemprop=\"blogPost\" ><div class='avia_textblock  '   itemprop=\"text\" ><p class=\"v1MsoNormal\" style=\"text-align: justify;\"><span lang=\"ES\">Un espacio de intercambio de conocimientos y experiencias de emprendedoras con mayor desarrollo de su negocio, con un foco puesto en el liderazgo, empoderamiento, asociatividad y redes, fue el prop\u00f3sito del encuentro regional de la Escuela Mujer Emprende. Este 2022, el modelo program\u00e1tico del Servicio Nacional de la Mujer y la Equidad de G\u00e9nero, SernamEG, fue ejecutado en convenio con la Corporaci\u00f3n Sim\u00f3n de Cirene. En la actividad de cierre de la iniciativa, correspondiente al presente a\u00f1o, se certificaron a sus 49 participantes; tras cinco meses de formaci\u00f3n.<\/span><\/p>\n<p class=\"v1MsoNormal\" style=\"text-align: justify;\">En el tr\u00e1nsito hacia una modalidad presencial completa, la Escuela Mujer Emprende contempl\u00f3 talleres presenciales y virtuales, donde cada sesi\u00f3n consider\u00f3 material visual de trabajo y contenido descargable. Adem\u00e1s, comprendi\u00f3 una serie de m\u00f3dulos, uno de ellos fue el relativo a \u00abG\u00e9nero\u00bb, el que apunt\u00f3 a generar competencias para reconocer la identidad de las emprendedoras y el v\u00ednculo de \u00e9stas con el desarrollo, as\u00ed como la sostenibilidad de sus emprendimientos. En tanto, \u00abConstruyendo mi Negocio\u00bb incorpor\u00f3 la perspectiva territorial, cultural, identidad y fortalecimiento de las redes presentes en el lugar, donde las mujeres despliegan su emprendimiento. En una siguiente etapa, se revisaron los elementos de la herramienta de gesti\u00f3n estrat\u00e9gica denominada Canvas de Negocio, que incluy\u00f3 segmentos de su clientela, canales de distribuci\u00f3n, comunicaci\u00f3n y ventas, estructura de costos, entre otros.<\/p>\n<p class=\"v1MsoNormal\" style=\"text-align: justify;\"><span lang=\"ES\">La Directora Regional (S) de SernamEG, Carla Arriagada Malague\u00f1o, sostuvo que \u00abesta actividad marca el cierre de la Escuela Mujer Emprende, la que trabaja para que las participantes puedan incorporar nuevos conocimientos y herramientas; asimismo, reciben capacitaciones para el mejoramiento de sus emprendimientos. Tambi\u00e9n, busca que las mujeres generen espacios de asociatividad y de redes con otras emprendedoras\u00bb. Respecto a las personas que puedan estar interesadas en ser parte de la Escuela el pr\u00f3ximo a\u00f1o, agreg\u00f3 que \u00abpueden acercarse siempre a las oficinas de la direcci\u00f3n regional ubicadas en Avenida Baquedano 257, Coyhaique. Si bien la Escuela dura cinco meses, el programa Mujer Emprende est\u00e1 abierto todo el a\u00f1o, donde las mujeres pueden acceder a ferias e informaci\u00f3n sobre los fondos que tiene el Servicio y de otras instituciones a las que pueden postular\u00bb.<\/span><\/p>\n<p class=\"v1MsoNormal\" style=\"text-align: justify;\"><span lang=\"ES\">Por su parte, la Directora Ejecutiva de la Corporaci\u00f3n Sim\u00f3n de Cirene, Alejandra Canessa Botteselle, dijo: \u00abel proceso de la Escuela fue muy desafiante, las participantes tuvieron la oportunidad de ir capacit\u00e1ndose a trav\u00e9s de cursos en l\u00ednea y talleres presenciales; y adem\u00e1s conocer a otras emprendedoras, lo que para nosotras es muy importante. Esperamos que este proceso haya sido muy gratificante y fruct\u00edfero, a la vez que el trabajo que fueron realizando d\u00eda a d\u00eda con las tutoras haya sido de apoyo para cada uno de sus emprendimientos. Felicitamos a las emprendedoras y las instamos a continuar colaborando entre s\u00ed para que apliquen lo adquirido en la Escuela, ya que como decimos en Sim\u00f3n de Cirene lo que aprendemos, debemos implementarlo al d\u00eda siguiente. De tal manera que lo transformemos en h\u00e1bito y as\u00ed ir mejorando siempre\u00bb.\u00a0\u00a0\u00a0\u00a0 \u00a0<\/span><\/p>\n<p class=\"v1MsoNormal\" style=\"text-align: justify;\"><b><span lang=\"ES\">EXPERIENCIAS POSITIVAS<\/span><\/b><\/p>\n<p class=\"v1MsoNormal\" style=\"text-align: justify;\"><span lang=\"ES\">Con la idea de mejorar su negocio \u00abHebra Austral\u00bb, ingres\u00f3 a la Escuela Mujer Emprende, Alejandra Ram\u00edrez, quien resalt\u00f3 que \u00abcontaba con muy pocas herramientas, no manejaba conceptos de negocios y aprend\u00ed mucho. La forma en que nos entregaron la informaci\u00f3n fue aterrizada a nuestro vocabulario, porque en su gran mayor\u00eda somos due\u00f1as de casa. Creo que cualquiera de nosotras podr\u00eda postular sin problemas a fondos, ya que nos ense\u00f1aron el Canvas, c\u00f3mo grabar un video de Elevator Speach, que es uno de los requisitos que hoy en d\u00eda est\u00e1n solicitando para postular a financiamiento\u00bb.\u00a0 \u00a0\u00a0\u00a0<\/span><\/p>\n<p class=\"v1MsoNormal\" style=\"text-align: justify;\"><span lang=\"ES\">Por su parte, Mayra Astudillo destac\u00f3 a trav\u00e9s de su testimonio la importancia de la perseverancia. \u00abEsta es la segunda vez que participo y siempre digo que es una oportunidad maravillosa, cada vez se aprenden cosas nuevas que nos permiten crecer como mujeres y emprendedoras. Comenc\u00e9 con \u00abMay, el Mundo de los Gatos\u00bb porque era estilista y con la pandemia no pod\u00eda trabajar, justo di con este programa de SernamEG que me permiti\u00f3 llegar a tener una base s\u00f3lida para emprender. El mensaje es que se atrevan las que quieren emprender, que sigan su intuici\u00f3n, que no tengan miedo porque no hay nada que perder, siempre pueden aprender algo\u00bb, recalc\u00f3.<\/span><\/p>\n<p class=\"v1MsoNormal\" style=\"text-align: justify;\">Durante el encuentro regional de la Escuela Mujer Emprende se realiz\u00f3 una mentor\u00eda a cargo de la emprendedora, Constanza Fuentes, con la finalidad de dar a conocer la importancia de la asociatividad para que los emprendimientos puedan mantenerse en el tiempo.\u00a0\u00a0<span lang=\"ES\">La \u00faltima de las iniciativas enmarcadas en la actividad fue la realizaci\u00f3n de una Feria, en la que 15 de sus participantes instalaron stands durante dos d\u00edas en calle Condell N\u00b0297, Coyhaique, con artesan\u00edas, gastronom\u00eda, joyas, hierbas medicinales, plantas, cosm\u00e9tica natural, entre otros.<\/span><\/p>\n<p class=\"v1MsoNormal\" style=\"text-align: justify;\"><span lang=\"ES\">Finalmente, en octubre y noviembre, en el marco de las \u00faltimas acciones del programa Mujer Emprende, se contempla la realizaci\u00f3n de los denominados acompa\u00f1amientos personalizados que consisten en el apoyo a las participantes en la formulaci\u00f3n y organizaci\u00f3n de sus planes de negocios. \u00a0<\/span><\/p>\n<\/div><\/section><\/div><\/p>\n<div  style='height:50px' class='hr hr-invisible   avia-builder-el-6  el_after_av_one_full  el_before_av_social_share '><span class='hr-inner ' ><span class='hr-inner-style'><\/span><\/span><\/div>\n<div  class='av-social-sharing-box  avia-builder-el-7  el_after_av_hr  el_before_av_hr  '><div class='av-share-box'><h5 class='av-share-link-description av-no-toc '>Compartir esta noticia<\/h5><ul class='av-share-box-list noLightbox'><li class='av-share-link av-social-link-facebook' ><a target=\"_blank\" aria-label=\"Compartir en Facebook\" href='https:\/\/www.facebook.com\/sharer.php?u=https:\/\/radiorevelacionfm.cl\/?p=22203&#038;t=SernamEG%20certifica%20a%20participantes%20de%20la%20Escuela%20Mujer%20Emprende%20durante%20un%20encuentro%20regional' aria-hidden='false' data-av_icon='\ue8f3' data-av_iconfont='entypo-fontello' title='' data-avia-related-tooltip='Compartir en Facebook' rel=\"noopener\"><span class='avia_hidden_link_text'>Compartir en Facebook<\/span><\/a><\/li><li class='av-share-link av-social-link-twitter' ><a target=\"_blank\" aria-label=\"Compartir en Twitter\" href='https:\/\/twitter.com\/share?text=SernamEG%20certifica%20a%20participantes%20de%20la%20Escuela%20Mujer%20Emprende%20durante%20un%20encuentro%20regional&#038;url=https:\/\/radiorevelacionfm.cl\/?p=22203' aria-hidden='false' data-av_icon='\ue8f1' data-av_iconfont='entypo-fontello' title='' data-avia-related-tooltip='Compartir en Twitter' rel=\"noopener\"><span class='avia_hidden_link_text'>Compartir en Twitter<\/span><\/a><\/li><li class='av-share-link av-social-link-whatsapp' ><a target=\"_blank\" aria-label=\"Compartir en Whatsapp\" href='https:\/\/api.whatsapp.com\/send?text=https:\/\/radiorevelacionfm.cl\/?p=22203' aria-hidden='false' data-av_icon='\uf232' data-av_iconfont='entypo-fontello' title='' data-avia-related-tooltip='Compartir en Whatsapp' rel=\"noopener\"><span class='avia_hidden_link_text'>Compartir en Whatsapp<\/span><\/a><\/li><li class='av-share-link av-social-link-linkedin' ><a target=\"_blank\" aria-label=\"Compartir en LinkedIn\" href='https:\/\/linkedin.com\/shareArticle?mini=true&#038;title=SernamEG%20certifica%20a%20participantes%20de%20la%20Escuela%20Mujer%20Emprende%20durante%20un%20encuentro%20regional&#038;url=https:\/\/radiorevelacionfm.cl\/?p=22203' aria-hidden='false' data-av_icon='\ue8fc' data-av_iconfont='entypo-fontello' title='' data-avia-related-tooltip='Compartir en LinkedIn' rel=\"noopener\"><span class='avia_hidden_link_text'>Compartir en LinkedIn<\/span><\/a><\/li><li class='av-share-link av-social-link-mail' ><a  aria-label=\"Compartir por correo\" href='mailto:?subject=SernamEG%20certifica%20a%20participantes%20de%20la%20Escuela%20Mujer%20Emprende%20durante%20un%20encuentro%20regional&#038;body=https:\/\/radiorevelacionfm.cl\/?p=22203' aria-hidden='false' data-av_icon='\ue805' data-av_iconfont='entypo-fontello' title='' data-avia-related-tooltip='Compartir por correo'><span class='avia_hidden_link_text'>Compartir por correo<\/span><\/a><\/li><\/ul><\/div><\/div>\n<div  style='height:50px' class='hr hr-invisible   avia-builder-el-8  el_after_av_social_share  el_before_av_comments_list '><span class='hr-inner ' ><span class='hr-inner-style'><\/span><\/span><\/div>\n<div  class='av-buildercomment  av-blog-meta-html-info-disabled av-blog-meta-tag-disabled  '><\/div>\n","protected":false},"excerpt":{"rendered":"","protected":false},"author":1,"featured_media":22204,"comment_status":"open","ping_status":"open","sticky":false,"template":"","format":"standard","meta":{"footnotes":""},"categories":[38],"tags":[],"class_list":["post-22203","post","type-post","status-publish","format-standard","has-post-thumbnail","hentry","category-regional"],"jetpack_featured_media_url":"https:\/\/radiorevelacionfm.cl\/wp-content\/uploads\/2022\/09\/escuela-mujer-emprende-22-1_optimized-1.jpg","_links":{"self":[{"href":"https:\/\/radiorevelacionfm.cl\/index.php?rest_route=\/wp\/v2\/posts\/22203","targetHints":{"allow":["GET"]}}],"collection":[{"href":"https:\/\/radiorevelacionfm.cl\/index.php?rest_route=\/wp\/v2\/posts"}],"about":[{"href":"https:\/\/radiorevelacionfm.cl\/index.php?rest_route=\/wp\/v2\/types\/post"}],"author":[{"embeddable":true,"href":"https:\/\/radiorevelacionfm.cl\/index.php?rest_route=\/wp\/v2\/users\/1"}],"replies":[{"embeddable":true,"href":"https:\/\/radiorevelacionfm.cl\/index.php?rest_route=%2Fwp%2Fv2%2Fcomments&post=22203"}],"version-history":[{"count":3,"href":"https:\/\/radiorevelacionfm.cl\/index.php?rest_route=\/wp\/v2\/posts\/22203\/revisions"}],"predecessor-version":[{"id":22213,"href":"https:\/\/radiorevelacionfm.cl\/index.php?rest_route=\/wp\/v2\/posts\/22203\/revisions\/22213"}],"wp:featuredmedia":[{"embeddable":true,"href":"https:\/\/radiorevelacionfm.cl\/index.php?rest_route=\/wp\/v2\/media\/22204"}],"wp:attachment":[{"href":"https:\/\/radiorevelacionfm.cl\/index.php?rest_route=%2Fwp%2Fv2%2Fmedia&parent=22203"}],"wp:term":[{"taxonomy":"category","embeddable":true,"href":"https:\/\/radiorevelacionfm.cl\/index.php?rest_route=%2Fwp%2Fv2%2Fcategories&post=22203"},{"taxonomy":"post_tag","embeddable":true,"href":"https:\/\/radiorevelacionfm.cl\/index.php?rest_route=%2Fwp%2Fv2%2Ftags&post=22203"}],"curies":[{"name":"wp","href":"https:\/\/api.w.org\/{rel}","templated":true}]}}