{"id":22193,"date":"2022-09-26T10:48:21","date_gmt":"2022-09-26T13:48:21","guid":{"rendered":"https:\/\/radiorevelacionfm.cl\/?p=22193"},"modified":"2022-09-26T10:58:23","modified_gmt":"2022-09-26T13:58:23","slug":"valoran-compromiso-de-gobernadora-con-recursos-para-medialuna-del-club-de-rodeo-de-cisnes","status":"publish","type":"post","link":"https:\/\/radiorevelacionfm.cl\/?p=22193","title":{"rendered":"Valoran compromiso de Gobernadora con recursos para medialuna del Club de Rodeo de Cisnes"},"content":{"rendered":"<div class=\"flex_column av_one_full  flex_column_div av-zero-column-padding first  avia-builder-el-0  el_before_av_one_full  avia-builder-el-first  \" style='border-radius:0px; '><div  class='avia-image-container  av-styling-    avia-builder-el-1  avia-builder-el-no-sibling  avia-align-center '  itemprop=\"image\" itemscope=\"itemscope\" itemtype=\"https:\/\/schema.org\/ImageObject\"  ><div class='avia-image-container-inner'><div class='avia-image-overlay-wrap'><img decoding=\"async\" class='wp-image-22197 avia-img-lazy-loading-not-22197 avia_image' src=\"https:\/\/radiorevelacionfm.cl\/wp-content\/uploads\/2022\/09\/image-94-1.jpg\" alt='' title='image (94) (1)' height=\"600\" width=\"1067\"  itemprop=\"thumbnailUrl\" srcset=\"https:\/\/radiorevelacionfm.cl\/wp-content\/uploads\/2022\/09\/image-94-1.jpg 1067w, https:\/\/radiorevelacionfm.cl\/wp-content\/uploads\/2022\/09\/image-94-1-300x169.jpg 300w, https:\/\/radiorevelacionfm.cl\/wp-content\/uploads\/2022\/09\/image-94-1-1030x579.jpg 1030w, https:\/\/radiorevelacionfm.cl\/wp-content\/uploads\/2022\/09\/image-94-1-768x432.jpg 768w, https:\/\/radiorevelacionfm.cl\/wp-content\/uploads\/2022\/09\/image-94-1-705x396.jpg 705w, https:\/\/radiorevelacionfm.cl\/wp-content\/uploads\/2022\/09\/image-94-1-600x337.jpg 600w\" sizes=\"(max-width: 1067px) 100vw, 1067px\" \/><\/div><\/div><\/div><\/div><div class=\"flex_column av_one_full  flex_column_div av-zero-column-padding first  avia-builder-el-2  el_after_av_one_full  el_before_av_one_full  column-top-margin\" style='border-radius:0px; '><section class=\"av_textblock_section \"  itemscope=\"itemscope\" itemtype=\"https:\/\/schema.org\/BlogPosting\" itemprop=\"blogPost\" ><div class='avia_textblock  '   itemprop=\"text\" ><p style=\"text-align: center;\"><strong><span style=\"font-size: 18pt;\">Valoran compromiso de Gobernadora con recursos para medialuna del Club de Rodeo de Cisnes<\/span><\/strong><\/p>\n<div id=\"gtx-trans\" style=\"position: absolute; left: -50px; top: 4.31534px;\">\n<div class=\"gtx-trans-icon\"><\/div>\n<\/div>\n<\/div><\/section><\/div><\/p>\n<div class=\"flex_column av_one_full  flex_column_div av-zero-column-padding first  avia-builder-el-4  el_after_av_one_full  el_before_av_hr  column-top-margin\" style='border-radius:0px; '><section class=\"av_textblock_section \"  itemscope=\"itemscope\" itemtype=\"https:\/\/schema.org\/BlogPosting\" itemprop=\"blogPost\" ><div class='avia_textblock  '   itemprop=\"text\" ><p style=\"text-align: justify;\">En su reciente visita a Puerto Cisnes, la Gobernadora de la regi\u00f3n de Ays\u00e9n, Andrea Mac\u00edas Palma, inform\u00f3 a las autoridades comunales, directiva e integrantes del Club de Rodeo de \u201cla perla del litoral\u201d, que la iniciativa de reposici\u00f3n de la medialuna y centro de eventos de esta organizaci\u00f3n, ser\u00e1 puesta en tabla para que sea votado en el plenario el financiamiento del proyecto.<\/p>\n<p style=\"text-align: justify;\">Esta decisi\u00f3n de la autoridad regional, fue ampliamente valorada por el Alcalde de la comuna de Cisnes, Francisco Roncagliolo Lepio.<\/p>\n<p style=\"text-align: justify;\">\u201cComo administraci\u00f3n estamos muy contentos por el compromiso asumido por la Gobernadora Regional de Ays\u00e9n, de financiar el proyecto de reposici\u00f3n de la medialuna de Puerto Cisnes. Este es un proyecto de m\u00e1s de 2 mil millones de pesos y que hemos estado trabajando por hartos a\u00f1os junto al Club de Rodeo de Puerto Cisnes y que busca no solamente mejorar la infraestructura para llevar adelante este hermoso deporte nacional, sino que, generar espacios amplios y abiertos para la comunidad, para las distintas organizaciones y las actividades que tengamos como capital comunal. Quiero agradecer la confianza del Club de Rodeo de Cisnes, de nuestro equipo de trabajo municipal y de las organizaciones que han estado apoyando para que esta iniciativa se lleve adelante. De esta forma, entre todos seguimos cumpliendo los sue\u00f1os de nuestra comuna\u201d.<\/p>\n<p style=\"text-align: justify;\">La Consejera Regional de la Provincia de Ays\u00e9n, Paola Rodr\u00edguez, se mostr\u00f3 feliz por la familia del rodeo y de la comunidad de Cisnes, tras el anuncio de la Gobernadora, de poner en tabla la iniciativa que significar\u00e1 la reposici\u00f3n de la medialuna local. \u201cFelices de estar aqu\u00ed en la medialuna, saber que nuestra Gobernadora Regional hoy d\u00eda vino a conocer el recinto y contempla en subir a tabla este gran proyecto, que considera m\u00e1s de 2 mil millones de pesos. Feliz por la familia del rodeo chileno, de este gran deporte nacional, feliz tambi\u00e9n por la cantidad de gente que hab\u00eda en el sector manifestando todo el apoyo para este gran proyecto\u201d.<\/p>\n<p style=\"text-align: justify;\">En tanto, la Concejala de la comuna de Cisnes, Ximena Ar\u00e9valo, coment\u00f3 que, \u201cnuestra Gobernadora Andrea Mac\u00edas se compromete con este hermoso proyecto, el cual, comenz\u00f3 hace muchos a\u00f1os atr\u00e1s, a partir del a\u00f1o 2016. Sin duda que, el trabajo mancomunado entre la Municipalidad de Cisnes y el Gobierno Regional, hacen que todos estos sue\u00f1os puedan hacerse realidad. Destacar a las organizaciones comunitarias que hoy participan, pues ellas est\u00e1n en directo apoyo con estas iniciativas, somos un lugar en donde estamos carentes de espacios y sin duda este proyecto contribuye para la toda la comunidad\u201d.<\/p>\n<p style=\"text-align: justify;\">Son m\u00e1s de 2 mil millones de pesos que se consideran para la reposici\u00f3n de la medialuna del Club de Rodeo de Cisnes y que contempla, entre otras cosas, un centro de eventos para el desarrollo de diversas actividades.<\/p>\n<\/div><\/section><\/div>\n<div  style='height:50px' class='hr hr-invisible   avia-builder-el-6  el_after_av_one_full  el_before_av_social_share '><span class='hr-inner ' ><span class='hr-inner-style'><\/span><\/span><\/div>\n<div  class='av-social-sharing-box  avia-builder-el-7  el_after_av_hr  el_before_av_hr  '><div class='av-share-box'><h5 class='av-share-link-description av-no-toc '>Compartir esta noticia<\/h5><ul class='av-share-box-list noLightbox'><li class='av-share-link av-social-link-facebook' ><a target=\"_blank\" aria-label=\"Compartir en Facebook\" href='https:\/\/www.facebook.com\/sharer.php?u=https:\/\/radiorevelacionfm.cl\/?p=22193&#038;t=Valoran%20compromiso%20de%20Gobernadora%20con%20recursos%20para%20medialuna%20del%20Club%20de%20Rodeo%20de%20Cisnes' aria-hidden='false' data-av_icon='\ue8f3' data-av_iconfont='entypo-fontello' title='' data-avia-related-tooltip='Compartir en Facebook' rel=\"noopener\"><span class='avia_hidden_link_text'>Compartir en Facebook<\/span><\/a><\/li><li class='av-share-link av-social-link-twitter' ><a target=\"_blank\" aria-label=\"Compartir en Twitter\" href='https:\/\/twitter.com\/share?text=Valoran%20compromiso%20de%20Gobernadora%20con%20recursos%20para%20medialuna%20del%20Club%20de%20Rodeo%20de%20Cisnes&#038;url=https:\/\/radiorevelacionfm.cl\/?p=22193' aria-hidden='false' data-av_icon='\ue8f1' data-av_iconfont='entypo-fontello' title='' data-avia-related-tooltip='Compartir en Twitter' rel=\"noopener\"><span class='avia_hidden_link_text'>Compartir en Twitter<\/span><\/a><\/li><li class='av-share-link av-social-link-whatsapp' ><a target=\"_blank\" aria-label=\"Compartir en Whatsapp\" href='https:\/\/api.whatsapp.com\/send?text=https:\/\/radiorevelacionfm.cl\/?p=22193' aria-hidden='false' data-av_icon='\uf232' data-av_iconfont='entypo-fontello' title='' data-avia-related-tooltip='Compartir en Whatsapp' rel=\"noopener\"><span class='avia_hidden_link_text'>Compartir en Whatsapp<\/span><\/a><\/li><li class='av-share-link av-social-link-linkedin' ><a target=\"_blank\" aria-label=\"Compartir en LinkedIn\" href='https:\/\/linkedin.com\/shareArticle?mini=true&#038;title=Valoran%20compromiso%20de%20Gobernadora%20con%20recursos%20para%20medialuna%20del%20Club%20de%20Rodeo%20de%20Cisnes&#038;url=https:\/\/radiorevelacionfm.cl\/?p=22193' aria-hidden='false' data-av_icon='\ue8fc' data-av_iconfont='entypo-fontello' title='' data-avia-related-tooltip='Compartir en LinkedIn' rel=\"noopener\"><span class='avia_hidden_link_text'>Compartir en LinkedIn<\/span><\/a><\/li><li class='av-share-link av-social-link-mail' ><a  aria-label=\"Compartir por correo\" href='mailto:?subject=Valoran%20compromiso%20de%20Gobernadora%20con%20recursos%20para%20medialuna%20del%20Club%20de%20Rodeo%20de%20Cisnes&#038;body=https:\/\/radiorevelacionfm.cl\/?p=22193' aria-hidden='false' data-av_icon='\ue805' data-av_iconfont='entypo-fontello' title='' data-avia-related-tooltip='Compartir por correo'><span class='avia_hidden_link_text'>Compartir por correo<\/span><\/a><\/li><\/ul><\/div><\/div>\n<div  style='height:50px' class='hr hr-invisible   avia-builder-el-8  el_after_av_social_share  el_before_av_comments_list '><span class='hr-inner ' ><span class='hr-inner-style'><\/span><\/span><\/div>\n<div  class='av-buildercomment  av-blog-meta-html-info-disabled av-blog-meta-tag-disabled  '><\/div>\n","protected":false},"excerpt":{"rendered":"","protected":false},"author":1,"featured_media":22197,"comment_status":"open","ping_status":"open","sticky":false,"template":"","format":"standard","meta":{"footnotes":""},"categories":[38],"tags":[],"class_list":["post-22193","post","type-post","status-publish","format-standard","has-post-thumbnail","hentry","category-regional"],"jetpack_featured_media_url":"https:\/\/radiorevelacionfm.cl\/wp-content\/uploads\/2022\/09\/image-94-1.jpg","_links":{"self":[{"href":"https:\/\/radiorevelacionfm.cl\/index.php?rest_route=\/wp\/v2\/posts\/22193","targetHints":{"allow":["GET"]}}],"collection":[{"href":"https:\/\/radiorevelacionfm.cl\/index.php?rest_route=\/wp\/v2\/posts"}],"about":[{"href":"https:\/\/radiorevelacionfm.cl\/index.php?rest_route=\/wp\/v2\/types\/post"}],"author":[{"embeddable":true,"href":"https:\/\/radiorevelacionfm.cl\/index.php?rest_route=\/wp\/v2\/users\/1"}],"replies":[{"embeddable":true,"href":"https:\/\/radiorevelacionfm.cl\/index.php?rest_route=%2Fwp%2Fv2%2Fcomments&post=22193"}],"version-history":[{"count":3,"href":"https:\/\/radiorevelacionfm.cl\/index.php?rest_route=\/wp\/v2\/posts\/22193\/revisions"}],"predecessor-version":[{"id":22196,"href":"https:\/\/radiorevelacionfm.cl\/index.php?rest_route=\/wp\/v2\/posts\/22193\/revisions\/22196"}],"wp:featuredmedia":[{"embeddable":true,"href":"https:\/\/radiorevelacionfm.cl\/index.php?rest_route=\/wp\/v2\/media\/22197"}],"wp:attachment":[{"href":"https:\/\/radiorevelacionfm.cl\/index.php?rest_route=%2Fwp%2Fv2%2Fmedia&parent=22193"}],"wp:term":[{"taxonomy":"category","embeddable":true,"href":"https:\/\/radiorevelacionfm.cl\/index.php?rest_route=%2Fwp%2Fv2%2Fcategories&post=22193"},{"taxonomy":"post_tag","embeddable":true,"href":"https:\/\/radiorevelacionfm.cl\/index.php?rest_route=%2Fwp%2Fv2%2Ftags&post=22193"}],"curies":[{"name":"wp","href":"https:\/\/api.w.org\/{rel}","templated":true}]}}