{"id":22188,"date":"2022-09-26T10:50:01","date_gmt":"2022-09-26T13:50:01","guid":{"rendered":"https:\/\/radiorevelacionfm.cl\/?p=22188"},"modified":"2022-09-26T11:00:34","modified_gmt":"2022-09-26T14:00:34","slug":"fortalece-pyme-abre-temporada-turistica-en-aysen","status":"publish","type":"post","link":"https:\/\/radiorevelacionfm.cl\/?p=22188","title":{"rendered":"Fortalece Pyme abre temporada tur\u00edstica en Ays\u00e9n"},"content":{"rendered":"<div class=\"flex_column av_one_full  flex_column_div av-zero-column-padding first  avia-builder-el-0  el_before_av_one_full  avia-builder-el-first  \" style='border-radius:0px; '><div  class='avia-image-container  av-styling-    avia-builder-el-1  avia-builder-el-no-sibling  avia-align-center '  itemprop=\"image\" itemscope=\"itemscope\" itemtype=\"https:\/\/schema.org\/ImageObject\"  ><div class='avia-image-container-inner'><div class='avia-image-overlay-wrap'><img decoding=\"async\" class='wp-image-22189 avia-img-lazy-loading-not-22189 avia_image' src=\"https:\/\/radiorevelacionfm.cl\/wp-content\/uploads\/2022\/09\/RSOCIALES-1-1.jpeg\" alt='' title='RSOCIALES (1) (1)' height=\"600\" width=\"600\"  itemprop=\"thumbnailUrl\" srcset=\"https:\/\/radiorevelacionfm.cl\/wp-content\/uploads\/2022\/09\/RSOCIALES-1-1.jpeg 600w, https:\/\/radiorevelacionfm.cl\/wp-content\/uploads\/2022\/09\/RSOCIALES-1-1-300x300.jpeg 300w, https:\/\/radiorevelacionfm.cl\/wp-content\/uploads\/2022\/09\/RSOCIALES-1-1-80x80.jpeg 80w, https:\/\/radiorevelacionfm.cl\/wp-content\/uploads\/2022\/09\/RSOCIALES-1-1-36x36.jpeg 36w, https:\/\/radiorevelacionfm.cl\/wp-content\/uploads\/2022\/09\/RSOCIALES-1-1-180x180.jpeg 180w, https:\/\/radiorevelacionfm.cl\/wp-content\/uploads\/2022\/09\/RSOCIALES-1-1-100x100.jpeg 100w\" sizes=\"(max-width: 600px) 100vw, 600px\" \/><\/div><\/div><\/div><\/div><div class=\"flex_column av_one_full  flex_column_div av-zero-column-padding first  avia-builder-el-2  el_after_av_one_full  el_before_av_one_full  column-top-margin\" style='border-radius:0px; '><section class=\"av_textblock_section \"  itemscope=\"itemscope\" itemtype=\"https:\/\/schema.org\/BlogPosting\" itemprop=\"blogPost\" ><div class='avia_textblock  '   itemprop=\"text\" ><p style=\"text-align: center;\"><span style=\"font-size: 18pt;\"><b><span lang=\"ES\">Fortalece Pyme abre temporada tur\u00edstica en Ays\u00e9n<\/span><\/b><\/span><\/p>\n<div id=\"gtx-trans\" style=\"position: absolute; left: -50px; top: 4.31534px;\">\n<div class=\"gtx-trans-icon\"><\/div>\n<\/div>\n<\/div><\/section><\/div><div class=\"flex_column av_one_full  flex_column_div av-zero-column-padding first  avia-builder-el-4  el_after_av_one_full  el_before_av_hr  column-top-margin\" style='border-radius:0px; '><section class=\"av_textblock_section \"  itemscope=\"itemscope\" itemtype=\"https:\/\/schema.org\/BlogPosting\" itemprop=\"blogPost\" ><div class='avia_textblock  '   itemprop=\"text\" ><p class=\"v1MsoNormal\" style=\"text-align: justify;\" align=\"center\"><span lang=\"ES\">Con la realizaci\u00f3n de 4 talleres enfocados para fortalecer la industria en esta nueva temporada para el Turismo Regional, Fpyme lanza su oferta para que pymes del rubro participen y logren adoptar capacidades y herramientas digitales para sus diferentes marcas, de manera de sacar el mayor provecho a esta temporada que al parecer volver\u00eda a la \u00abnormalidad\u00bb, despu\u00e9s de mucho tiempo de restricciones.<\/span><\/p>\n<p class=\"v1MsoNormal\" style=\"text-align: justify;\"><span lang=\"ES\">Empresas como Rolling Patagonia, 99% Aventura, Varona rent a car, Ra\u00edces Bed&amp;breakfast entre otros, son quienes ya han realizado su diagn\u00f3stico digital que busca determinar qu\u00e9 tan preparadas est\u00e1n las peque\u00f1as empresas frente a la adopci\u00f3n de herramientas digitales, entregando a su disposici\u00f3n los distintos instrumentos que permiten mayor organizaci\u00f3n dentro de cada emprendimiento.<\/span><\/p>\n<p class=\"v1MsoNormal\" style=\"text-align: justify;\"><span lang=\"ES\">Es precisamente a partir de este ejercicio que se evaluaron las principales dificultades de cada Pyme y cuales son las alternativas para mejorar aquellos puntos cr\u00edticos que presentan para lograr una mayor coordinaci\u00f3n con sus sistemas de ventas, facturaciones, p\u00e1ginas web, nuevos clientes, entre otros.<\/span><\/p>\n<p class=\"v1MsoNormal\" style=\"text-align: justify;\"><span lang=\"ES\">Iniciando una nueva temporada para el turismo, el programa Fortalece Pyme de Corfo, buscar\u00e1 reforzar la digitalizaci\u00f3n para las peque\u00f1as empresas mediante talleres enfocados en redes sociales, fotograf\u00eda y uso de herramientas como Tripadvisor y Google My Business con el foco en la industria del turismo, para lo que dichos talleres se realizar\u00e1n de manera online para que participen pymes de toda la regi\u00f3n y presenciales en Baquedano 400.<\/span><\/p>\n<p class=\"v1MsoNormal\" style=\"text-align: justify;\"><span lang=\"ES\">De acuerdo con ello, este pr\u00f3ximo 27 de septiembre, se realizar\u00e1 de manera presencial el taller de redes sociales para Pymes del Turismo, donde se dar\u00e1 a conocer el por qu\u00e9 estar presentes en redes sociales para esta nueva temporada y c\u00f3mo aprovechar las nuevas aplicaciones para mostrar las mejores experiencias de los turistas 2022-2023 . Mientras que el 29 de septiembre se efectuar\u00e1 el taller de Tripadvisor y Google My Business online donde los participantes conocer\u00e1n la importancia de estar bien posicionados en estas plataformas, las que sin duda permitir\u00e1n un mayor flujo de clientes.<\/span><\/p>\n<p class=\"v1MsoNormal\" style=\"text-align: justify;\"><span lang=\"ES\">En ese sentido, Francisca Marchant gestora de transformaci\u00f3n digital de Fpyme destac\u00f3 \u00abpartimos con esta tanda de talleres enfocadas en Pymes del Turismo para dar a conocer las oportunidades que tienen las empresas de la industria, frente a las herramientas digitales que existen hoy en d\u00eda a disposici\u00f3n para ellos y as\u00ed mismo incentivar al uso de estas nuevas tecnolog\u00edas que permiten que las peque\u00f1as empresas logren mayores \u00e9xitos, sobre todo frente a una temporada de turismo con altas expectativas luego de 2 a\u00f1os de confinamiento con motivo de la pandemia por Covid-19\u00bb.<\/span><\/p>\n<p class=\"v1MsoNormal\" style=\"text-align: justify;\">Si est\u00e1s interesado en participar de las actividades que ofrece Fpyme y quieres comenzar con tu diagn\u00f3stico digital, visita la p\u00e1gina web\u00a0<a href=\"http:\/\/www.fpymeaysen.cl\/\" target=\"_blank\" rel=\"noopener noreferrer\">www.fpymeaysen.cl<\/a>\u00a0y las redes sociales de Instagram y Facebook en Fpyme_Aysen \u00a1Te esperamos!<\/p>\n<\/div><\/section><\/div><div  style='height:50px' class='hr hr-invisible   avia-builder-el-6  el_after_av_one_full  el_before_av_social_share '><span class='hr-inner ' ><span class='hr-inner-style'><\/span><\/span><\/div><\/p>\n<div  class='av-social-sharing-box  avia-builder-el-7  el_after_av_hr  el_before_av_hr  '><div class='av-share-box'><h5 class='av-share-link-description av-no-toc '>Compartir esta noticia<\/h5><ul class='av-share-box-list noLightbox'><li class='av-share-link av-social-link-facebook' ><a target=\"_blank\" aria-label=\"Compartir en Facebook\" href='https:\/\/www.facebook.com\/sharer.php?u=https:\/\/radiorevelacionfm.cl\/?p=22188&#038;t=Fortalece%20Pyme%20abre%20temporada%20tur%C3%ADstica%20en%20Ays%C3%A9n' aria-hidden='false' data-av_icon='\ue8f3' data-av_iconfont='entypo-fontello' title='' data-avia-related-tooltip='Compartir en Facebook' rel=\"noopener\"><span class='avia_hidden_link_text'>Compartir en Facebook<\/span><\/a><\/li><li class='av-share-link av-social-link-twitter' ><a target=\"_blank\" aria-label=\"Compartir en Twitter\" href='https:\/\/twitter.com\/share?text=Fortalece%20Pyme%20abre%20temporada%20tur%C3%ADstica%20en%20Ays%C3%A9n&#038;url=https:\/\/radiorevelacionfm.cl\/?p=22188' aria-hidden='false' data-av_icon='\ue8f1' data-av_iconfont='entypo-fontello' title='' data-avia-related-tooltip='Compartir en Twitter' rel=\"noopener\"><span class='avia_hidden_link_text'>Compartir en Twitter<\/span><\/a><\/li><li class='av-share-link av-social-link-whatsapp' ><a target=\"_blank\" aria-label=\"Compartir en Whatsapp\" href='https:\/\/api.whatsapp.com\/send?text=https:\/\/radiorevelacionfm.cl\/?p=22188' aria-hidden='false' data-av_icon='\uf232' data-av_iconfont='entypo-fontello' title='' data-avia-related-tooltip='Compartir en Whatsapp' rel=\"noopener\"><span class='avia_hidden_link_text'>Compartir en Whatsapp<\/span><\/a><\/li><li class='av-share-link av-social-link-linkedin' ><a target=\"_blank\" aria-label=\"Compartir en LinkedIn\" href='https:\/\/linkedin.com\/shareArticle?mini=true&#038;title=Fortalece%20Pyme%20abre%20temporada%20tur%C3%ADstica%20en%20Ays%C3%A9n&#038;url=https:\/\/radiorevelacionfm.cl\/?p=22188' aria-hidden='false' data-av_icon='\ue8fc' data-av_iconfont='entypo-fontello' title='' data-avia-related-tooltip='Compartir en LinkedIn' rel=\"noopener\"><span class='avia_hidden_link_text'>Compartir en LinkedIn<\/span><\/a><\/li><li class='av-share-link av-social-link-mail' ><a  aria-label=\"Compartir por correo\" href='mailto:?subject=Fortalece%20Pyme%20abre%20temporada%20tur%C3%ADstica%20en%20Ays%C3%A9n&#038;body=https:\/\/radiorevelacionfm.cl\/?p=22188' aria-hidden='false' data-av_icon='\ue805' data-av_iconfont='entypo-fontello' title='' data-avia-related-tooltip='Compartir por correo'><span class='avia_hidden_link_text'>Compartir por correo<\/span><\/a><\/li><\/ul><\/div><\/div>\n<div  style='height:50px' class='hr hr-invisible   avia-builder-el-8  el_after_av_social_share  el_before_av_comments_list '><span class='hr-inner ' ><span class='hr-inner-style'><\/span><\/span><\/div>\n<div  class='av-buildercomment  av-blog-meta-html-info-disabled av-blog-meta-tag-disabled  '><\/div>\n","protected":false},"excerpt":{"rendered":"","protected":false},"author":1,"featured_media":22190,"comment_status":"open","ping_status":"open","sticky":false,"template":"","format":"standard","meta":{"footnotes":""},"categories":[54],"tags":[],"class_list":["post-22188","post","type-post","status-publish","format-standard","has-post-thumbnail","hentry","category-turismo"],"jetpack_featured_media_url":"https:\/\/radiorevelacionfm.cl\/wp-content\/uploads\/2022\/09\/rsociales1-1_optimized-1.jpg","_links":{"self":[{"href":"https:\/\/radiorevelacionfm.cl\/index.php?rest_route=\/wp\/v2\/posts\/22188","targetHints":{"allow":["GET"]}}],"collection":[{"href":"https:\/\/radiorevelacionfm.cl\/index.php?rest_route=\/wp\/v2\/posts"}],"about":[{"href":"https:\/\/radiorevelacionfm.cl\/index.php?rest_route=\/wp\/v2\/types\/post"}],"author":[{"embeddable":true,"href":"https:\/\/radiorevelacionfm.cl\/index.php?rest_route=\/wp\/v2\/users\/1"}],"replies":[{"embeddable":true,"href":"https:\/\/radiorevelacionfm.cl\/index.php?rest_route=%2Fwp%2Fv2%2Fcomments&post=22188"}],"version-history":[{"count":2,"href":"https:\/\/radiorevelacionfm.cl\/index.php?rest_route=\/wp\/v2\/posts\/22188\/revisions"}],"predecessor-version":[{"id":22199,"href":"https:\/\/radiorevelacionfm.cl\/index.php?rest_route=\/wp\/v2\/posts\/22188\/revisions\/22199"}],"wp:featuredmedia":[{"embeddable":true,"href":"https:\/\/radiorevelacionfm.cl\/index.php?rest_route=\/wp\/v2\/media\/22190"}],"wp:attachment":[{"href":"https:\/\/radiorevelacionfm.cl\/index.php?rest_route=%2Fwp%2Fv2%2Fmedia&parent=22188"}],"wp:term":[{"taxonomy":"category","embeddable":true,"href":"https:\/\/radiorevelacionfm.cl\/index.php?rest_route=%2Fwp%2Fv2%2Fcategories&post=22188"},{"taxonomy":"post_tag","embeddable":true,"href":"https:\/\/radiorevelacionfm.cl\/index.php?rest_route=%2Fwp%2Fv2%2Ftags&post=22188"}],"curies":[{"name":"wp","href":"https:\/\/api.w.org\/{rel}","templated":true}]}}