{"id":22181,"date":"2022-09-26T09:38:28","date_gmt":"2022-09-26T12:38:28","guid":{"rendered":"https:\/\/radiorevelacionfm.cl\/?p=22181"},"modified":"2022-09-26T09:38:28","modified_gmt":"2022-09-26T12:38:28","slug":"senadora-ordenes-afirmo-se-requiere-sentido-de-urgencia-para-conectividad-en-la-region","status":"publish","type":"post","link":"https:\/\/radiorevelacionfm.cl\/?p=22181","title":{"rendered":"Senadora Ordenes afirm\u00f3 \u201cse requiere sentido de urgencia para conectividad en la regi\u00f3n\u201d"},"content":{"rendered":"<div class=\"flex_column av_one_full  flex_column_div av-zero-column-padding first  avia-builder-el-0  el_before_av_one_full  avia-builder-el-first  \" style='border-radius:0px; '><div  class='avia-image-container  av-styling-    avia-builder-el-1  avia-builder-el-no-sibling  avia-align-center '  itemprop=\"image\" itemscope=\"itemscope\" itemtype=\"https:\/\/schema.org\/ImageObject\"  ><div class='avia-image-container-inner'><div class='avia-image-overlay-wrap'><img decoding=\"async\" class='wp-image-22182 avia-img-lazy-loading-not-22182 avia_image' src=\"https:\/\/radiorevelacionfm.cl\/wp-content\/uploads\/2022\/09\/SENADORA-1-1.jpeg\" alt='' title='SENADORA (1) (1)' height=\"600\" width=\"800\"  itemprop=\"thumbnailUrl\" srcset=\"https:\/\/radiorevelacionfm.cl\/wp-content\/uploads\/2022\/09\/SENADORA-1-1.jpeg 800w, https:\/\/radiorevelacionfm.cl\/wp-content\/uploads\/2022\/09\/SENADORA-1-1-300x225.jpeg 300w, https:\/\/radiorevelacionfm.cl\/wp-content\/uploads\/2022\/09\/SENADORA-1-1-768x576.jpeg 768w, https:\/\/radiorevelacionfm.cl\/wp-content\/uploads\/2022\/09\/SENADORA-1-1-705x529.jpeg 705w, https:\/\/radiorevelacionfm.cl\/wp-content\/uploads\/2022\/09\/SENADORA-1-1-600x450.jpeg 600w\" sizes=\"(max-width: 800px) 100vw, 800px\" \/><\/div><\/div><\/div><\/div><div class=\"flex_column av_one_full  flex_column_div av-zero-column-padding first  avia-builder-el-2  el_after_av_one_full  el_before_av_one_full  column-top-margin\" style='border-radius:0px; '><section class=\"av_textblock_section \"  itemscope=\"itemscope\" itemtype=\"https:\/\/schema.org\/BlogPosting\" itemprop=\"blogPost\" ><div class='avia_textblock  '   itemprop=\"text\" ><p style=\"text-align: center;\"><strong><span style=\"font-size: 18pt;\">Senadora Ordenes afirm\u00f3 \u201cse requiere sentido de urgencia para conectividad en la regi\u00f3n\u201d<\/span><\/strong><\/p>\n<div id=\"gtx-trans\" style=\"position: absolute; left: -50px; top: 4.31534px;\">\n<div class=\"gtx-trans-icon\"><\/div>\n<\/div>\n<\/div><\/section><\/div><div class=\"flex_column av_one_full  flex_column_div av-zero-column-padding first  avia-builder-el-4  el_after_av_one_full  el_before_av_hr  column-top-margin\" style='border-radius:0px; '><section class=\"av_textblock_section \"  itemscope=\"itemscope\" itemtype=\"https:\/\/schema.org\/BlogPosting\" itemprop=\"blogPost\" ><div class='avia_textblock  '   itemprop=\"text\" ><p style=\"text-align: justify;\">La Senadora Ximena Ordenes Neira, reiter\u00f3 su preocupaci\u00f3n por los serios problemas de conectividad que enfrenta la regi\u00f3n de Ays\u00e9n, temas que ha colocado en conocimiento de las autoridades ministeriales del MOP y Transportes. En esta oportunidad, con \u00e9nfasis, en lo ocurrido con la barcaza Chelenko, que al inicio de su viaje desde Chile Chico a Ib\u00e1\u00f1ez perdi\u00f3 su compuerta principal y lo que viene como contingencia prontamente con el ingreso a carena de la barcaza Padre Antonio Ronchi en el fiordo Mitchell, que conecta a los habitantes de la comuna de O&#8217;Higgins.<\/p>\n<p style=\"text-align: justify;\">La Parlamentaria, enfatiz\u00f3 que, \u201cse requiere sentido de urgencia y prioridad para este tema. No hay barcazas disponibles y esta es una crisis que se est\u00e1 manifestando en distintos lugares de la zona sur austral. La conexi\u00f3n bimodal no ha sido una prioridad y hoy estamos sufriendo una crisis por no haber previsto la construcci\u00f3n de nuevas naves, por no haber previsto una buena mantenci\u00f3n de las embarcaciones existentes\u201d.<\/p>\n<p style=\"text-align: justify;\">Ximena Ordenes, lamento que se est\u00e9n viviendo situaciones, a lo menos, ca\u00f3ticas, como lo sucedido con la barcaza Chelenko. \u201cUna barcaza en el Lago General Carrera que el d\u00eda domingo sufri\u00f3 una nueva situaci\u00f3n ca\u00f3tica, a ra\u00edz de la ca\u00edda de la compuerta. Lo otro que se viene y a ra\u00edz de mi visita en la semana distrital a la comuna de O&#8217;Higgins, es que, la barcaza Padre Antonio Ronchi, que une Puerto Yungay con Rio Bravo y que conecta a toda la comuna con la regi\u00f3n de Ays\u00e9n, va a entrar a carena y no se tiene certeza respecto si se va a colocar una nave de reemplazo con el mismo est\u00e1ndar y la misma capacidad, porque de no ser as\u00ed, yo les garantizo que esta va a ser otra tragedia en materia de conectividad en la regi\u00f3n de Ays\u00e9n\u201d.<\/p>\n<p style=\"text-align: justify;\">La Senadora Ordenes, indic\u00f3 que se ha reunido en varias oportunidades con los Ministros vinculados al tema de conectividad, recordando que una de sus primeras gestiones ante las autoridades del nivel central, ha sido la construcci\u00f3n de barcazas para los lagos O&#8217;Higgins y General Carrera.<\/p>\n<p style=\"text-align: justify;\">\u201cHemos sostenido reuniones con los distintos Ministerios desde hace tiempo y quiero reafirmar que mis primeros oficios como Parlamentaria, fue solicitar la construcci\u00f3n de una nueva nave para el Lago O&#8217;Higgins y de una nueva nave para el Lago General Carrera. Esta no es una situaci\u00f3n nueva, esta es una situaci\u00f3n que la Direcci\u00f3n de Obras Portuarias conoce hace a\u00f1os y creo que no se tomaron las medidas a tiempo y hoy d\u00eda se est\u00e1 impactando de manera muy negativa, la calidad de vida de los habitantes de la regi\u00f3n de Ays\u00e9n\u201d.<\/p>\n<p style=\"text-align: justify;\">Estos serios problemas de conectividad traen consigo otros problemas, condicionan el acceso a servicios de las personas que viven en la cuenca del Lago General Carrera y adem\u00e1s, colocan en riesgo el desarrollo de las distintas actividades econ\u00f3micas, por ejemplo, orientadas al rubro del turismo, remarc\u00f3 la Parlamentaria por Ays\u00e9n.<\/p>\n<p style=\"text-align: justify;\">\u201cY tambi\u00e9n se est\u00e1 colocando en riesgo el funcionamiento de los emprendimientos, especialmente emprendimientos tur\u00edsticos de la zona. As\u00ed es que, creo que se requiere una soluci\u00f3n, primero para la contingencia, pero tambi\u00e9n, no olvidar cual es la mirada a largo plazo, por eso yo voy a insistir en un nuevo sistema de conectividad, un nuevo plan de conectividad para la zona sur austral, como se hizo en el pasado\u201d, concluy\u00f3 la Senadora Ximena Ordenes Neira.<\/p>\n<\/div><\/section><\/div><div  style='height:50px' class='hr hr-invisible   avia-builder-el-6  el_after_av_one_full  el_before_av_social_share '><span class='hr-inner ' ><span class='hr-inner-style'><\/span><\/span><\/div><\/p>\n<div  class='av-social-sharing-box  avia-builder-el-7  el_after_av_hr  el_before_av_hr  '><div class='av-share-box'><h5 class='av-share-link-description av-no-toc '>Compartir esta noticia<\/h5><ul class='av-share-box-list noLightbox'><li class='av-share-link av-social-link-facebook' ><a target=\"_blank\" aria-label=\"Compartir en Facebook\" href='https:\/\/www.facebook.com\/sharer.php?u=https:\/\/radiorevelacionfm.cl\/?p=22181&#038;t=Senadora%20Ordenes%20afirm%C3%B3%20%E2%80%9Cse%20requiere%20sentido%20de%20urgencia%20para%20conectividad%20en%20la%20regi%C3%B3n%E2%80%9D' aria-hidden='false' data-av_icon='\ue8f3' data-av_iconfont='entypo-fontello' title='' data-avia-related-tooltip='Compartir en Facebook' rel=\"noopener\"><span class='avia_hidden_link_text'>Compartir en Facebook<\/span><\/a><\/li><li class='av-share-link av-social-link-twitter' ><a target=\"_blank\" aria-label=\"Compartir en Twitter\" href='https:\/\/twitter.com\/share?text=Senadora%20Ordenes%20afirm%C3%B3%20%E2%80%9Cse%20requiere%20sentido%20de%20urgencia%20para%20conectividad%20en%20la%20regi%C3%B3n%E2%80%9D&#038;url=https:\/\/radiorevelacionfm.cl\/?p=22181' aria-hidden='false' data-av_icon='\ue8f1' data-av_iconfont='entypo-fontello' title='' data-avia-related-tooltip='Compartir en Twitter' rel=\"noopener\"><span class='avia_hidden_link_text'>Compartir en Twitter<\/span><\/a><\/li><li class='av-share-link av-social-link-whatsapp' ><a target=\"_blank\" aria-label=\"Compartir en Whatsapp\" href='https:\/\/api.whatsapp.com\/send?text=https:\/\/radiorevelacionfm.cl\/?p=22181' aria-hidden='false' data-av_icon='\uf232' data-av_iconfont='entypo-fontello' title='' data-avia-related-tooltip='Compartir en Whatsapp' rel=\"noopener\"><span class='avia_hidden_link_text'>Compartir en Whatsapp<\/span><\/a><\/li><li class='av-share-link av-social-link-linkedin' ><a target=\"_blank\" aria-label=\"Compartir en LinkedIn\" href='https:\/\/linkedin.com\/shareArticle?mini=true&#038;title=Senadora%20Ordenes%20afirm%C3%B3%20%E2%80%9Cse%20requiere%20sentido%20de%20urgencia%20para%20conectividad%20en%20la%20regi%C3%B3n%E2%80%9D&#038;url=https:\/\/radiorevelacionfm.cl\/?p=22181' aria-hidden='false' data-av_icon='\ue8fc' data-av_iconfont='entypo-fontello' title='' data-avia-related-tooltip='Compartir en LinkedIn' rel=\"noopener\"><span class='avia_hidden_link_text'>Compartir en LinkedIn<\/span><\/a><\/li><li class='av-share-link av-social-link-mail' ><a  aria-label=\"Compartir por correo\" href='mailto:?subject=Senadora%20Ordenes%20afirm%C3%B3%20%E2%80%9Cse%20requiere%20sentido%20de%20urgencia%20para%20conectividad%20en%20la%20regi%C3%B3n%E2%80%9D&#038;body=https:\/\/radiorevelacionfm.cl\/?p=22181' aria-hidden='false' data-av_icon='\ue805' data-av_iconfont='entypo-fontello' title='' data-avia-related-tooltip='Compartir por correo'><span class='avia_hidden_link_text'>Compartir por correo<\/span><\/a><\/li><\/ul><\/div><\/div>\n<div  style='height:50px' class='hr hr-invisible   avia-builder-el-8  el_after_av_social_share  el_before_av_comments_list '><span class='hr-inner ' ><span class='hr-inner-style'><\/span><\/span><\/div>\n<div  class='av-buildercomment  av-blog-meta-html-info-disabled av-blog-meta-tag-disabled  '><\/div>\n","protected":false},"excerpt":{"rendered":"","protected":false},"author":1,"featured_media":22182,"comment_status":"open","ping_status":"open","sticky":false,"template":"","format":"standard","meta":{"footnotes":""},"categories":[35],"tags":[],"class_list":["post-22181","post","type-post","status-publish","format-standard","has-post-thumbnail","hentry","category-politica"],"jetpack_featured_media_url":"https:\/\/radiorevelacionfm.cl\/wp-content\/uploads\/2022\/09\/SENADORA-1-1.jpeg","_links":{"self":[{"href":"https:\/\/radiorevelacionfm.cl\/index.php?rest_route=\/wp\/v2\/posts\/22181","targetHints":{"allow":["GET"]}}],"collection":[{"href":"https:\/\/radiorevelacionfm.cl\/index.php?rest_route=\/wp\/v2\/posts"}],"about":[{"href":"https:\/\/radiorevelacionfm.cl\/index.php?rest_route=\/wp\/v2\/types\/post"}],"author":[{"embeddable":true,"href":"https:\/\/radiorevelacionfm.cl\/index.php?rest_route=\/wp\/v2\/users\/1"}],"replies":[{"embeddable":true,"href":"https:\/\/radiorevelacionfm.cl\/index.php?rest_route=%2Fwp%2Fv2%2Fcomments&post=22181"}],"version-history":[{"count":2,"href":"https:\/\/radiorevelacionfm.cl\/index.php?rest_route=\/wp\/v2\/posts\/22181\/revisions"}],"predecessor-version":[{"id":22184,"href":"https:\/\/radiorevelacionfm.cl\/index.php?rest_route=\/wp\/v2\/posts\/22181\/revisions\/22184"}],"wp:featuredmedia":[{"embeddable":true,"href":"https:\/\/radiorevelacionfm.cl\/index.php?rest_route=\/wp\/v2\/media\/22182"}],"wp:attachment":[{"href":"https:\/\/radiorevelacionfm.cl\/index.php?rest_route=%2Fwp%2Fv2%2Fmedia&parent=22181"}],"wp:term":[{"taxonomy":"category","embeddable":true,"href":"https:\/\/radiorevelacionfm.cl\/index.php?rest_route=%2Fwp%2Fv2%2Fcategories&post=22181"},{"taxonomy":"post_tag","embeddable":true,"href":"https:\/\/radiorevelacionfm.cl\/index.php?rest_route=%2Fwp%2Fv2%2Ftags&post=22181"}],"curies":[{"name":"wp","href":"https:\/\/api.w.org\/{rel}","templated":true}]}}