{"id":2218,"date":"2021-01-29T17:01:51","date_gmt":"2021-01-29T20:01:51","guid":{"rendered":"https:\/\/radiorevelacionfm.cl\/?p=2218"},"modified":"2021-01-29T17:01:51","modified_gmt":"2021-01-29T20:01:51","slug":"en-chile-chico-se-firma-contrato-con-empresa-que-ejecutara-reposicion-del-cuartel-general-de-bomberos","status":"publish","type":"post","link":"https:\/\/radiorevelacionfm.cl\/?p=2218","title":{"rendered":"En Chile Chico se firma contrato con empresa que ejecutar\u00e1 reposici\u00f3n del Cuartel General de Bomberos"},"content":{"rendered":"<div class=\"flex_column av_one_full  flex_column_div av-zero-column-padding first  avia-builder-el-0  el_before_av_one_full  avia-builder-el-first  \" style='border-radius:0px; '><div  class='avia-image-container  av-styling-    avia-builder-el-1  avia-builder-el-no-sibling  avia-align-center '  itemprop=\"image\" itemscope=\"itemscope\" itemtype=\"https:\/\/schema.org\/ImageObject\"  ><div class='avia-image-container-inner'><div class='avia-image-overlay-wrap'><img decoding=\"async\" class='wp-image-0 avia-img-lazy-loading-not-0 avia_image' src=\"https:\/\/radiorevelacionfm.cl\/wp-content\/uploads\/2021\/01\/FIRMA-CONTRATO-2-1-scaled.jpg\" alt='' title=''   itemprop=\"thumbnailUrl\"  \/><\/div><\/div><\/div><\/div><div class=\"flex_column av_one_full  flex_column_div av-zero-column-padding first  avia-builder-el-2  el_after_av_one_full  el_before_av_one_full  column-top-margin\" style='border-radius:0px; '><section class=\"av_textblock_section \"  itemscope=\"itemscope\" itemtype=\"https:\/\/schema.org\/BlogPosting\" itemprop=\"blogPost\" ><div class='avia_textblock  '   itemprop=\"text\" ><p style=\"text-align: center;\"><span style=\"font-size: 18pt;\"><strong>En Chile Chico se firma contrato con empresa que ejecutar\u00e1 reposici\u00f3n del Cuartel General de Bomberos <\/strong><\/span><\/p>\n<div id=\"gtx-trans\" style=\"position: absolute; left: -50px; top: 4.31534px;\">\n<div class=\"gtx-trans-icon\"><\/div>\n<\/div>\n<\/div><\/section><\/div><div class=\"flex_column av_one_full  flex_column_div av-zero-column-padding first  avia-builder-el-4  el_after_av_one_full  el_before_av_hr  column-top-margin\" style='border-radius:0px; '><section class=\"av_textblock_section \"  itemscope=\"itemscope\" itemtype=\"https:\/\/schema.org\/BlogPosting\" itemprop=\"blogPost\" ><div class='avia_textblock  '   itemprop=\"text\" ><p style=\"text-align: justify;\">Se trata de una inversi\u00f3n que supera los 686 millones de pesos, recursos entregados por el Gobierno Regional. Adem\u00e1s, por estos d\u00edas los voluntarios y voluntarias se encuentran realizando el traslado a un cuartel provisorio y as\u00ed en las pr\u00f3ximas semanas dar paso al inicio de las obras.<\/p>\n<p style=\"text-align: justify;\">Los \u00faltimos d\u00edas en pie mantiene el antiguo edificio del Cuerpo de Bomberos de Chile Chico, ya que, durante la ma\u00f1ana de este viernes se vivi\u00f3 una etapa fundamental para que en los pr\u00f3ximos d\u00edas se inicien las obras de construcci\u00f3n del nuevo y moderno Cuartel General. El Alcalde Ricardo Ibarra junto al representante de la empresa que se adjudic\u00f3 el proyecto, el empresario local Alexander Wellman, firmaron el contrato que permitir\u00e1 a la constructora, hacer realidad el nuevo edificio.<\/p>\n<p style=\"text-align: justify;\">El jefe comunal, Ricardo Ibarra, puso en valor el enorme trabajo desarrollado por el equipo de la Secretaria Comunal de Planificaci\u00f3n en sacar adelante esta iniciativa, destinada a los hombres y mujeres que de manera voluntaria, son un gran aporte a la comunidad.<\/p>\n<p style=\"text-align: justify;\">\u201cHoy es un hito hist\u00f3rico en la formalizaci\u00f3n legal con la firma del contrato y que a contar de hoy la relaci\u00f3n es con el contratista, una empresa local del se\u00f1or Wellman. Este es un tremendo desaf\u00edo, porque desde el minuto uno fue bastante dif\u00edcil, porque se tuvo que rearmar este proyecto, asumimos ese compromiso desde la Secplac, con una voluntad enorme de cada uno de los colegas. Una voluntad pol\u00edtica sacar este proyecto adelante, porque Bomberos no solamente es una instituci\u00f3n m\u00e1s de la comunidad, es una de las instituciones m\u00e1s queridas y respetadas en la comuna y en el pa\u00eds. As\u00ed es que, el paso hist\u00f3rico que estamos dando hoy d\u00eda responde a que esta es una Municipalidad que esta con su gente, que quiere a sus vecinos\u201d.<\/p>\n<p style=\"text-align: justify;\">Los directivos anteriores y sobre todo la administraci\u00f3n actual del Cuerpo de Bomberos de Chile Chico, ha seguido muy de cerca los avances del proyecto, han participado en diversas reuniones y tambi\u00e9n califican como un hecho hist\u00f3rico poder avanzar en la iniciativa que en los pr\u00f3ximos d\u00edas comenzar\u00e1 su construcci\u00f3n. As\u00ed lo manifest\u00f3 el Superintendente, Ignacio Barr\u00f3n.<\/p>\n<p style=\"text-align: justify;\">\u201cHoy estamos haciendo historia para nuestro cuerpo de bomberos, estamos muy contentos con la noticia de que una empresa local va a construir nuestro Cuartel General. Muy agradecidos tambi\u00e9n del Municipio, por todas las labores que realizaron en la reelaboraci\u00f3n de este proyecto, proyecto que no ten\u00edan la responsabilidad de hacerlo, pero que sin duda lo tomaron como proyecto propio y de esta manera logr\u00f3 tener el financiamiento, para luego llegar a su etapa de ejecuci\u00f3n en la que estamos el d\u00eda de hoy. As\u00ed es que, estamos muy agradecidos del Secplac y del Municipio de Chile Chico encabezado por el alcalde Ricardo Ibarra\u201d.<\/p>\n<p style=\"text-align: justify;\">Dentro de algunos d\u00edas, las dos Compa\u00f1\u00edas que alberga el Cuartel General del Cuerpo de Bomberos, terminar\u00e1n el completo trasladado a su recinto temporal que ha sido facilitado por el deportivo hospital de Chile Chico y as\u00ed dar pie a la demolici\u00f3n e inicio de las obras del nuevo, c\u00f3modo y moderno recinto bomberil de la \u201cciudad del sol\u201d.<\/p>\n<\/div><\/section><\/div><div  style='height:50px' class='hr hr-invisible   avia-builder-el-6  el_after_av_one_full  el_before_av_social_share '><span class='hr-inner ' ><span class='hr-inner-style'><\/span><\/span><\/div><\/p>\n<div  class='av-social-sharing-box  avia-builder-el-7  el_after_av_hr  el_before_av_hr  '><div class='av-share-box'><h5 class='av-share-link-description av-no-toc '>Compartir esta noticia<\/h5><ul class='av-share-box-list noLightbox'><li class='av-share-link av-social-link-facebook' ><a target=\"_blank\" aria-label=\"Compartir en Facebook\" href='https:\/\/www.facebook.com\/sharer.php?u=https:\/\/radiorevelacionfm.cl\/?p=2218&#038;t=En%20Chile%20Chico%20se%20firma%20contrato%20con%20empresa%20que%20ejecutar%C3%A1%20reposici%C3%B3n%20del%20Cuartel%20General%20de%20Bomberos' aria-hidden='false' data-av_icon='\ue8f3' data-av_iconfont='entypo-fontello' title='' data-avia-related-tooltip='Compartir en Facebook' rel=\"noopener\"><span class='avia_hidden_link_text'>Compartir en Facebook<\/span><\/a><\/li><li class='av-share-link av-social-link-twitter' ><a target=\"_blank\" aria-label=\"Compartir en Twitter\" href='https:\/\/twitter.com\/share?text=En%20Chile%20Chico%20se%20firma%20contrato%20con%20empresa%20que%20ejecutar%C3%A1%20reposici%C3%B3n%20del%20Cuartel%20General%20de%20Bomberos&#038;url=https:\/\/radiorevelacionfm.cl\/?p=2218' aria-hidden='false' data-av_icon='\ue8f1' data-av_iconfont='entypo-fontello' title='' data-avia-related-tooltip='Compartir en Twitter' rel=\"noopener\"><span class='avia_hidden_link_text'>Compartir en Twitter<\/span><\/a><\/li><li class='av-share-link av-social-link-whatsapp' ><a target=\"_blank\" aria-label=\"Compartir en Whatsapp\" href='https:\/\/api.whatsapp.com\/send?text=https:\/\/radiorevelacionfm.cl\/?p=2218' aria-hidden='false' data-av_icon='\uf232' data-av_iconfont='entypo-fontello' title='' data-avia-related-tooltip='Compartir en Whatsapp' rel=\"noopener\"><span class='avia_hidden_link_text'>Compartir en Whatsapp<\/span><\/a><\/li><li class='av-share-link av-social-link-linkedin' ><a target=\"_blank\" aria-label=\"Compartir en LinkedIn\" href='https:\/\/linkedin.com\/shareArticle?mini=true&#038;title=En%20Chile%20Chico%20se%20firma%20contrato%20con%20empresa%20que%20ejecutar%C3%A1%20reposici%C3%B3n%20del%20Cuartel%20General%20de%20Bomberos&#038;url=https:\/\/radiorevelacionfm.cl\/?p=2218' aria-hidden='false' data-av_icon='\ue8fc' data-av_iconfont='entypo-fontello' title='' data-avia-related-tooltip='Compartir en LinkedIn' rel=\"noopener\"><span class='avia_hidden_link_text'>Compartir en LinkedIn<\/span><\/a><\/li><li class='av-share-link av-social-link-mail' ><a  aria-label=\"Compartir por correo\" href='mailto:?subject=En%20Chile%20Chico%20se%20firma%20contrato%20con%20empresa%20que%20ejecutar%C3%A1%20reposici%C3%B3n%20del%20Cuartel%20General%20de%20Bomberos&#038;body=https:\/\/radiorevelacionfm.cl\/?p=2218' aria-hidden='false' data-av_icon='\ue805' data-av_iconfont='entypo-fontello' title='' data-avia-related-tooltip='Compartir por correo'><span class='avia_hidden_link_text'>Compartir por correo<\/span><\/a><\/li><\/ul><\/div><\/div>\n<div  style='height:50px' class='hr hr-invisible   avia-builder-el-8  el_after_av_social_share  el_before_av_comments_list '><span class='hr-inner ' ><span class='hr-inner-style'><\/span><\/span><\/div>\n<div  class='av-buildercomment  av-blog-meta-html-info-disabled av-blog-meta-tag-disabled  '><\/div>\n","protected":false},"excerpt":{"rendered":"","protected":false},"author":1,"featured_media":0,"comment_status":"open","ping_status":"open","sticky":false,"template":"","format":"standard","meta":{"footnotes":""},"categories":[38],"tags":[],"class_list":["post-2218","post","type-post","status-publish","format-standard","hentry","category-regional"],"jetpack_featured_media_url":"","_links":{"self":[{"href":"https:\/\/radiorevelacionfm.cl\/index.php?rest_route=\/wp\/v2\/posts\/2218","targetHints":{"allow":["GET"]}}],"collection":[{"href":"https:\/\/radiorevelacionfm.cl\/index.php?rest_route=\/wp\/v2\/posts"}],"about":[{"href":"https:\/\/radiorevelacionfm.cl\/index.php?rest_route=\/wp\/v2\/types\/post"}],"author":[{"embeddable":true,"href":"https:\/\/radiorevelacionfm.cl\/index.php?rest_route=\/wp\/v2\/users\/1"}],"replies":[{"embeddable":true,"href":"https:\/\/radiorevelacionfm.cl\/index.php?rest_route=%2Fwp%2Fv2%2Fcomments&post=2218"}],"version-history":[{"count":1,"href":"https:\/\/radiorevelacionfm.cl\/index.php?rest_route=\/wp\/v2\/posts\/2218\/revisions"}],"predecessor-version":[{"id":2221,"href":"https:\/\/radiorevelacionfm.cl\/index.php?rest_route=\/wp\/v2\/posts\/2218\/revisions\/2221"}],"wp:attachment":[{"href":"https:\/\/radiorevelacionfm.cl\/index.php?rest_route=%2Fwp%2Fv2%2Fmedia&parent=2218"}],"wp:term":[{"taxonomy":"category","embeddable":true,"href":"https:\/\/radiorevelacionfm.cl\/index.php?rest_route=%2Fwp%2Fv2%2Fcategories&post=2218"},{"taxonomy":"post_tag","embeddable":true,"href":"https:\/\/radiorevelacionfm.cl\/index.php?rest_route=%2Fwp%2Fv2%2Ftags&post=2218"}],"curies":[{"name":"wp","href":"https:\/\/api.w.org\/{rel}","templated":true}]}}