{"id":22162,"date":"2022-09-25T14:00:52","date_gmt":"2022-09-25T17:00:52","guid":{"rendered":"https:\/\/radiorevelacionfm.cl\/?p=22162"},"modified":"2022-09-25T14:00:52","modified_gmt":"2022-09-25T17:00:52","slug":"dos-organizaciones-se-adjudican-fondos-para-vivir-mejor-en-la-region-de-aysen","status":"publish","type":"post","link":"https:\/\/radiorevelacionfm.cl\/?p=22162","title":{"rendered":"Dos Organizaciones se adjudican Fondos \u201cPara Vivir Mejor\u201d en la Regi\u00f3n de Ays\u00e9n"},"content":{"rendered":"<div class=\"flex_column av_one_full  flex_column_div av-zero-column-padding first  avia-builder-el-0  el_before_av_one_full  avia-builder-el-first  \" style='border-radius:0px; '><div  class='avia-image-container  av-styling-    avia-builder-el-1  avia-builder-el-no-sibling  avia-align-center '  itemprop=\"image\" itemscope=\"itemscope\" itemtype=\"https:\/\/schema.org\/ImageObject\"  ><div class='avia-image-container-inner'><div class='avia-image-overlay-wrap'><img decoding=\"async\" class='wp-image-22163 avia-img-lazy-loading-not-22163 avia_image' src=\"https:\/\/radiorevelacionfm.cl\/wp-content\/uploads\/2022\/09\/2-2022-09-25t001243_optimized.398-1-1.jpg\" alt='' title='2 - -2022-09-25t001243_optimized.398-(1)-(1)' height=\"600\" width=\"969\"  itemprop=\"thumbnailUrl\" srcset=\"https:\/\/radiorevelacionfm.cl\/wp-content\/uploads\/2022\/09\/2-2022-09-25t001243_optimized.398-1-1.jpg 969w, https:\/\/radiorevelacionfm.cl\/wp-content\/uploads\/2022\/09\/2-2022-09-25t001243_optimized.398-1-1-300x186.jpg 300w, https:\/\/radiorevelacionfm.cl\/wp-content\/uploads\/2022\/09\/2-2022-09-25t001243_optimized.398-1-1-768x476.jpg 768w, https:\/\/radiorevelacionfm.cl\/wp-content\/uploads\/2022\/09\/2-2022-09-25t001243_optimized.398-1-1-705x437.jpg 705w, https:\/\/radiorevelacionfm.cl\/wp-content\/uploads\/2022\/09\/2-2022-09-25t001243_optimized.398-1-1-600x372.jpg 600w\" sizes=\"(max-width: 969px) 100vw, 969px\" \/><\/div><\/div><\/div><\/div><div class=\"flex_column av_one_full  flex_column_div av-zero-column-padding first  avia-builder-el-2  el_after_av_one_full  el_before_av_one_full  column-top-margin\" style='border-radius:0px; '><section class=\"av_textblock_section \"  itemscope=\"itemscope\" itemtype=\"https:\/\/schema.org\/BlogPosting\" itemprop=\"blogPost\" ><div class='avia_textblock  '   itemprop=\"text\" ><p style=\"text-align: center;\"><strong><span style=\"font-size: 18pt;\">Dos Organizaciones se adjudican Fondos \u201cPara Vivir Mejor\u201d en la Regi\u00f3n de Ays\u00e9n<\/span><\/strong><\/p>\n<div id=\"gtx-trans\" style=\"position: absolute; left: -50px; top: 4.31534px;\">\n<div class=\"gtx-trans-icon\"><\/div>\n<\/div>\n<\/div><\/section><\/div><div class=\"flex_column av_one_full  flex_column_div av-zero-column-padding first  avia-builder-el-4  el_after_av_one_full  el_before_av_hr  column-top-margin\" style='border-radius:0px; '><section class=\"av_textblock_section \"  itemscope=\"itemscope\" itemtype=\"https:\/\/schema.org\/BlogPosting\" itemprop=\"blogPost\" ><div class='avia_textblock  '   itemprop=\"text\" ><p style=\"text-align: justify;\">La Fundaci\u00f3n Vida Son A\u00f1os y Asociaci\u00f3n para el Desarrollo Paralelo 47, son las organizaciones que se adjudicaron los Fondos para Vivir Mejor, del Ministerio de Desarrollo Social y Familia, iniciativa que beneficiar\u00e1 a adultos mayores de Coyhaique y Ays\u00e9n, y adolescentes y mujeres de Villa Ma\u00f1ihuales. En total 100 personas participar\u00e1n en las distintas acciones que se ejecutar\u00e1n y que tienen por objetivo contribuir en la superaci\u00f3n de la pobreza de las familias.<\/p>\n<p style=\"text-align: justify;\">Seg\u00fan inform\u00f3 la Seremi de Desarrollo Social y Familia, Karina Acevedo, el \u201cFondo Para Vivir Mejor\u201d pertenece a la Divisi\u00f3n de Cooperaci\u00f3n P\u00fablico Privada de la Subsecretar\u00eda de Evaluaci\u00f3n Social y que este a\u00f1o se adjudicaron 53 proyectos en todo el pa\u00eds. Este a\u00f1o se consideraron adem\u00e1s enfoques prioritarios en \u00e1reas como: salud mental, desigualdades de g\u00e9nero, migrantes y participaci\u00f3n ciudadana.<\/p>\n<p style=\"text-align: justify;\">Karina Acevedo, coment\u00f3 que \u201cComo Ministerio de Desarrollo Social y Familia, y para esta serem\u00eda, es un tremendo beneficio, logro y trabajo mancomunado, entre p\u00fablico y privado, la Subsecretar\u00eda de evaluaci\u00f3n Social, destin\u00f3 este concurso donde estas dos fundaciones se ganaron estos proyectos. Van a trabajar mancomunadamente en el territorio, en la provincia de Ays\u00e9n y Coyhaique, con adultos mayores, mujeres adolescentes, con artesanas. Para nosotros es un tremendo aporte en la regi\u00f3n, son proyectos que van a estar entre 8 meses a 1 a\u00f1o trabajando en el territorio y vamos a poder conocer, adem\u00e1s la intervenci\u00f3n, el resultado de ello, e insumar de esa informaci\u00f3n a toda la propuesta que, como pol\u00edtica p\u00fablica, podemos hacer en la regi\u00f3n de Ays\u00e9n\u201d.<\/p>\n<p style=\"text-align: justify;\">La Fundaci\u00f3n Vida Son A\u00f1os, se adjudic\u00f3 $20.300.000 pesos; beneficiar\u00e1 a 60 adultos mayores, por un per\u00edodo de 8 meses y realizar\u00e1 talleres de uso del tiempo libre y recreaci\u00f3n, encuentro de l\u00edderes, de estimulaci\u00f3n y funcionalidad, de prevenci\u00f3n en salud, de alfabetizaci\u00f3n en redes de informaci\u00f3n social, entre otras actividades. Adem\u00e1s, contar\u00e1n con profesionales como: kinesi\u00f3logo, Terapeuta Ocupacional, Asistente Social, monitora y un profesor.<\/p>\n<p style=\"text-align: justify;\">El \u00a0Representante Legal de la Fundaci\u00f3n Vida Son A\u00f1os, Rodrigo Jara, con respecto a la adjudicaci\u00f3n del fondo, indic\u00f3 que \u201ces s\u00faper importante poder contar con este tipo de financiamiento, agradecemos enormemente, val Ministerio de Desarrollo Social, por confiar en una apuesta que se hace desde el nivel local, para trabajar con adultos mayores, vulnerables de las comunas de Ays\u00e9n y Coyhaique; y permitir que lleguemos con actividades y fomentar, el tejido social que es lo que nos preocupa, dentro del territorio local, si pretendemos avanzar hacia un crecimiento y un desarrollo territorial\u201d.<\/p>\n<p style=\"text-align: justify;\">La Asociaci\u00f3n para el Desarrollo Paralelo 47, se adjudic\u00f3 $19.650.000 pesos; beneficiar\u00e1 a 40 mujeres adolescentes y adultas mayores de la localidad de Villa Ma\u00f1ihuales, por un per\u00edodo de 12 meses; realizar\u00e1 un diagn\u00f3stico participativo para dise\u00f1ar y ejecutar un programa de intervenci\u00f3n, adem\u00e1s se desarrollar\u00e1n \u00a0jornadas de encuentro y\u00a0 de \u00a0apoyo social. Contar\u00e1 con Psic\u00f3loga, Profesora, Investigadora de Pr\u00e1cticas Comunitarias y Periodista.<\/p>\n<p style=\"text-align: justify;\">Finalmente, Cecilia Moura, profesional de la Asociaci\u00f3n para el Desarrollo Paralelo 47, \u201cPara nosotros es un tremendo valor, ya que llevamos varios a\u00f1os, siendo apoyadas por el Ministerio de Desarrollo Social, trabajando por un lado con adolescentes mujeres; y por otro con adultas mayores, artesanas, de agrupaciones de artesanas. Este a\u00f1o este proyecto que nos adjudicamos reci\u00e9n, es para mezclar ambos mundos y vamos a trabajar con artesanas y adolescentes en una misma intervenci\u00f3n, generando un tapiz textil colaborativo, y eso con el fin de aumentar las redes de apoyo dentro de la comuna y transmitir tambi\u00e9n, los saberes transgeneracionales\u201d.<\/p>\n<\/div><\/section><\/div><div  style='height:50px' class='hr hr-invisible   avia-builder-el-6  el_after_av_one_full  el_before_av_social_share '><span class='hr-inner ' ><span class='hr-inner-style'><\/span><\/span><\/div><\/p>\n<div  class='av-social-sharing-box  avia-builder-el-7  el_after_av_hr  el_before_av_hr  '><div class='av-share-box'><h5 class='av-share-link-description av-no-toc '>Compartir esta noticia<\/h5><ul class='av-share-box-list noLightbox'><li class='av-share-link av-social-link-facebook' ><a target=\"_blank\" aria-label=\"Compartir en Facebook\" href='https:\/\/www.facebook.com\/sharer.php?u=https:\/\/radiorevelacionfm.cl\/?p=22162&#038;t=Dos%20Organizaciones%20se%20adjudican%20Fondos%20%E2%80%9CPara%20Vivir%20Mejor%E2%80%9D%20en%20la%20Regi%C3%B3n%20de%20Ays%C3%A9n' aria-hidden='false' data-av_icon='\ue8f3' data-av_iconfont='entypo-fontello' title='' data-avia-related-tooltip='Compartir en Facebook' rel=\"noopener\"><span class='avia_hidden_link_text'>Compartir en Facebook<\/span><\/a><\/li><li class='av-share-link av-social-link-twitter' ><a target=\"_blank\" aria-label=\"Compartir en Twitter\" href='https:\/\/twitter.com\/share?text=Dos%20Organizaciones%20se%20adjudican%20Fondos%20%E2%80%9CPara%20Vivir%20Mejor%E2%80%9D%20en%20la%20Regi%C3%B3n%20de%20Ays%C3%A9n&#038;url=https:\/\/radiorevelacionfm.cl\/?p=22162' aria-hidden='false' data-av_icon='\ue8f1' data-av_iconfont='entypo-fontello' title='' data-avia-related-tooltip='Compartir en Twitter' rel=\"noopener\"><span class='avia_hidden_link_text'>Compartir en Twitter<\/span><\/a><\/li><li class='av-share-link av-social-link-whatsapp' ><a target=\"_blank\" aria-label=\"Compartir en Whatsapp\" href='https:\/\/api.whatsapp.com\/send?text=https:\/\/radiorevelacionfm.cl\/?p=22162' aria-hidden='false' data-av_icon='\uf232' data-av_iconfont='entypo-fontello' title='' data-avia-related-tooltip='Compartir en Whatsapp' rel=\"noopener\"><span class='avia_hidden_link_text'>Compartir en Whatsapp<\/span><\/a><\/li><li class='av-share-link av-social-link-linkedin' ><a target=\"_blank\" aria-label=\"Compartir en LinkedIn\" href='https:\/\/linkedin.com\/shareArticle?mini=true&#038;title=Dos%20Organizaciones%20se%20adjudican%20Fondos%20%E2%80%9CPara%20Vivir%20Mejor%E2%80%9D%20en%20la%20Regi%C3%B3n%20de%20Ays%C3%A9n&#038;url=https:\/\/radiorevelacionfm.cl\/?p=22162' aria-hidden='false' data-av_icon='\ue8fc' data-av_iconfont='entypo-fontello' title='' data-avia-related-tooltip='Compartir en LinkedIn' rel=\"noopener\"><span class='avia_hidden_link_text'>Compartir en LinkedIn<\/span><\/a><\/li><li class='av-share-link av-social-link-mail' ><a  aria-label=\"Compartir por correo\" href='mailto:?subject=Dos%20Organizaciones%20se%20adjudican%20Fondos%20%E2%80%9CPara%20Vivir%20Mejor%E2%80%9D%20en%20la%20Regi%C3%B3n%20de%20Ays%C3%A9n&#038;body=https:\/\/radiorevelacionfm.cl\/?p=22162' aria-hidden='false' data-av_icon='\ue805' data-av_iconfont='entypo-fontello' title='' data-avia-related-tooltip='Compartir por correo'><span class='avia_hidden_link_text'>Compartir por correo<\/span><\/a><\/li><\/ul><\/div><\/div>\n<div  style='height:50px' class='hr hr-invisible   avia-builder-el-8  el_after_av_social_share  el_before_av_comments_list '><span class='hr-inner ' ><span class='hr-inner-style'><\/span><\/span><\/div>\n<div  class='av-buildercomment  av-blog-meta-html-info-disabled av-blog-meta-tag-disabled  '><\/div>\n","protected":false},"excerpt":{"rendered":"","protected":false},"author":1,"featured_media":22163,"comment_status":"open","ping_status":"open","sticky":false,"template":"","format":"standard","meta":{"footnotes":""},"categories":[38],"tags":[],"class_list":["post-22162","post","type-post","status-publish","format-standard","has-post-thumbnail","hentry","category-regional"],"jetpack_featured_media_url":"https:\/\/radiorevelacionfm.cl\/wp-content\/uploads\/2022\/09\/2-2022-09-25t001243_optimized.398-1-1.jpg","_links":{"self":[{"href":"https:\/\/radiorevelacionfm.cl\/index.php?rest_route=\/wp\/v2\/posts\/22162","targetHints":{"allow":["GET"]}}],"collection":[{"href":"https:\/\/radiorevelacionfm.cl\/index.php?rest_route=\/wp\/v2\/posts"}],"about":[{"href":"https:\/\/radiorevelacionfm.cl\/index.php?rest_route=\/wp\/v2\/types\/post"}],"author":[{"embeddable":true,"href":"https:\/\/radiorevelacionfm.cl\/index.php?rest_route=\/wp\/v2\/users\/1"}],"replies":[{"embeddable":true,"href":"https:\/\/radiorevelacionfm.cl\/index.php?rest_route=%2Fwp%2Fv2%2Fcomments&post=22162"}],"version-history":[{"count":2,"href":"https:\/\/radiorevelacionfm.cl\/index.php?rest_route=\/wp\/v2\/posts\/22162\/revisions"}],"predecessor-version":[{"id":22166,"href":"https:\/\/radiorevelacionfm.cl\/index.php?rest_route=\/wp\/v2\/posts\/22162\/revisions\/22166"}],"wp:featuredmedia":[{"embeddable":true,"href":"https:\/\/radiorevelacionfm.cl\/index.php?rest_route=\/wp\/v2\/media\/22163"}],"wp:attachment":[{"href":"https:\/\/radiorevelacionfm.cl\/index.php?rest_route=%2Fwp%2Fv2%2Fmedia&parent=22162"}],"wp:term":[{"taxonomy":"category","embeddable":true,"href":"https:\/\/radiorevelacionfm.cl\/index.php?rest_route=%2Fwp%2Fv2%2Fcategories&post=22162"},{"taxonomy":"post_tag","embeddable":true,"href":"https:\/\/radiorevelacionfm.cl\/index.php?rest_route=%2Fwp%2Fv2%2Ftags&post=22162"}],"curies":[{"name":"wp","href":"https:\/\/api.w.org\/{rel}","templated":true}]}}