{"id":22157,"date":"2022-09-24T19:44:32","date_gmt":"2022-09-24T22:44:32","guid":{"rendered":"https:\/\/radiorevelacionfm.cl\/?p=22157"},"modified":"2022-09-24T19:51:57","modified_gmt":"2022-09-24T22:51:57","slug":"internacionalmente-son-reconocidos-dos-docentes-de-la-educacion-municipal-de-puerto-aysen","status":"publish","type":"post","link":"https:\/\/radiorevelacionfm.cl\/?p=22157","title":{"rendered":"Internacionalmente son reconocidos dos docentes de establecimientos municipales de Puerto Ays\u00e9n"},"content":{"rendered":"<div class=\"flex_column av_one_full  flex_column_div av-zero-column-padding first  avia-builder-el-0  el_before_av_one_full  avia-builder-el-first  \" style='border-radius:0px; '><div  class='avia-image-container  av-styling-    avia-builder-el-1  avia-builder-el-no-sibling  avia-align-center '  itemprop=\"image\" itemscope=\"itemscope\" itemtype=\"https:\/\/schema.org\/ImageObject\"  ><div class='avia-image-container-inner'><div class='avia-image-overlay-wrap'><img decoding=\"async\" class='wp-image-22158 avia-img-lazy-loading-not-22158 avia_image' src=\"https:\/\/radiorevelacionfm.cl\/wp-content\/uploads\/2022\/09\/1664057785817-1.jpg\" alt='' title='1664057785817 (1)' height=\"600\" width=\"1080\"  itemprop=\"thumbnailUrl\" srcset=\"https:\/\/radiorevelacionfm.cl\/wp-content\/uploads\/2022\/09\/1664057785817-1.jpg 1080w, https:\/\/radiorevelacionfm.cl\/wp-content\/uploads\/2022\/09\/1664057785817-1-300x167.jpg 300w, https:\/\/radiorevelacionfm.cl\/wp-content\/uploads\/2022\/09\/1664057785817-1-1030x572.jpg 1030w, https:\/\/radiorevelacionfm.cl\/wp-content\/uploads\/2022\/09\/1664057785817-1-768x427.jpg 768w, https:\/\/radiorevelacionfm.cl\/wp-content\/uploads\/2022\/09\/1664057785817-1-705x392.jpg 705w, https:\/\/radiorevelacionfm.cl\/wp-content\/uploads\/2022\/09\/1664057785817-1-600x333.jpg 600w\" sizes=\"(max-width: 1080px) 100vw, 1080px\" \/><\/div><\/div><\/div><\/div>\n<div class=\"flex_column av_one_full  flex_column_div av-zero-column-padding first  avia-builder-el-2  el_after_av_one_full  el_before_av_one_full  column-top-margin\" style='border-radius:0px; '><section class=\"av_textblock_section \"  itemscope=\"itemscope\" itemtype=\"https:\/\/schema.org\/BlogPosting\" itemprop=\"blogPost\" ><div class='avia_textblock  '   itemprop=\"text\" ><p style=\"text-align: center;\"><strong><span style=\"font-size: 18pt;\">Internacionalmente son reconocidos dos docentes de establecimientos municipales de Puerto Ays\u00e9n<\/span><\/strong><\/p>\n<div id=\"gtx-trans\" style=\"position: absolute; left: -50px; top: 4.31534px;\">\n<div class=\"gtx-trans-icon\"><\/div>\n<\/div>\n<\/div><\/section><\/div><div class=\"flex_column av_one_full  flex_column_div av-zero-column-padding first  avia-builder-el-4  el_after_av_one_full  el_before_av_hr  column-top-margin\" style='border-radius:0px; '><section class=\"av_textblock_section \"  itemscope=\"itemscope\" itemtype=\"https:\/\/schema.org\/BlogPosting\" itemprop=\"blogPost\" ><div class='avia_textblock  '   itemprop=\"text\" ><p style=\"text-align: justify;\">Un importante aliciente a la labor de profesor signific\u00f3 para la comunidad educativa aysenina enterarse de los reconocimientos hacia dos profesionales de la educaci\u00f3n, pertenecientes a la red de establecimientos municipalizados.<\/p>\n<p style=\"text-align: justify;\">Se trata de la profesora de la escuela Ays\u00e9n, Patricia Araya -tambi\u00e9n fundadora y directora de la Unidad de Orquestas Escolares en la comuna aysenina-, quien hoy junto a otros cinco profesores del pa\u00eds es semifinalista de la Categor\u00eda M\u00fasica del Global Teacher Prize Chile 2022.<\/p>\n<p style=\"text-align: justify;\">El denominado \u201cNobel de la Docencia\u201d, que en primera instancia congreg\u00f3 a cerca de 250 profesores en el pa\u00eds, y que tras un extenso trabajo ha permitido dar con quienes se encuentran pr\u00f3ximos a la etapa final, es impulsado en Chile por la organizaci\u00f3n EligeEducar, con el objetivo de valorizar el trabajo y entrega de los maestros en territorio nacional.<\/p>\n<p style=\"text-align: justify;\">\u201cLa verdad es que es tremendamente emocionante, s\u00faper inesperado tambi\u00e9n, fue una nominaci\u00f3n que vino desde Santiago y es un premio muy importante as\u00ed que muy, muy feliz porque no s\u00f3lo enaltece la labor docente de m\u00fasica que hacemos en esta escuela, sino todo el equipo que hay detr\u00e1s. Aqu\u00ed hay un equipo docente muy fuerte, que ha potenciado mucho el \u00e1rea musical, que ha entendido lo importante que es para educaci\u00f3n integral poder cultivar los talentos de nuestros ni\u00f1os, as\u00ed que esta nominaci\u00f3n viene tambi\u00e9n en el camino que hemos construido juntos con la escuela Ays\u00e9n, y tambi\u00e9n con toda la comuna\u201d, manifest\u00f3 emocionada Patricia Araya agregando que \u201cdesde aqu\u00ed nace una semillita que se fue entregando a distintas escuelas donde ahora tambi\u00e9n tienen orquestas escolares, conjuntos de m\u00fasica, y hemos creado la unidad de orquestas escolares a nivel comunal, entonces este sue\u00f1o que comenz\u00f3 en la escuela Ays\u00e9n no s\u00f3lo es un sue\u00f1o de aqu\u00ed, sino que ahora es un sue\u00f1o de toda la comuna\u201d.<\/p>\n<p style=\"text-align: justify;\">Respecto al proceso, durante octubre ser\u00e1n anunciados los finalistas, para en el mes de noviembre conocer finalmente qui\u00e9n se convertir\u00e1 en el profesor destacado en el \u00e1rea musical, que representar\u00e1 esta categor\u00eda en el certamen internacional, perteneciente a la fundaci\u00f3n Varkey.<\/p>\n<p style=\"text-align: justify;\"><strong>TECNOLOG\u00cdA E INNOVACI\u00d3N<\/strong><\/p>\n<p style=\"text-align: justify;\">No s\u00f3lo el arte y la m\u00fasica han sido nominados. Porque recientemente fueron publicados los resultados del programa MIE Expert 2022-2023, de Microsoft. Instancia que busca en todo el orbe a aquellos profesores visionarios que emplean la tecnolog\u00eda con el fin de mejorar el proceso de ense\u00f1anza-aprendizaje, permitiendo la innovaci\u00f3n en la educaci\u00f3n.<\/p>\n<p style=\"text-align: justify;\">Es as\u00ed que Marcel Barrientos, docente de la escuela Litoral Austral, en Puerto Ays\u00e9n, desde el a\u00f1o 2015 ha logrado esta acreditaci\u00f3n por parte de la empresa tecnol\u00f3gica multinacional, siendo nuevamente elegido para el periodo 2022-2023, lo que le permitir\u00e1 continuar compartiendo experiencias pedag\u00f3gicas con sus pares de todo el mundo, las que podr\u00e1n ser dispuestas para los estudiantes de toda su comunidad educativa.<\/p>\n<p style=\"text-align: justify;\">Asimismo, este reconocimiento conllevar\u00e1 importantes beneficios para Barrientos Opazo -que result\u00f3 ser el \u00fanico seleccionado de la regi\u00f3n-, como es el acceso a distintas certificaciones, asegurar su participaci\u00f3n en webinars, entre muchas otras, todo encaminado hacia mejorar las capacidades del docente.<\/p>\n<p style=\"text-align: justify;\">\u201cEstamos muy contentos, es un triunfo para la escuela, para los ni\u00f1os ya que el intercambio de experiencias que hay entre profesores, eso hace que las actividades que hagamos dentro de la escuela sean ricas, sean diferentes y les brinden nuevos horizontes a los ni\u00f1os. Ese es el punto fuerte de esto\u201d, indic\u00f3 el profesor de educaci\u00f3n general b\u00e1sica.<\/p>\n<p style=\"text-align: justify;\">Respecto a las aristas de tecnolog\u00eda e innovaci\u00f3n impartidas en la escuela Litoral Austral, el profesional se\u00f1al\u00f3 que \u201ces un nuevo sello que tenemos como establecimiento y que hemos estado fortaleciendo bastante durante los \u00faltimos a\u00f1os, gracias a los reconocimientos, a los logros, la participaci\u00f3n que hemos tenido en actividades a nivel nacional, y algunas de car\u00e1cter internacional. Los chicos se sienten motivados al saber que tenemos actividades que relucen, que son destacadas\u201d.<\/p>\n<p style=\"text-align: justify;\">\u201cLos otros establecimientos en que fueron reconocidos profesores como MIE Expert, seguramente son establecimientos particulares y particulares subvencionados. Por tanto, que nosotros estemos all\u00ed como escuela municipalizada, como educaci\u00f3n p\u00fablica, muestra a todas luces que s\u00ed se puede, y ese es uno de los fundamentos de las actividades que hacemos dentro de las salas de clases, dici\u00e9ndoles a los ni\u00f1os que estamos todos en igualdad de capacidades y oportunidades frente a otros\u201d, finaliz\u00f3.<\/p>\n<\/div><\/section><\/div><\/p>\n<div  style='height:50px' class='hr hr-invisible   avia-builder-el-6  el_after_av_one_full  el_before_av_social_share '><span class='hr-inner ' ><span class='hr-inner-style'><\/span><\/span><\/div>\n<div  class='av-social-sharing-box  avia-builder-el-7  el_after_av_hr  el_before_av_hr  '><div class='av-share-box'><h5 class='av-share-link-description av-no-toc '>Compartir esta noticia<\/h5><ul class='av-share-box-list noLightbox'><li class='av-share-link av-social-link-facebook' ><a target=\"_blank\" aria-label=\"Compartir en Facebook\" href='https:\/\/www.facebook.com\/sharer.php?u=https:\/\/radiorevelacionfm.cl\/?p=22157&#038;t=Internacionalmente%20son%20reconocidos%20dos%20docentes%20de%20establecimientos%20municipales%20de%20Puerto%20Ays%C3%A9n' aria-hidden='false' data-av_icon='\ue8f3' data-av_iconfont='entypo-fontello' title='' data-avia-related-tooltip='Compartir en Facebook' rel=\"noopener\"><span class='avia_hidden_link_text'>Compartir en Facebook<\/span><\/a><\/li><li class='av-share-link av-social-link-twitter' ><a target=\"_blank\" aria-label=\"Compartir en Twitter\" href='https:\/\/twitter.com\/share?text=Internacionalmente%20son%20reconocidos%20dos%20docentes%20de%20establecimientos%20municipales%20de%20Puerto%20Ays%C3%A9n&#038;url=https:\/\/radiorevelacionfm.cl\/?p=22157' aria-hidden='false' data-av_icon='\ue8f1' data-av_iconfont='entypo-fontello' title='' data-avia-related-tooltip='Compartir en Twitter' rel=\"noopener\"><span class='avia_hidden_link_text'>Compartir en Twitter<\/span><\/a><\/li><li class='av-share-link av-social-link-whatsapp' ><a target=\"_blank\" aria-label=\"Compartir en Whatsapp\" href='https:\/\/api.whatsapp.com\/send?text=https:\/\/radiorevelacionfm.cl\/?p=22157' aria-hidden='false' data-av_icon='\uf232' data-av_iconfont='entypo-fontello' title='' data-avia-related-tooltip='Compartir en Whatsapp' rel=\"noopener\"><span class='avia_hidden_link_text'>Compartir en Whatsapp<\/span><\/a><\/li><li class='av-share-link av-social-link-linkedin' ><a target=\"_blank\" aria-label=\"Compartir en LinkedIn\" href='https:\/\/linkedin.com\/shareArticle?mini=true&#038;title=Internacionalmente%20son%20reconocidos%20dos%20docentes%20de%20establecimientos%20municipales%20de%20Puerto%20Ays%C3%A9n&#038;url=https:\/\/radiorevelacionfm.cl\/?p=22157' aria-hidden='false' data-av_icon='\ue8fc' data-av_iconfont='entypo-fontello' title='' data-avia-related-tooltip='Compartir en LinkedIn' rel=\"noopener\"><span class='avia_hidden_link_text'>Compartir en LinkedIn<\/span><\/a><\/li><li class='av-share-link av-social-link-mail' ><a  aria-label=\"Compartir por correo\" href='mailto:?subject=Internacionalmente%20son%20reconocidos%20dos%20docentes%20de%20establecimientos%20municipales%20de%20Puerto%20Ays%C3%A9n&#038;body=https:\/\/radiorevelacionfm.cl\/?p=22157' aria-hidden='false' data-av_icon='\ue805' data-av_iconfont='entypo-fontello' title='' data-avia-related-tooltip='Compartir por correo'><span class='avia_hidden_link_text'>Compartir por correo<\/span><\/a><\/li><\/ul><\/div><\/div>\n<div  style='height:50px' class='hr hr-invisible   avia-builder-el-8  el_after_av_social_share  el_before_av_comments_list '><span class='hr-inner ' ><span class='hr-inner-style'><\/span><\/span><\/div>\n<div  class='av-buildercomment  av-blog-meta-html-info-disabled av-blog-meta-tag-disabled  '><\/div>\n","protected":false},"excerpt":{"rendered":"","protected":false},"author":1,"featured_media":22158,"comment_status":"open","ping_status":"open","sticky":false,"template":"","format":"standard","meta":{"footnotes":""},"categories":[49],"tags":[],"class_list":["post-22157","post","type-post","status-publish","format-standard","has-post-thumbnail","hentry","category-educacion"],"jetpack_featured_media_url":"https:\/\/radiorevelacionfm.cl\/wp-content\/uploads\/2022\/09\/1664057785817-1.jpg","_links":{"self":[{"href":"https:\/\/radiorevelacionfm.cl\/index.php?rest_route=\/wp\/v2\/posts\/22157","targetHints":{"allow":["GET"]}}],"collection":[{"href":"https:\/\/radiorevelacionfm.cl\/index.php?rest_route=\/wp\/v2\/posts"}],"about":[{"href":"https:\/\/radiorevelacionfm.cl\/index.php?rest_route=\/wp\/v2\/types\/post"}],"author":[{"embeddable":true,"href":"https:\/\/radiorevelacionfm.cl\/index.php?rest_route=\/wp\/v2\/users\/1"}],"replies":[{"embeddable":true,"href":"https:\/\/radiorevelacionfm.cl\/index.php?rest_route=%2Fwp%2Fv2%2Fcomments&post=22157"}],"version-history":[{"count":3,"href":"https:\/\/radiorevelacionfm.cl\/index.php?rest_route=\/wp\/v2\/posts\/22157\/revisions"}],"predecessor-version":[{"id":22160,"href":"https:\/\/radiorevelacionfm.cl\/index.php?rest_route=\/wp\/v2\/posts\/22157\/revisions\/22160"}],"wp:featuredmedia":[{"embeddable":true,"href":"https:\/\/radiorevelacionfm.cl\/index.php?rest_route=\/wp\/v2\/media\/22158"}],"wp:attachment":[{"href":"https:\/\/radiorevelacionfm.cl\/index.php?rest_route=%2Fwp%2Fv2%2Fmedia&parent=22157"}],"wp:term":[{"taxonomy":"category","embeddable":true,"href":"https:\/\/radiorevelacionfm.cl\/index.php?rest_route=%2Fwp%2Fv2%2Fcategories&post=22157"},{"taxonomy":"post_tag","embeddable":true,"href":"https:\/\/radiorevelacionfm.cl\/index.php?rest_route=%2Fwp%2Fv2%2Ftags&post=22157"}],"curies":[{"name":"wp","href":"https:\/\/api.w.org\/{rel}","templated":true}]}}