{"id":22147,"date":"2022-09-24T12:58:32","date_gmt":"2022-09-24T15:58:32","guid":{"rendered":"https:\/\/radiorevelacionfm.cl\/?p=22147"},"modified":"2022-09-24T13:07:15","modified_gmt":"2022-09-24T16:07:15","slug":"seis-emprendedores-as-representan-a-la-region-de-aysen-en-expo-mundo-rural-en-santiago","status":"publish","type":"post","link":"https:\/\/radiorevelacionfm.cl\/?p=22147","title":{"rendered":"Seis emprendedores representan a la regi\u00f3n de Ays\u00e9n en Expo Mundo Rural en Santiago"},"content":{"rendered":"<div class=\"flex_column av_one_full  flex_column_div av-zero-column-padding first  avia-builder-el-0  el_before_av_one_full  avia-builder-el-first  \" style='border-radius:0px; '><div  class='avia-image-container  av-styling-    avia-builder-el-1  avia-builder-el-no-sibling  avia-align-center '  itemprop=\"image\" itemscope=\"itemscope\" itemtype=\"https:\/\/schema.org\/ImageObject\"  ><div class='avia-image-container-inner'><div class='avia-image-overlay-wrap'><img decoding=\"async\" class='wp-image-22148 avia-img-lazy-loading-not-22148 avia_image' src=\"https:\/\/radiorevelacionfm.cl\/wp-content\/uploads\/2022\/09\/expo-rural-20221-1_optimized.jpg\" alt='' title='expo-rural-2022(1)-(1)_optimized' height=\"600\" width=\"853\"  itemprop=\"thumbnailUrl\" srcset=\"https:\/\/radiorevelacionfm.cl\/wp-content\/uploads\/2022\/09\/expo-rural-20221-1_optimized.jpg 853w, https:\/\/radiorevelacionfm.cl\/wp-content\/uploads\/2022\/09\/expo-rural-20221-1_optimized-300x211.jpg 300w, https:\/\/radiorevelacionfm.cl\/wp-content\/uploads\/2022\/09\/expo-rural-20221-1_optimized-768x540.jpg 768w, https:\/\/radiorevelacionfm.cl\/wp-content\/uploads\/2022\/09\/expo-rural-20221-1_optimized-705x496.jpg 705w, https:\/\/radiorevelacionfm.cl\/wp-content\/uploads\/2022\/09\/expo-rural-20221-1_optimized-600x422.jpg 600w\" sizes=\"(max-width: 853px) 100vw, 853px\" \/><\/div><\/div><\/div><\/div>\n<div class=\"flex_column av_one_full  flex_column_div av-zero-column-padding first  avia-builder-el-2  el_after_av_one_full  el_before_av_one_full  column-top-margin\" style='border-radius:0px; '><section class=\"av_textblock_section \"  itemscope=\"itemscope\" itemtype=\"https:\/\/schema.org\/BlogPosting\" itemprop=\"blogPost\" ><div class='avia_textblock  '   itemprop=\"text\" ><p style=\"text-align: center;\"><strong><span style=\"font-size: 18pt;\">Seis emprendedores representan a la regi\u00f3n de Ays\u00e9n en Expo Mundo Rural en Santiago<\/span><\/strong><\/p>\n<div id=\"gtx-trans\" style=\"position: absolute; left: -50px; top: 4.31534px;\">\n<div class=\"gtx-trans-icon\"><\/div>\n<\/div>\n<\/div><\/section><\/div>\n<div class=\"flex_column av_one_full  flex_column_div av-zero-column-padding first  avia-builder-el-4  el_after_av_one_full  el_before_av_hr  column-top-margin\" style='border-radius:0px; '><section class=\"av_textblock_section \"  itemscope=\"itemscope\" itemtype=\"https:\/\/schema.org\/BlogPosting\" itemprop=\"blogPost\" ><div class='avia_textblock  '   itemprop=\"text\" ><p style=\"text-align: justify;\">Luego de cuatro a\u00f1os de receso, la Expo Mundo Rural 2022, organizada por el Instituto de Desarrollo Agropecuario, INDAP,\u00a0ofrece un panorama familiar con 125 expositores, shows art\u00edsticos, cocina en vivo, carros de comidas, charlas y talleres de compostaje y huerta urbana, entre otras actividades.<\/p>\n<p style=\"text-align: justify;\">El \u201cvamos\u201d a la principal feria campesina del pa\u00eds, que se realiza con el lema \u201cDel Campo a la Mesa\u201d, cont\u00f3 con la presencia de las ministras vocera de gobierno, Camila Vallejo, y de las Culturas, Julieta Brodsky; el ministro (S) de Agricultura, Jos\u00e9 Guajardo; y el director nacional de Indap, Santiago Rojas, entre otras autoridades.<\/p>\n<p style=\"text-align: justify;\">La Expo Mundo Rural, se est\u00e1 desarrollando en el Centro Cultural Estaci\u00f3n Mapocho en Santiago durante todo este fin de semana, y re\u00fane a productores y productoras de todo el pa\u00eds, con la finalidad de poner en valor el trabajo del mundo rural.<\/p>\n<p style=\"text-align: justify;\">En total son seis los productores\/as de la regi\u00f3n de Ays\u00e9n que participan de la Expo Mundo Rural, entre los que se encuentran:<\/p>\n<ul>\n<li style=\"text-align: justify;\">Carolina Jara con sus productos de Jugos Naturales \u201cSurYuis\u201d.<\/li>\n<li style=\"text-align: justify;\">Margarita Rojas Fern\u00e1ndez de \u201cJugos Minhji\u201d.<\/li>\n<li style=\"text-align: justify;\">Mauricio Manr\u00edquez con todo el sabor de \u201cPatagonia Super Fruits\u201d<\/li>\n<li style=\"text-align: justify;\">El Comit\u00e9 Productivo \u201cPatagonia Intensa\u201d integrado por 16 recolectores de productos forestales no madereros de Cochrane.<\/li>\n<li style=\"text-align: justify;\">Patagonia Bees Ays\u00e9n de Roc\u00edo Ortega, con sus mieles de calafate y cremada con aceite esencial de tepa.<\/li>\n<li style=\"text-align: justify;\">Y Cecilia Levi\u00f1anco de la comuna de Las Guaitecas, quien lleg\u00f3 de la mano de su producci\u00f3n de aceites esenciales.<\/li>\n<\/ul>\n<p style=\"text-align: justify;\">Desde el Ministerio de Agricultura e INDAP Ays\u00e9n, manifestaron el orgullo de tener tan excelentes representantes de la regi\u00f3n en este hermoso encuentro de productores del pa\u00eds, que pone en valor el trabajo del campo. Sabores que llevan lo mejor de nuestra regi\u00f3n, nuestra historia y el esfuerzo de muchos otros productores que d\u00eda a d\u00eda trabajan por el desarrollo de la econom\u00eda familiar campesina de Ays\u00e9n.<\/p>\n<p style=\"text-align: justify;\">Sabores rurales, esfuerzo campesino, lo mejor de Ays\u00e9n, presentes en el encuentro m\u00e1s importante del mundo rural de Chile, que culmina este domingo 25 de septiembre.<\/p>\n<div dir=\"auto\"><\/div>\n<div dir=\"auto\"><\/div>\n<\/div><\/section><\/div><div  style='height:50px' class='hr hr-invisible   avia-builder-el-6  el_after_av_one_full  el_before_av_social_share '><span class='hr-inner ' ><span class='hr-inner-style'><\/span><\/span><\/div><\/p>\n<div  class='av-social-sharing-box  avia-builder-el-7  el_after_av_hr  el_before_av_hr  '><div class='av-share-box'><h5 class='av-share-link-description av-no-toc '>Compartir esta noticia<\/h5><ul class='av-share-box-list noLightbox'><li class='av-share-link av-social-link-facebook' ><a target=\"_blank\" aria-label=\"Compartir en Facebook\" href='https:\/\/www.facebook.com\/sharer.php?u=https:\/\/radiorevelacionfm.cl\/?p=22147&#038;t=Seis%20emprendedores%20representan%20a%20la%20regi%C3%B3n%20de%20Ays%C3%A9n%20en%20Expo%20Mundo%20Rural%20en%20Santiago' aria-hidden='false' data-av_icon='\ue8f3' data-av_iconfont='entypo-fontello' title='' data-avia-related-tooltip='Compartir en Facebook' rel=\"noopener\"><span class='avia_hidden_link_text'>Compartir en Facebook<\/span><\/a><\/li><li class='av-share-link av-social-link-twitter' ><a target=\"_blank\" aria-label=\"Compartir en Twitter\" href='https:\/\/twitter.com\/share?text=Seis%20emprendedores%20representan%20a%20la%20regi%C3%B3n%20de%20Ays%C3%A9n%20en%20Expo%20Mundo%20Rural%20en%20Santiago&#038;url=https:\/\/radiorevelacionfm.cl\/?p=22147' aria-hidden='false' data-av_icon='\ue8f1' data-av_iconfont='entypo-fontello' title='' data-avia-related-tooltip='Compartir en Twitter' rel=\"noopener\"><span class='avia_hidden_link_text'>Compartir en Twitter<\/span><\/a><\/li><li class='av-share-link av-social-link-whatsapp' ><a target=\"_blank\" aria-label=\"Compartir en Whatsapp\" href='https:\/\/api.whatsapp.com\/send?text=https:\/\/radiorevelacionfm.cl\/?p=22147' aria-hidden='false' data-av_icon='\uf232' data-av_iconfont='entypo-fontello' title='' data-avia-related-tooltip='Compartir en Whatsapp' rel=\"noopener\"><span class='avia_hidden_link_text'>Compartir en Whatsapp<\/span><\/a><\/li><li class='av-share-link av-social-link-linkedin' ><a target=\"_blank\" aria-label=\"Compartir en LinkedIn\" href='https:\/\/linkedin.com\/shareArticle?mini=true&#038;title=Seis%20emprendedores%20representan%20a%20la%20regi%C3%B3n%20de%20Ays%C3%A9n%20en%20Expo%20Mundo%20Rural%20en%20Santiago&#038;url=https:\/\/radiorevelacionfm.cl\/?p=22147' aria-hidden='false' data-av_icon='\ue8fc' data-av_iconfont='entypo-fontello' title='' data-avia-related-tooltip='Compartir en LinkedIn' rel=\"noopener\"><span class='avia_hidden_link_text'>Compartir en LinkedIn<\/span><\/a><\/li><li class='av-share-link av-social-link-mail' ><a  aria-label=\"Compartir por correo\" href='mailto:?subject=Seis%20emprendedores%20representan%20a%20la%20regi%C3%B3n%20de%20Ays%C3%A9n%20en%20Expo%20Mundo%20Rural%20en%20Santiago&#038;body=https:\/\/radiorevelacionfm.cl\/?p=22147' aria-hidden='false' data-av_icon='\ue805' data-av_iconfont='entypo-fontello' title='' data-avia-related-tooltip='Compartir por correo'><span class='avia_hidden_link_text'>Compartir por correo<\/span><\/a><\/li><\/ul><\/div><\/div>\n<div  style='height:50px' class='hr hr-invisible   avia-builder-el-8  el_after_av_social_share  el_before_av_comments_list '><span class='hr-inner ' ><span class='hr-inner-style'><\/span><\/span><\/div>\n<div  class='av-buildercomment  av-blog-meta-html-info-disabled av-blog-meta-tag-disabled  '><\/div>\n","protected":false},"excerpt":{"rendered":"","protected":false},"author":1,"featured_media":22148,"comment_status":"open","ping_status":"open","sticky":false,"template":"","format":"standard","meta":{"footnotes":""},"categories":[58],"tags":[],"class_list":["post-22147","post","type-post","status-publish","format-standard","has-post-thumbnail","hentry","category-agricultura"],"jetpack_featured_media_url":"https:\/\/radiorevelacionfm.cl\/wp-content\/uploads\/2022\/09\/expo-rural-20221-1_optimized.jpg","_links":{"self":[{"href":"https:\/\/radiorevelacionfm.cl\/index.php?rest_route=\/wp\/v2\/posts\/22147","targetHints":{"allow":["GET"]}}],"collection":[{"href":"https:\/\/radiorevelacionfm.cl\/index.php?rest_route=\/wp\/v2\/posts"}],"about":[{"href":"https:\/\/radiorevelacionfm.cl\/index.php?rest_route=\/wp\/v2\/types\/post"}],"author":[{"embeddable":true,"href":"https:\/\/radiorevelacionfm.cl\/index.php?rest_route=\/wp\/v2\/users\/1"}],"replies":[{"embeddable":true,"href":"https:\/\/radiorevelacionfm.cl\/index.php?rest_route=%2Fwp%2Fv2%2Fcomments&post=22147"}],"version-history":[{"count":4,"href":"https:\/\/radiorevelacionfm.cl\/index.php?rest_route=\/wp\/v2\/posts\/22147\/revisions"}],"predecessor-version":[{"id":22150,"href":"https:\/\/radiorevelacionfm.cl\/index.php?rest_route=\/wp\/v2\/posts\/22147\/revisions\/22150"}],"wp:featuredmedia":[{"embeddable":true,"href":"https:\/\/radiorevelacionfm.cl\/index.php?rest_route=\/wp\/v2\/media\/22148"}],"wp:attachment":[{"href":"https:\/\/radiorevelacionfm.cl\/index.php?rest_route=%2Fwp%2Fv2%2Fmedia&parent=22147"}],"wp:term":[{"taxonomy":"category","embeddable":true,"href":"https:\/\/radiorevelacionfm.cl\/index.php?rest_route=%2Fwp%2Fv2%2Fcategories&post=22147"},{"taxonomy":"post_tag","embeddable":true,"href":"https:\/\/radiorevelacionfm.cl\/index.php?rest_route=%2Fwp%2Fv2%2Ftags&post=22147"}],"curies":[{"name":"wp","href":"https:\/\/api.w.org\/{rel}","templated":true}]}}