{"id":22141,"date":"2022-09-23T18:36:43","date_gmt":"2022-09-23T21:36:43","guid":{"rendered":"https:\/\/radiorevelacionfm.cl\/?p=22141"},"modified":"2022-09-23T18:38:48","modified_gmt":"2022-09-23T21:38:48","slug":"carabineros-detuvo-por-diversos-hechos-a-cinco-personas-en-coyhaique-aysen-y-chile-chico","status":"publish","type":"post","link":"https:\/\/radiorevelacionfm.cl\/?p=22141","title":{"rendered":"Carabineros detuvo por diversos hechos a cinco personas en Coyhaique, Ays\u00e9n y Chile Chico"},"content":{"rendered":"<div class=\"flex_column av_one_full  flex_column_div av-zero-column-padding first  avia-builder-el-0  el_before_av_one_full  avia-builder-el-first  \" style='border-radius:0px; '><div  class='avia-image-container  av-styling-    avia-builder-el-1  avia-builder-el-no-sibling  avia-align-center '  itemprop=\"image\" itemscope=\"itemscope\" itemtype=\"https:\/\/schema.org\/ImageObject\"  ><div class='avia-image-container-inner'><div class='avia-image-overlay-wrap'><img decoding=\"async\" class='wp-image-22142 avia-img-lazy-loading-not-22142 avia_image' src=\"https:\/\/radiorevelacionfm.cl\/wp-content\/uploads\/2022\/09\/21d93a53-8654-480e-a4ce-f6499f5e63d6-1-1-1.jpg\" alt='' title='21d93a53-8654-480e-a4ce-f6499f5e63d6 (1) (1) (1)' height=\"600\" width=\"1067\"  itemprop=\"thumbnailUrl\" srcset=\"https:\/\/radiorevelacionfm.cl\/wp-content\/uploads\/2022\/09\/21d93a53-8654-480e-a4ce-f6499f5e63d6-1-1-1.jpg 1067w, https:\/\/radiorevelacionfm.cl\/wp-content\/uploads\/2022\/09\/21d93a53-8654-480e-a4ce-f6499f5e63d6-1-1-1-300x169.jpg 300w, https:\/\/radiorevelacionfm.cl\/wp-content\/uploads\/2022\/09\/21d93a53-8654-480e-a4ce-f6499f5e63d6-1-1-1-1030x579.jpg 1030w, https:\/\/radiorevelacionfm.cl\/wp-content\/uploads\/2022\/09\/21d93a53-8654-480e-a4ce-f6499f5e63d6-1-1-1-768x432.jpg 768w, https:\/\/radiorevelacionfm.cl\/wp-content\/uploads\/2022\/09\/21d93a53-8654-480e-a4ce-f6499f5e63d6-1-1-1-705x396.jpg 705w, https:\/\/radiorevelacionfm.cl\/wp-content\/uploads\/2022\/09\/21d93a53-8654-480e-a4ce-f6499f5e63d6-1-1-1-600x337.jpg 600w\" sizes=\"(max-width: 1067px) 100vw, 1067px\" \/><\/div><\/div><\/div><\/div>\n<div class=\"flex_column av_one_full  flex_column_div av-zero-column-padding first  avia-builder-el-2  el_after_av_one_full  el_before_av_one_full  column-top-margin\" style='border-radius:0px; '><section class=\"av_textblock_section \"  itemscope=\"itemscope\" itemtype=\"https:\/\/schema.org\/BlogPosting\" itemprop=\"blogPost\" ><div class='avia_textblock  '   itemprop=\"text\" ><p style=\"text-align: center;\"><strong><span style=\"font-size: 18pt;\">Carabineros detuvo por diversos hechos a cinco personas en Coyhaique, Ays\u00e9n y Chile Chico <\/span><\/strong><\/p>\n<div id=\"gtx-trans\" style=\"position: absolute; left: -50px; top: 4.31534px;\">\n<div class=\"gtx-trans-icon\"><\/div>\n<\/div>\n<\/div><\/section><\/div>\n<div class=\"flex_column av_one_full  flex_column_div av-zero-column-padding first  avia-builder-el-4  el_after_av_one_full  el_before_av_hr  column-top-margin\" style='border-radius:0px; '><section class=\"av_textblock_section \"  itemscope=\"itemscope\" itemtype=\"https:\/\/schema.org\/BlogPosting\" itemprop=\"blogPost\" ><div class='avia_textblock  '   itemprop=\"text\" ><p class=\"v1MsoNormal\" style=\"text-align: justify;\">Carabineros detuvo en las \u00faltimas horas en la regi\u00f3n de Ays\u00e9n, a cinco personas por diversos hechos entre los que destacan una orden pendiente, porte de arma blanca, amenazas y lesiones en el contexto de violencia intrafamiliar.<\/p>\n<p class=\"v1MsoNormal\" style=\"text-align: justify;\">En un primer hecho, Carabineros de la 1ra. Comisar\u00eda de Coyhaique logr\u00f3 -en la intersecci\u00f3n de las calles Simpson con Magallanes- la detenci\u00f3n de un sujeto de 41 a\u00f1os de edad, tras advertir que este presentaba una orden de aprehensi\u00f3n vigente por el delito de robo en bienes nacionales de uso p\u00fablico, hechos que fue informado a la Fiscal\u00eda, siendo derivado a la audiencia de control de detenci\u00f3n por este hecho.<\/p>\n<p class=\"v1MsoNormal\" style=\"text-align: justify;\">Asimismo, personal de esta Unidad policial, mientras efectuaba un control policial, un joven de 18 a\u00f1os intent\u00f3 evadir dicho control, siendo detenido por Carabineros en la intersecci\u00f3n de las calles Simpson con Los Pilcheros, tras ser sorprendido portando un arma blanca, tras lo cual fue derivado a la audiencia de control de detenci\u00f3n.<\/p>\n<p class=\"v1MsoNormal\" style=\"text-align: justify;\">En otro hecho, Carabineros de la 2da. Comisar\u00eda de Puerto Ays\u00e9n detuvo a dos personas de 35 y 62 a\u00f1os de edad luego que ambos \u2013por motivos que se investigan- se habr\u00edan amenazado mutuamente, situaci\u00f3n que fue informada a la Fiscal\u00eda, siendo dejados en libertad, permaneciendo a la espera de citaci\u00f3n.<\/p>\n<p class=\"v1MsoNormal\" style=\"text-align: justify;\">Por otra parte, personal de la 3ra. Comisar\u00eda de Chile Chico (F) detuvo a una persona de 27 a\u00f1os de edad por lesiones leves en el contexto de violencia intrafamiliar, luego que la v\u00edctima inform\u00f3 a Carabineros haber sido agredida con golpes de pie y pu\u00f1o \u2013sin motivo- por parte de un familiar, resultando con lesiones de car\u00e1cter leve.<\/p>\n<p class=\"v1MsoNormal\" style=\"text-align: justify;\">Tras su detenci\u00f3n e informada la situaci\u00f3n al Ministerio P\u00fablico, dicha persona permanece en espera de citaci\u00f3n por parte del organismo persecutor que dirige investigaci\u00f3n por este hecho.<\/p>\n<p class=\"v1MsoNormal\" style=\"text-align: justify;\">Carabineros a trav\u00e9s del plan cuadrante de seguridad preventiva desarrolla m\u00faltiples patrullajes, incrementando la presencia a trav\u00e9s de servicios focalizados, permitiendo brindar mayor seguridad a nuestros vecinos.<\/p>\n<p class=\"v1MsoNormal\" style=\"text-align: justify;\">La Instituci\u00f3n reiter\u00f3 el llamado a la comunidad a denunciar de manera oportuna al fono 133 o bien a los n\u00fameros de cada cuadrante.<\/p>\n<p class=\"v1MsoNormal\"><b><u>Coyhaique<\/u><\/b><\/p>\n<p class=\"v1MsoNormal\"><b><i>Cuadrante N\u00b01:\u00a0\u00a0\u00a0\u00a0\u00a0<\/i><\/b><b>9 6228 7214<\/b><b><i><\/i><\/b><\/p>\n<p class=\"v1MsoNormal\"><b><i>Cuadrante N\u00b02:<\/i><\/b>\u00a0\u00a0\u00a0\u00a0\u00a0<b>9 6228 7185<\/b><\/p>\n<p class=\"v1MsoNormal\"><b><i>Cuadrante N\u00b03:<\/i><\/b>\u00a0\u00a0\u00a0\u00a0\u00a0<b>9 6228 7193<\/b><\/p>\n<p class=\"v1MsoNormal\"><b><u>Puerto Ays\u00e9n<\/u><\/b><\/p>\n<p class=\"v1MsoNormal\"><b><i>Cuadrante N\u00b01:<\/i><\/b>\u00a0\u00a0\u00a0\u00a0\u00a0<b>9 8158 8932<\/b><\/p>\n<p class=\"v1MsoNormal\"><b><i>Cuadrante N\u00b02:<\/i><\/b>\u00a0\u00a0\u00a0\u00a0\u00a0<b>9 8158 9282<\/b><\/p>\n<\/div><\/section><\/div><div  style='height:50px' class='hr hr-invisible   avia-builder-el-6  el_after_av_one_full  el_before_av_social_share '><span class='hr-inner ' ><span class='hr-inner-style'><\/span><\/span><\/div><\/p>\n<div  class='av-social-sharing-box  avia-builder-el-7  el_after_av_hr  el_before_av_hr  '><div class='av-share-box'><h5 class='av-share-link-description av-no-toc '>Compartir esta noticia<\/h5><ul class='av-share-box-list noLightbox'><li class='av-share-link av-social-link-facebook' ><a target=\"_blank\" aria-label=\"Compartir en Facebook\" href='https:\/\/www.facebook.com\/sharer.php?u=https:\/\/radiorevelacionfm.cl\/?p=22141&#038;t=Carabineros%20detuvo%20por%20diversos%20hechos%20a%20cinco%20personas%20en%20Coyhaique%2C%20Ays%C3%A9n%20y%20Chile%20Chico' aria-hidden='false' data-av_icon='\ue8f3' data-av_iconfont='entypo-fontello' title='' data-avia-related-tooltip='Compartir en Facebook' rel=\"noopener\"><span class='avia_hidden_link_text'>Compartir en Facebook<\/span><\/a><\/li><li class='av-share-link av-social-link-twitter' ><a target=\"_blank\" aria-label=\"Compartir en Twitter\" href='https:\/\/twitter.com\/share?text=Carabineros%20detuvo%20por%20diversos%20hechos%20a%20cinco%20personas%20en%20Coyhaique%2C%20Ays%C3%A9n%20y%20Chile%20Chico&#038;url=https:\/\/radiorevelacionfm.cl\/?p=22141' aria-hidden='false' data-av_icon='\ue8f1' data-av_iconfont='entypo-fontello' title='' data-avia-related-tooltip='Compartir en Twitter' rel=\"noopener\"><span class='avia_hidden_link_text'>Compartir en Twitter<\/span><\/a><\/li><li class='av-share-link av-social-link-whatsapp' ><a target=\"_blank\" aria-label=\"Compartir en Whatsapp\" href='https:\/\/api.whatsapp.com\/send?text=https:\/\/radiorevelacionfm.cl\/?p=22141' aria-hidden='false' data-av_icon='\uf232' data-av_iconfont='entypo-fontello' title='' data-avia-related-tooltip='Compartir en Whatsapp' rel=\"noopener\"><span class='avia_hidden_link_text'>Compartir en Whatsapp<\/span><\/a><\/li><li class='av-share-link av-social-link-linkedin' ><a target=\"_blank\" aria-label=\"Compartir en LinkedIn\" href='https:\/\/linkedin.com\/shareArticle?mini=true&#038;title=Carabineros%20detuvo%20por%20diversos%20hechos%20a%20cinco%20personas%20en%20Coyhaique%2C%20Ays%C3%A9n%20y%20Chile%20Chico&#038;url=https:\/\/radiorevelacionfm.cl\/?p=22141' aria-hidden='false' data-av_icon='\ue8fc' data-av_iconfont='entypo-fontello' title='' data-avia-related-tooltip='Compartir en LinkedIn' rel=\"noopener\"><span class='avia_hidden_link_text'>Compartir en LinkedIn<\/span><\/a><\/li><li class='av-share-link av-social-link-mail' ><a  aria-label=\"Compartir por correo\" href='mailto:?subject=Carabineros%20detuvo%20por%20diversos%20hechos%20a%20cinco%20personas%20en%20Coyhaique%2C%20Ays%C3%A9n%20y%20Chile%20Chico&#038;body=https:\/\/radiorevelacionfm.cl\/?p=22141' aria-hidden='false' data-av_icon='\ue805' data-av_iconfont='entypo-fontello' title='' data-avia-related-tooltip='Compartir por correo'><span class='avia_hidden_link_text'>Compartir por correo<\/span><\/a><\/li><\/ul><\/div><\/div>\n<div  style='height:50px' class='hr hr-invisible   avia-builder-el-8  el_after_av_social_share  el_before_av_comments_list '><span class='hr-inner ' ><span class='hr-inner-style'><\/span><\/span><\/div>\n<div  class='av-buildercomment  av-blog-meta-html-info-disabled av-blog-meta-tag-disabled  '><\/div>\n","protected":false},"excerpt":{"rendered":"","protected":false},"author":1,"featured_media":22142,"comment_status":"open","ping_status":"open","sticky":false,"template":"","format":"standard","meta":{"footnotes":""},"categories":[36],"tags":[],"class_list":["post-22141","post","type-post","status-publish","format-standard","has-post-thumbnail","hentry","category-policial"],"jetpack_featured_media_url":"https:\/\/radiorevelacionfm.cl\/wp-content\/uploads\/2022\/09\/21d93a53-8654-480e-a4ce-f6499f5e63d6-1-1-1.jpg","_links":{"self":[{"href":"https:\/\/radiorevelacionfm.cl\/index.php?rest_route=\/wp\/v2\/posts\/22141","targetHints":{"allow":["GET"]}}],"collection":[{"href":"https:\/\/radiorevelacionfm.cl\/index.php?rest_route=\/wp\/v2\/posts"}],"about":[{"href":"https:\/\/radiorevelacionfm.cl\/index.php?rest_route=\/wp\/v2\/types\/post"}],"author":[{"embeddable":true,"href":"https:\/\/radiorevelacionfm.cl\/index.php?rest_route=\/wp\/v2\/users\/1"}],"replies":[{"embeddable":true,"href":"https:\/\/radiorevelacionfm.cl\/index.php?rest_route=%2Fwp%2Fv2%2Fcomments&post=22141"}],"version-history":[{"count":3,"href":"https:\/\/radiorevelacionfm.cl\/index.php?rest_route=\/wp\/v2\/posts\/22141\/revisions"}],"predecessor-version":[{"id":22144,"href":"https:\/\/radiorevelacionfm.cl\/index.php?rest_route=\/wp\/v2\/posts\/22141\/revisions\/22144"}],"wp:featuredmedia":[{"embeddable":true,"href":"https:\/\/radiorevelacionfm.cl\/index.php?rest_route=\/wp\/v2\/media\/22142"}],"wp:attachment":[{"href":"https:\/\/radiorevelacionfm.cl\/index.php?rest_route=%2Fwp%2Fv2%2Fmedia&parent=22141"}],"wp:term":[{"taxonomy":"category","embeddable":true,"href":"https:\/\/radiorevelacionfm.cl\/index.php?rest_route=%2Fwp%2Fv2%2Fcategories&post=22141"},{"taxonomy":"post_tag","embeddable":true,"href":"https:\/\/radiorevelacionfm.cl\/index.php?rest_route=%2Fwp%2Fv2%2Ftags&post=22141"}],"curies":[{"name":"wp","href":"https:\/\/api.w.org\/{rel}","templated":true}]}}