{"id":2214,"date":"2021-01-29T16:12:03","date_gmt":"2021-01-29T19:12:03","guid":{"rendered":"https:\/\/radiorevelacionfm.cl\/?p=2214"},"modified":"2021-01-29T16:12:03","modified_gmt":"2021-01-29T19:12:03","slug":"inauguran-nueva-oficina-del-servicio-de-registro-civil-en-villa-la-tapera","status":"publish","type":"post","link":"https:\/\/radiorevelacionfm.cl\/?p=2214","title":{"rendered":"Inauguran nueva oficina del Servicio de Registro Civil en Villa La Tapera"},"content":{"rendered":"<div class=\"flex_column av_one_full  flex_column_div av-zero-column-padding first  avia-builder-el-0  el_before_av_one_full  avia-builder-el-first  \" style='border-radius:0px; '><div  class='avia-image-container  av-styling-    avia-builder-el-1  avia-builder-el-no-sibling  avia-align-center '  itemprop=\"image\" itemscope=\"itemscope\" itemtype=\"https:\/\/schema.org\/ImageObject\"  ><div class='avia-image-container-inner'><div class='avia-image-overlay-wrap'><img decoding=\"async\" class='wp-image-0 avia-img-lazy-loading-not-0 avia_image' src=\"https:\/\/radiorevelacionfm.cl\/wp-content\/uploads\/2021\/01\/registro-civil1-1.jpg\" alt='' title=''   itemprop=\"thumbnailUrl\"  \/><\/div><\/div><\/div><\/div><div class=\"flex_column av_one_full  flex_column_div av-zero-column-padding first  avia-builder-el-2  el_after_av_one_full  el_before_av_one_full  column-top-margin\" style='border-radius:0px; '><section class=\"av_textblock_section \"  itemscope=\"itemscope\" itemtype=\"https:\/\/schema.org\/BlogPosting\" itemprop=\"blogPost\" ><div class='avia_textblock  '   itemprop=\"text\" ><p style=\"text-align: center;\"><strong><span style=\"font-size: 18pt;\">Inauguran nueva oficina del Servicio de Registro Civil en Villa La Tapera<\/span><\/strong><\/p>\n<div id=\"gtx-trans\" style=\"position: absolute; left: -50px; top: 4.31534px;\">\n<div class=\"gtx-trans-icon\"><\/div>\n<\/div>\n<\/div><\/section><\/div><div class=\"flex_column av_one_full  flex_column_div av-zero-column-padding first  avia-builder-el-4  el_after_av_one_full  el_before_av_hr  column-top-margin\" style='border-radius:0px; '><section class=\"av_textblock_section \"  itemscope=\"itemscope\" itemtype=\"https:\/\/schema.org\/BlogPosting\" itemprop=\"blogPost\" ><div class='avia_textblock  '   itemprop=\"text\" ><p style=\"text-align: justify;\">Con una inversi\u00f3n superior a los 55 millones de pesos y que permitir\u00e1 a la comunidad de\u00a0 Villa La Tapera contar con un espacio f\u00edsico totalmente remodelado, este jueves se llev\u00f3 a cabo la inauguraci\u00f3n de la oficina del Servicio de Registro Civil e Identificaci\u00f3n, ceremonia que cont\u00f3 con la presencia de la Intendenta Regional Margarita Ossa; el Seremi de Justicia y DD.HH Luis Prieto, el alcalde de Lago Verde Nelson Opazo, el director Regional (s) del Servicio de Registro Civil e Identificaci\u00f3n Danilo Carrillo, concejales y representantes de la comunidad.<\/p>\n<p style=\"text-align: justify;\">Se trata de un inmueble de 120,79 m2, dise\u00f1ados de acuerdo al nuevo est\u00e1ndar del servicio para las oficinas de atenci\u00f3n al p\u00fablico, distribuidos en un hall de espera, una sala de ceremonias, equipos y mobiliario nuevo, rampa de acceso y servicios sanitarios dise\u00f1ados en virtud del cumplimiento del DS N\u00b050 de Accesibilidad Universal.<\/p>\n<p style=\"text-align: justify;\">Al respecto, la Intendenta Margarita Ossa se\u00f1al\u00f3 \u201cmuy contentos de estar ac\u00e1 y efectivamente es una muestra m\u00e1s de c\u00f3mo ha ido creciendo la comuna, de la gesti\u00f3n que involucra desde el alcalde y todos quienes han participado en poder prosperar en estos proyectos y justamente la descentralizaci\u00f3n que es fundamental y se refleja en este tipo de proyectos donde tenemos una oficina del Registro Civil que tiene otra capacidad, otro tipo de infraestructura, eso es lo que debemos seguir haciendo, lo que nos ha pedido el Presidente Sebasti\u00e1n Pi\u00f1era que es descentralizar no solo\u00a0 desde la capital nacional hacia las regiones, sino tambi\u00e9n de las capitales regionales a las comunas y territorios m\u00e1s aislados de nuestra regi\u00f3n\u201d.<\/p>\n<p style=\"text-align: justify;\">Mientras que el Director Regional (S) de Registro Civil e Identificaci\u00f3n, Danilo Carrillo explic\u00f3 que \u201cel Registro Civil ha iniciado hace un par de a\u00f1os un proceso intenso de modernizaci\u00f3n en la senda digital, migrando muchos tr\u00e1mites a la senda digital, yo soy un convencido en definitiva que no podemos avanzar solo en la v\u00eda de la digitalizaci\u00f3n de los servicios, sin que vaya acompa\u00f1ado de la modernizaci\u00f3n de nuestra infraestructuras, es por eso que el a\u00f1o pasado hicimos un esfuerzo importante y logramos ejecutar tres proyectos que permiten entregar a las comunidades oficinas con un alto est\u00e1ndar en funcionamiento y con todas las prestaciones que entrega el Registro Civil\u201d.<\/p>\n<p style=\"text-align: justify;\">La representante de los vecinos de Villa La Tapera, Virma Becerra agradeci\u00f3 y valor\u00f3 la entrega de esta nueva oficina a la comunidad se\u00f1alando \u201cest\u00e1 muy linda, estoy realmente emocionada porque a mis 41 a\u00f1os de matrimonio que vamos a cumplir en diciembre es una inmensa alegr\u00eda ver esto, y ojal\u00e1 que algunos se animen y se casen e inauguren como tiene que ser, ten\u00edamos un espacio muy peque\u00f1o, faltaban muchas cosas, entonces, es realmente emocionante y s\u00e9 que toda la comunidad va a estar muy contenta con este nuevo espacio\u201d.<\/p>\n<p style=\"text-align: justify;\">En tanto, el Seremi de Justicia y DD.HH Luis Prieto manifest\u00f3 que \u201ces significativo en cuanto al dinero que se ha invertido en la regi\u00f3n en localidades peque\u00f1as apartadas de la capital regional, \u00e9sta es la tercera inauguraci\u00f3n, la cual se suma a las obras que se hicieron en Puyuhuapi, Balmaceda y hoy inauguramos en La Tapera, inversiones que alcanzan a alrededor de 160 millones de pesos, por lo que estamos muy contentos de esa regionalizaci\u00f3n de recursos que ha permitido mejorar las infraestructuras en esta tres alejadas localidades\u201d.<\/p>\n<p style=\"text-align: justify;\">A su vez, el alcalde de Lago Verde Nelson Opazo indic\u00f3 que \u201ces un adelanto importante, pensando en forma especial de tener infraestructura en estas condiciones para una poblaci\u00f3n adulto mayor importante en nuestra localidad, tener una infraestructura as\u00ed nos facilita la vida, agradecemos a todos quienes nos han colaborado desde el ejecutivo, de la direcci\u00f3n del Registro Civil para poder materializar esta obra que no hace otra cosa que facilitarle la vida a nuestros vecinos de Villa La Tapera, por eso lo destacamos, lo agradecemos y valoramos, puesto que una vez m\u00e1s el trabajo en conjunto, las alianzas con los servicios, la disposici\u00f3n a trabajar en funci\u00f3n de materializar los anhelos y las expectativas que tienen nuestros vecinos se hace realidad a trav\u00e9s de esta obra que est\u00e1 espectacular\u201d.<\/p>\n<p style=\"text-align: justify;\">Finalmente, mencionar que la oficina del Servicio de Registro Civil e Identificaci\u00f3n en la localidad fue creada el a\u00f1o 1955 en la estancia R\u00edo Cisnes, posteriormente el a\u00f1o 1993 se traslada a Villa La Tapera, donde se ha mantenido dando cobertura a todos sus habitantes.<\/p>\n<\/div><\/section><\/div><div  style='height:50px' class='hr hr-invisible   avia-builder-el-6  el_after_av_one_full  el_before_av_social_share '><span class='hr-inner ' ><span class='hr-inner-style'><\/span><\/span><\/div><\/p>\n<div  class='av-social-sharing-box  avia-builder-el-7  el_after_av_hr  el_before_av_hr  '><div class='av-share-box'><h5 class='av-share-link-description av-no-toc '>Compartir esta noticia<\/h5><ul class='av-share-box-list noLightbox'><li class='av-share-link av-social-link-facebook' ><a target=\"_blank\" aria-label=\"Compartir en Facebook\" href='https:\/\/www.facebook.com\/sharer.php?u=https:\/\/radiorevelacionfm.cl\/?p=2214&#038;t=Inauguran%20nueva%20oficina%20del%20Servicio%20de%20Registro%20Civil%20en%20Villa%20La%20Tapera' aria-hidden='false' data-av_icon='\ue8f3' data-av_iconfont='entypo-fontello' title='' data-avia-related-tooltip='Compartir en Facebook' rel=\"noopener\"><span class='avia_hidden_link_text'>Compartir en Facebook<\/span><\/a><\/li><li class='av-share-link av-social-link-twitter' ><a target=\"_blank\" aria-label=\"Compartir en Twitter\" href='https:\/\/twitter.com\/share?text=Inauguran%20nueva%20oficina%20del%20Servicio%20de%20Registro%20Civil%20en%20Villa%20La%20Tapera&#038;url=https:\/\/radiorevelacionfm.cl\/?p=2214' aria-hidden='false' data-av_icon='\ue8f1' data-av_iconfont='entypo-fontello' title='' data-avia-related-tooltip='Compartir en Twitter' rel=\"noopener\"><span class='avia_hidden_link_text'>Compartir en Twitter<\/span><\/a><\/li><li class='av-share-link av-social-link-whatsapp' ><a target=\"_blank\" aria-label=\"Compartir en Whatsapp\" href='https:\/\/api.whatsapp.com\/send?text=https:\/\/radiorevelacionfm.cl\/?p=2214' aria-hidden='false' data-av_icon='\uf232' data-av_iconfont='entypo-fontello' title='' data-avia-related-tooltip='Compartir en Whatsapp' rel=\"noopener\"><span class='avia_hidden_link_text'>Compartir en Whatsapp<\/span><\/a><\/li><li class='av-share-link av-social-link-linkedin' ><a target=\"_blank\" aria-label=\"Compartir en LinkedIn\" href='https:\/\/linkedin.com\/shareArticle?mini=true&#038;title=Inauguran%20nueva%20oficina%20del%20Servicio%20de%20Registro%20Civil%20en%20Villa%20La%20Tapera&#038;url=https:\/\/radiorevelacionfm.cl\/?p=2214' aria-hidden='false' data-av_icon='\ue8fc' data-av_iconfont='entypo-fontello' title='' data-avia-related-tooltip='Compartir en LinkedIn' rel=\"noopener\"><span class='avia_hidden_link_text'>Compartir en LinkedIn<\/span><\/a><\/li><li class='av-share-link av-social-link-mail' ><a  aria-label=\"Compartir por correo\" href='mailto:?subject=Inauguran%20nueva%20oficina%20del%20Servicio%20de%20Registro%20Civil%20en%20Villa%20La%20Tapera&#038;body=https:\/\/radiorevelacionfm.cl\/?p=2214' aria-hidden='false' data-av_icon='\ue805' data-av_iconfont='entypo-fontello' title='' data-avia-related-tooltip='Compartir por correo'><span class='avia_hidden_link_text'>Compartir por correo<\/span><\/a><\/li><\/ul><\/div><\/div>\n<div  style='height:50px' class='hr hr-invisible   avia-builder-el-8  el_after_av_social_share  el_before_av_comments_list '><span class='hr-inner ' ><span class='hr-inner-style'><\/span><\/span><\/div>\n<div  class='av-buildercomment  av-blog-meta-html-info-disabled av-blog-meta-tag-disabled  '><\/div>\n","protected":false},"excerpt":{"rendered":"","protected":false},"author":1,"featured_media":0,"comment_status":"open","ping_status":"open","sticky":false,"template":"","format":"standard","meta":{"footnotes":""},"categories":[38],"tags":[],"class_list":["post-2214","post","type-post","status-publish","format-standard","hentry","category-regional"],"jetpack_featured_media_url":"","_links":{"self":[{"href":"https:\/\/radiorevelacionfm.cl\/index.php?rest_route=\/wp\/v2\/posts\/2214","targetHints":{"allow":["GET"]}}],"collection":[{"href":"https:\/\/radiorevelacionfm.cl\/index.php?rest_route=\/wp\/v2\/posts"}],"about":[{"href":"https:\/\/radiorevelacionfm.cl\/index.php?rest_route=\/wp\/v2\/types\/post"}],"author":[{"embeddable":true,"href":"https:\/\/radiorevelacionfm.cl\/index.php?rest_route=\/wp\/v2\/users\/1"}],"replies":[{"embeddable":true,"href":"https:\/\/radiorevelacionfm.cl\/index.php?rest_route=%2Fwp%2Fv2%2Fcomments&post=2214"}],"version-history":[{"count":1,"href":"https:\/\/radiorevelacionfm.cl\/index.php?rest_route=\/wp\/v2\/posts\/2214\/revisions"}],"predecessor-version":[{"id":2217,"href":"https:\/\/radiorevelacionfm.cl\/index.php?rest_route=\/wp\/v2\/posts\/2214\/revisions\/2217"}],"wp:attachment":[{"href":"https:\/\/radiorevelacionfm.cl\/index.php?rest_route=%2Fwp%2Fv2%2Fmedia&parent=2214"}],"wp:term":[{"taxonomy":"category","embeddable":true,"href":"https:\/\/radiorevelacionfm.cl\/index.php?rest_route=%2Fwp%2Fv2%2Fcategories&post=2214"},{"taxonomy":"post_tag","embeddable":true,"href":"https:\/\/radiorevelacionfm.cl\/index.php?rest_route=%2Fwp%2Fv2%2Ftags&post=2214"}],"curies":[{"name":"wp","href":"https:\/\/api.w.org\/{rel}","templated":true}]}}