{"id":22136,"date":"2022-09-23T19:46:23","date_gmt":"2022-09-23T22:46:23","guid":{"rendered":"https:\/\/radiorevelacionfm.cl\/?p=22136"},"modified":"2022-09-23T19:46:23","modified_gmt":"2022-09-23T22:46:23","slug":"jardin-infantil-rayito-de-sol-de-la-junta-representara-a-la-region-en-encuentro-nacional-de-educacion-parvularia","status":"publish","type":"post","link":"https:\/\/radiorevelacionfm.cl\/?p=22136","title":{"rendered":"Jard\u00edn Infantil \u201cRayito de Sol\u201d de La Junta representar\u00e1 a la regi\u00f3n en encuentro nacional de Educaci\u00f3n Parvularia"},"content":{"rendered":"<div class=\"flex_column av_one_full  flex_column_div av-zero-column-padding first  avia-builder-el-0  el_before_av_one_full  avia-builder-el-first  \" style='border-radius:0px; '><div  class='avia-image-container  av-styling-    avia-builder-el-1  avia-builder-el-no-sibling  avia-align-center '  itemprop=\"image\" itemscope=\"itemscope\" itemtype=\"https:\/\/schema.org\/ImageObject\"  ><div class='avia-image-container-inner'><div class='avia-image-overlay-wrap'><img decoding=\"async\" class='wp-image-22137 avia-img-lazy-loading-not-22137 avia_image' src=\"https:\/\/radiorevelacionfm.cl\/wp-content\/uploads\/2022\/09\/IMG_8316-min-1-1.jpg\" alt='' title='IMG_8316-min (1) (1)' height=\"600\" width=\"918\"  itemprop=\"thumbnailUrl\" srcset=\"https:\/\/radiorevelacionfm.cl\/wp-content\/uploads\/2022\/09\/IMG_8316-min-1-1.jpg 918w, https:\/\/radiorevelacionfm.cl\/wp-content\/uploads\/2022\/09\/IMG_8316-min-1-1-300x196.jpg 300w, https:\/\/radiorevelacionfm.cl\/wp-content\/uploads\/2022\/09\/IMG_8316-min-1-1-768x502.jpg 768w, https:\/\/radiorevelacionfm.cl\/wp-content\/uploads\/2022\/09\/IMG_8316-min-1-1-705x461.jpg 705w, https:\/\/radiorevelacionfm.cl\/wp-content\/uploads\/2022\/09\/IMG_8316-min-1-1-600x392.jpg 600w\" sizes=\"(max-width: 918px) 100vw, 918px\" \/><\/div><\/div><\/div><\/div><div class=\"flex_column av_one_full  flex_column_div av-zero-column-padding first  avia-builder-el-2  el_after_av_one_full  el_before_av_one_full  column-top-margin\" style='border-radius:0px; '><section class=\"av_textblock_section \"  itemscope=\"itemscope\" itemtype=\"https:\/\/schema.org\/BlogPosting\" itemprop=\"blogPost\" ><div class='avia_textblock  '   itemprop=\"text\" ><p style=\"text-align: center;\"><strong><span style=\"font-size: 18pt;\">Jard\u00edn Infantil \u201cRayito de Sol\u201d de La Junta representar\u00e1 a la regi\u00f3n en encuentro nacional de Educaci\u00f3n Parvularia<\/span><\/strong><\/p>\n<div id=\"gtx-trans\" style=\"position: absolute; left: -50px; top: 4.31534px;\">\n<div class=\"gtx-trans-icon\"><\/div>\n<\/div>\n<\/div><\/section><\/div><div class=\"flex_column av_one_full  flex_column_div av-zero-column-padding first  avia-builder-el-4  el_after_av_one_full  el_before_av_hr  column-top-margin\" style='border-radius:0px; '><section class=\"av_textblock_section \"  itemscope=\"itemscope\" itemtype=\"https:\/\/schema.org\/BlogPosting\" itemprop=\"blogPost\" ><div class='avia_textblock  '   itemprop=\"text\" ><p style=\"font-weight: 400; text-align: justify;\">Del 4 al 6 de octubre m\u00e1s de 170 trabajadores de Fundaci\u00f3n Integra de todo el pa\u00eds se reunir\u00e1n en Santiago para exponer y compartir experiencias educativas de calidad en el Seminario Nacional \u201cComparte Educaci\u00f3n\u201d, bajo el lema \u201cDesaf\u00edos del Retorno: Vincul\u00e1ndonos en presencialidad\u201d el que tiene como prop\u00f3sito favorecer el desarrollo y crecimiento de los equipos educativos a trav\u00e9s del intercambio de pr\u00e1cticas, experiencias y estrategias enmarcadas en las particularidades del contexto de Pandemia.<\/p>\n<p style=\"font-weight: 400; text-align: justify;\">Cabe se\u00f1alar que luego de dos a\u00f1os en la que este seminario se realizara en modo online -a causa de la pandemia por COVID-19-, este 2022 el Comparte Educaci\u00f3n vuelve de manera presencial, constituy\u00e9ndose en un espacio de reencuentro y reflexi\u00f3n para los equipos educativos que forman parte de Fundaci\u00f3n Integra de todo el pa\u00eds.<\/p>\n<p style=\"font-weight: 400; text-align: justify;\">La directora regional de Fundaci\u00f3n Integra, Leticia Araya Norambuena destaca que \u201cen esta versi\u00f3n los desaf\u00edos est\u00e1n puestos en lo que ha significado el retorno a la atenci\u00f3n y los desaf\u00edos que hay en educaci\u00f3n parvularia, teniendo presente que es muy importante volver a la presencialidad en los jardines infantiles, ya que esto permite que los aprendizajes de los ni\u00f1os y ni\u00f1as que ah\u00ed asisten sean mucho mejores\u201d.<\/p>\n<p style=\"font-weight: 400; text-align: justify;\">Es en este contexto, y luego de una presentaci\u00f3n virtual en la que participaron 8 establecimientos de Fundaci\u00f3n Integra, y tras un exhaustivo an\u00e1lisis de las propuestas presentadas se decidi\u00f3 que el establecimiento que representar\u00e1 a la regi\u00f3n de Ays\u00e9n en el Comparte Educaci\u00f3n sea el Jard\u00edn Infantil y Sala Cuna \u201cRayito de Sol\u201d con la estrategia denominada \u201cBiombo Lector\u201d.<\/p>\n<p style=\"font-weight: 400; text-align: justify;\">Daniza Jorquera, directora del Jard\u00edn Infantil y Sala Cuna \u201cRayito de Sol\u201d ser\u00e1 la encargada de representar al establecimiento y la regi\u00f3n en este encuentro nacional destacando que van \u201ccon todas las ganas y con muchas expectativas respecto de lo que vamos a aprender y poder compartir\u201d. A la vez recalca que \u201cvamos a poder poner a nuestra localidad en el mapa. Somos una localidad peque\u00f1a y poder asistir a este tipo de encuentros nacionales nos alegra y nos llena de emoci\u00f3n y gratitud\u201d.<\/p>\n<p style=\"font-weight: 400; text-align: justify;\">Durante el seminario se presentar\u00e1n pr\u00e1cticas, experiencias y\/o estrategias exitosas respecto de necesidades de aprendizaje, inclusi\u00f3n, contenci\u00f3n y\/o bienestar, las que han sido desarrolladas por equipos educativos de salas cuna, jardines infantiles y modalidades no convencionales de todo el pa\u00eds y que tuvieron como foco principal a los ni\u00f1os, ni\u00f1as, familias, equipos y\/o comunidad. Adem\u00e1s, se contar\u00e1 con espacios para la reflexi\u00f3n a trav\u00e9s de un taller y de ponencias de expertos.<\/p>\n<p style=\"font-weight: 400; text-align: justify;\">Desde Fundaci\u00f3n Integra destacan que son seis personas las que integrar\u00e1n la comitiva regional quienes adem\u00e1s de apoyar y acompa\u00f1ar la experiencia que representa a la regi\u00f3n de Ays\u00e9n, deber\u00e1n visibilizar acciones o estrategias para poder replicadas en sus establecimientos buscando con esto favorecer aprendizajes y el bienestar de ni\u00f1as, ni\u00f1os, familias y\/o equipos educativos de sus respectivos establecimientos.<\/p>\n<p style=\"font-weight: 400; text-align: justify;\">\u201cEste es un espacio que enriquece el trabajo que realizan los jardines infantiles porque no solamente muestran lo que hace cada regi\u00f3n o en cada jard\u00edn infantil, sino porque tambi\u00e9n se nutren de lo que hacen otras trabajadoras en otras partes del pa\u00eds. El Comparte Educaci\u00f3n permite conocer estrategias innovadoras y compartirlas con otras colegas de otra parte del pa\u00eds. Lo que pudo funcionar en La Junta u otro lugar del pa\u00eds puede generar resultados en los ni\u00f1os y ni\u00f1as que atendemos\u201d, enfatiz\u00f3 la directora regional de Fundaci\u00f3n Integra.<\/p>\n<p style=\"font-weight: 400; text-align: justify;\">Finalmente, cabe se\u00f1alar que en esta d\u00e9cima versi\u00f3n del \u201cComparte Educaci\u00f3n\u201d se presentar\u00e1n 17 experiencias educativas de calidad de todo el pa\u00eds y en las que adem\u00e1s de favorecer el desarrollo y crecimiento de los equipos educativos presentes en este seminario estas puedan ser aplicadas, adaptadas o transferidas a las propias realidades, favoreciendo ambientes de aprendizaje, cuidado, sana convivencia, bienestar socioemocional de ni\u00f1os, ni\u00f1as, equipos y familias de salas cuna, jardines infantiles y\/o modalidades con convencionales de Fundaci\u00f3n Integra.<\/p>\n<\/div><\/section><\/div><div  style='height:50px' class='hr hr-invisible   avia-builder-el-6  el_after_av_one_full  el_before_av_social_share '><span class='hr-inner ' ><span class='hr-inner-style'><\/span><\/span><\/div><\/p>\n<div  class='av-social-sharing-box  avia-builder-el-7  el_after_av_hr  el_before_av_hr  '><div class='av-share-box'><h5 class='av-share-link-description av-no-toc '>Compartir esta noticia<\/h5><ul class='av-share-box-list noLightbox'><li class='av-share-link av-social-link-facebook' ><a target=\"_blank\" aria-label=\"Compartir en Facebook\" href='https:\/\/www.facebook.com\/sharer.php?u=https:\/\/radiorevelacionfm.cl\/?p=22136&#038;t=Jard%C3%ADn%20Infantil%20%E2%80%9CRayito%20de%20Sol%E2%80%9D%20de%20La%20Junta%20representar%C3%A1%20a%20la%20regi%C3%B3n%20en%20encuentro%20nacional%20de%20Educaci%C3%B3n%20Parvularia' aria-hidden='false' data-av_icon='\ue8f3' data-av_iconfont='entypo-fontello' title='' data-avia-related-tooltip='Compartir en Facebook' rel=\"noopener\"><span class='avia_hidden_link_text'>Compartir en Facebook<\/span><\/a><\/li><li class='av-share-link av-social-link-twitter' ><a target=\"_blank\" aria-label=\"Compartir en Twitter\" href='https:\/\/twitter.com\/share?text=Jard%C3%ADn%20Infantil%20%E2%80%9CRayito%20de%20Sol%E2%80%9D%20de%20La%20Junta%20representar%C3%A1%20a%20la%20regi%C3%B3n%20en%20encuentro%20nacional%20de%20Educaci%C3%B3n%20Parvularia&#038;url=https:\/\/radiorevelacionfm.cl\/?p=22136' aria-hidden='false' data-av_icon='\ue8f1' data-av_iconfont='entypo-fontello' title='' data-avia-related-tooltip='Compartir en Twitter' rel=\"noopener\"><span class='avia_hidden_link_text'>Compartir en Twitter<\/span><\/a><\/li><li class='av-share-link av-social-link-whatsapp' ><a target=\"_blank\" aria-label=\"Compartir en Whatsapp\" href='https:\/\/api.whatsapp.com\/send?text=https:\/\/radiorevelacionfm.cl\/?p=22136' aria-hidden='false' data-av_icon='\uf232' data-av_iconfont='entypo-fontello' title='' data-avia-related-tooltip='Compartir en Whatsapp' rel=\"noopener\"><span class='avia_hidden_link_text'>Compartir en Whatsapp<\/span><\/a><\/li><li class='av-share-link av-social-link-linkedin' ><a target=\"_blank\" aria-label=\"Compartir en LinkedIn\" href='https:\/\/linkedin.com\/shareArticle?mini=true&#038;title=Jard%C3%ADn%20Infantil%20%E2%80%9CRayito%20de%20Sol%E2%80%9D%20de%20La%20Junta%20representar%C3%A1%20a%20la%20regi%C3%B3n%20en%20encuentro%20nacional%20de%20Educaci%C3%B3n%20Parvularia&#038;url=https:\/\/radiorevelacionfm.cl\/?p=22136' aria-hidden='false' data-av_icon='\ue8fc' data-av_iconfont='entypo-fontello' title='' data-avia-related-tooltip='Compartir en LinkedIn' rel=\"noopener\"><span class='avia_hidden_link_text'>Compartir en LinkedIn<\/span><\/a><\/li><li class='av-share-link av-social-link-mail' ><a  aria-label=\"Compartir por correo\" href='mailto:?subject=Jard%C3%ADn%20Infantil%20%E2%80%9CRayito%20de%20Sol%E2%80%9D%20de%20La%20Junta%20representar%C3%A1%20a%20la%20regi%C3%B3n%20en%20encuentro%20nacional%20de%20Educaci%C3%B3n%20Parvularia&#038;body=https:\/\/radiorevelacionfm.cl\/?p=22136' aria-hidden='false' data-av_icon='\ue805' data-av_iconfont='entypo-fontello' title='' data-avia-related-tooltip='Compartir por correo'><span class='avia_hidden_link_text'>Compartir por correo<\/span><\/a><\/li><\/ul><\/div><\/div>\n<div  style='height:50px' class='hr hr-invisible   avia-builder-el-8  el_after_av_social_share  el_before_av_comments_list '><span class='hr-inner ' ><span class='hr-inner-style'><\/span><\/span><\/div>\n<div  class='av-buildercomment  av-blog-meta-html-info-disabled av-blog-meta-tag-disabled  '><\/div>\n","protected":false},"excerpt":{"rendered":"","protected":false},"author":1,"featured_media":22137,"comment_status":"open","ping_status":"open","sticky":false,"template":"","format":"standard","meta":{"footnotes":""},"categories":[49],"tags":[],"class_list":["post-22136","post","type-post","status-publish","format-standard","has-post-thumbnail","hentry","category-educacion"],"jetpack_featured_media_url":"https:\/\/radiorevelacionfm.cl\/wp-content\/uploads\/2022\/09\/IMG_8316-min-1-1.jpg","_links":{"self":[{"href":"https:\/\/radiorevelacionfm.cl\/index.php?rest_route=\/wp\/v2\/posts\/22136","targetHints":{"allow":["GET"]}}],"collection":[{"href":"https:\/\/radiorevelacionfm.cl\/index.php?rest_route=\/wp\/v2\/posts"}],"about":[{"href":"https:\/\/radiorevelacionfm.cl\/index.php?rest_route=\/wp\/v2\/types\/post"}],"author":[{"embeddable":true,"href":"https:\/\/radiorevelacionfm.cl\/index.php?rest_route=\/wp\/v2\/users\/1"}],"replies":[{"embeddable":true,"href":"https:\/\/radiorevelacionfm.cl\/index.php?rest_route=%2Fwp%2Fv2%2Fcomments&post=22136"}],"version-history":[{"count":2,"href":"https:\/\/radiorevelacionfm.cl\/index.php?rest_route=\/wp\/v2\/posts\/22136\/revisions"}],"predecessor-version":[{"id":22146,"href":"https:\/\/radiorevelacionfm.cl\/index.php?rest_route=\/wp\/v2\/posts\/22136\/revisions\/22146"}],"wp:featuredmedia":[{"embeddable":true,"href":"https:\/\/radiorevelacionfm.cl\/index.php?rest_route=\/wp\/v2\/media\/22137"}],"wp:attachment":[{"href":"https:\/\/radiorevelacionfm.cl\/index.php?rest_route=%2Fwp%2Fv2%2Fmedia&parent=22136"}],"wp:term":[{"taxonomy":"category","embeddable":true,"href":"https:\/\/radiorevelacionfm.cl\/index.php?rest_route=%2Fwp%2Fv2%2Fcategories&post=22136"},{"taxonomy":"post_tag","embeddable":true,"href":"https:\/\/radiorevelacionfm.cl\/index.php?rest_route=%2Fwp%2Fv2%2Ftags&post=22136"}],"curies":[{"name":"wp","href":"https:\/\/api.w.org\/{rel}","templated":true}]}}