{"id":22116,"date":"2022-09-23T12:20:52","date_gmt":"2022-09-23T15:20:52","guid":{"rendered":"https:\/\/radiorevelacionfm.cl\/?p=22116"},"modified":"2022-09-23T12:20:52","modified_gmt":"2022-09-23T15:20:52","slug":"24-de-septiembre-lanzamiento-de-memoria-textil-y-emotiva-de-las-aguas-del-rio-cochrane","status":"publish","type":"post","link":"https:\/\/radiorevelacionfm.cl\/?p=22116","title":{"rendered":"24 de Septiembre: Lanzamiento de Memoria textil y emotiva de las aguas del r\u00edo Cochrane"},"content":{"rendered":"<div class=\"flex_column av_one_full  flex_column_div av-zero-column-padding first  avia-builder-el-0  el_before_av_one_full  avia-builder-el-first  \" style='border-radius:0px; '><div  class='avia-image-container  av-styling-    avia-builder-el-1  avia-builder-el-no-sibling  avia-align-center '  itemprop=\"image\" itemscope=\"itemscope\" itemtype=\"https:\/\/schema.org\/ImageObject\"  ><div class='avia-image-container-inner'><div class='avia-image-overlay-wrap'><img decoding=\"async\" class='wp-image-22117 avia-img-lazy-loading-not-22117 avia_image' src=\"https:\/\/radiorevelacionfm.cl\/wp-content\/uploads\/2022\/09\/agua-1-1_optimized.jpg\" alt='' title='agua-1--(1)_optimized' height=\"600\" width=\"848\"  itemprop=\"thumbnailUrl\" srcset=\"https:\/\/radiorevelacionfm.cl\/wp-content\/uploads\/2022\/09\/agua-1-1_optimized.jpg 848w, https:\/\/radiorevelacionfm.cl\/wp-content\/uploads\/2022\/09\/agua-1-1_optimized-300x212.jpg 300w, https:\/\/radiorevelacionfm.cl\/wp-content\/uploads\/2022\/09\/agua-1-1_optimized-768x543.jpg 768w, https:\/\/radiorevelacionfm.cl\/wp-content\/uploads\/2022\/09\/agua-1-1_optimized-260x185.jpg 260w, https:\/\/radiorevelacionfm.cl\/wp-content\/uploads\/2022\/09\/agua-1-1_optimized-705x499.jpg 705w, https:\/\/radiorevelacionfm.cl\/wp-content\/uploads\/2022\/09\/agua-1-1_optimized-600x425.jpg 600w\" sizes=\"(max-width: 848px) 100vw, 848px\" \/><\/div><\/div><\/div><\/div><div class=\"flex_column av_one_full  flex_column_div av-zero-column-padding first  avia-builder-el-2  el_after_av_one_full  el_before_av_one_full  column-top-margin\" style='border-radius:0px; '><section class=\"av_textblock_section \"  itemscope=\"itemscope\" itemtype=\"https:\/\/schema.org\/BlogPosting\" itemprop=\"blogPost\" ><div class='avia_textblock  '   itemprop=\"text\" ><p style=\"text-align: center;\"><strong><span style=\"font-size: 18pt;\">24 de septiembre: Lanzamiento de Memoria textil y emotiva de las aguas del r\u00edo Cochrane<\/span><\/strong><\/p>\n<div id=\"gtx-trans\" style=\"position: absolute; left: -50px; top: 4.31534px;\">\n<div class=\"gtx-trans-icon\"><\/div>\n<\/div>\n<\/div><\/section><\/div><div class=\"flex_column av_one_full  flex_column_div av-zero-column-padding first  avia-builder-el-4  el_after_av_one_full  el_before_av_hr  column-top-margin\" style='border-radius:0px; '><section class=\"av_textblock_section \"  itemscope=\"itemscope\" itemtype=\"https:\/\/schema.org\/BlogPosting\" itemprop=\"blogPost\" ><div class='avia_textblock  '   itemprop=\"text\" ><p dir=\"ltr\" style=\"text-align: justify;\">Una bi\u00f3loga, una historiadora, una dise\u00f1adora textil, una psic\u00f3loga y un equipo de tejedoras se unen para dar vida a un \u201cmapa de aguas\u201d del r\u00edo Cochrane.<\/p>\n<p dir=\"ltr\" style=\"text-align: justify;\">La acci\u00f3n coordinada desde la Organizaci\u00f3n Pulso Austral busca crear y producir una obra textil con fundamentos comunitarios. El s\u00e1bado 24 de septiembre se realizar\u00e1 el lanzamiento del proyecto, donde se invita a la comunidad a dibujar, pintar y\/o bordar elementos gr\u00e1ficos que compongan sus relatos sobre el pasado y el presente de este cauce de agua.<\/p>\n<p dir=\"ltr\" style=\"text-align: justify;\">\u201cSomos parte de algo mucho m\u00e1s grande\u201d, esa es parte de la invitaci\u00f3n para sumarse al proyecto \u201cMemoria textil y emotiva de las aguas del r\u00edo Cochrane\u201d. La iniciativa, impulsada desde la Organizaci\u00f3n Pulso Austral, tiene como prop\u00f3sito la creaci\u00f3n y producci\u00f3n de una obra textil que evidencie el cruce entre el habitar el r\u00edo Cochrane, la ciencia y el arte. Un proyecto financiado por el Fondo Nacional de Desarrollo Cultural y de las Artes, Convocatoria 2022; y apoyado por el Centro de Investigaci\u00f3n en Ecosistemas de la Patagonia (CIEP).<\/p>\n<p dir=\"ltr\" style=\"text-align: justify;\">En esta iniciativa interdisciplinaria participan una psic\u00f3loga, una bi\u00f3loga, una dise\u00f1adora textil, una historiadora y un equipo de tejedoras. Todas, juntas, trabajan en recopilar testimonios, emociones e historias en relaci\u00f3n al v\u00ednculo con el agua en las comunidades que se emplazan en sectores rurales y urbanos de este importante cauce de agua de la regi\u00f3n de Ays\u00e9n.<\/p>\n<p dir=\"ltr\" style=\"text-align: justify;\">Cecilia Moura, psic\u00f3loga a cargo de este proyecto, describe esta oportunidad como un proyecto que traspasa los l\u00edmites entre la ciencia, la ecolog\u00eda y el arte. \u201cDesde la organizaci\u00f3n Pulso Austral, en alianza con el CIEP, invitamos a toda la comunidad a ser parte de este proyecto que busca, a trav\u00e9s del arte textil, generar reflexi\u00f3n, conciencia y aprendizaje en torno al cuidado y protecci\u00f3n de la cuenca del r\u00edo Cochrane. Somos un equipo multidisciplinario de 9 mujeres, que desde diferentes miradas trabajaremos para dar vida a una obra textil que representa el v\u00ednculo y la historia de la comunidad de Cochrane con su r\u00edo\u201d.<\/p>\n<p dir=\"ltr\" style=\"text-align: justify;\">Isabel Moneva, profesora, artesana local y parte del equipo, destaca la importancia de permitir expresar los sentimientos y emociones de los habitantes del R\u00edo. \u201cEstimula la pertenencia y el arraigo y promueve la reflexi\u00f3n, fortaleciendo la uni\u00f3n entre la comunidad. Este es un trabajo que nos permitir\u00e1 preservar la identidad y el patrimonio cultural para transmitirlo de una generaci\u00f3n a otra. Adem\u00e1s, su impronta colectiva, hace sentir la obra textil como propia, valid\u00e1ndola en la comunidad\u201d.<\/p>\n<p dir=\"ltr\" style=\"text-align: justify;\">Desde la ciencia, en tanto, la Dra. Anna Astorga plantea que esta es una oportunidad donde la ciencia \u201cnos abre un espacio de asombro, de reflexi\u00f3n, y conexi\u00f3n con los ritmos, sonidos y colores del R\u00edo y sus riberas, y as\u00ed comprender que somos parte de algo mucho m\u00e1s grande\u201d.<\/p>\n<p dir=\"ltr\" style=\"text-align: justify;\">Las actividades con la comunidad se dividen en dos momentos. La primera ser\u00e1 el lanzamiento del proyecto, este s\u00e1bado 24 de septiembre a las 10:30 horas en el segundo piso del Mercado Municipal de Cochrane, donde se presentar\u00e1 la iniciativa y las familias vecinas del r\u00edo Cochrane est\u00e1n invitadas a construir colaborativamente un \u201cmapa de las aguas\u201d de este territorio fluvial. Durante la tarde -hasta las 19:30 horas-, la actividad de creaci\u00f3n colectiva estar\u00e1 abierta para quienes quieran contribuir en este mapa.<\/p>\n<p dir=\"ltr\" style=\"text-align: justify;\">La idea, explican las organizadoras, es que en esta superficie, cada participante podr\u00e1 dibujar, pintar y\/o bordar elementos gr\u00e1ficos que compongan sus relatos sobre el pasado y el presente del r\u00edo Cochrane: \u201cgeolocalizaremos su forma de habitar y los hitos de esta cuenca, sus emociones personales en torno al r\u00edo y sus conocimientos comunitarios sobre los cambios que ha tenido el paisaje natural\/cultural\u201d, agregan.<\/p>\n<p dir=\"ltr\" style=\"text-align: justify;\">\u00bfC\u00f3mo lleg\u00f3 a poblar este lugar? \u00bfC\u00f3mo ha cambiado el paisaje natural con los a\u00f1os? \u00bfQu\u00e9 recuerdos le trae observar o escuchar este r\u00edo?, \u00bfC\u00f3mo se relaciona cotidianamente con sus aguas?, \u00bfQu\u00e9 hitos identifica en el transcurso del r\u00edo? Son algunas de las preguntas que guiar\u00e1n esta metodolog\u00eda creativa.<\/p>\n<p dir=\"ltr\" style=\"text-align: justify;\">Posteriormente, el equipo de investigaci\u00f3n navegar\u00e1 por este r\u00edo, visitando a diez familias rurales que habitan desde el nacimiento hasta el desag\u00fce. En cada casa, se realizar\u00e1n entrevistas semi-estructuradas, se obtendr\u00e1n im\u00e1genes del proceso de investigaci\u00f3n y se llevar\u00e1 a cabo la misma actividad de registro de relatos en el \u201cmapa de las aguas\u201d creado por la propia comunidad.<\/p>\n<\/div><\/section><\/div><div  style='height:50px' class='hr hr-invisible   avia-builder-el-6  el_after_av_one_full  el_before_av_social_share '><span class='hr-inner ' ><span class='hr-inner-style'><\/span><\/span><\/div><\/p>\n<div  class='av-social-sharing-box  avia-builder-el-7  el_after_av_hr  el_before_av_hr  '><div class='av-share-box'><h5 class='av-share-link-description av-no-toc '>Compartir esta noticia<\/h5><ul class='av-share-box-list noLightbox'><li class='av-share-link av-social-link-facebook' ><a target=\"_blank\" aria-label=\"Compartir en Facebook\" href='https:\/\/www.facebook.com\/sharer.php?u=https:\/\/radiorevelacionfm.cl\/?p=22116&#038;t=24%20de%20Septiembre%3A%20Lanzamiento%20de%20Memoria%20textil%20y%20emotiva%20de%20las%20aguas%20del%20r%C3%ADo%20Cochrane' aria-hidden='false' data-av_icon='\ue8f3' data-av_iconfont='entypo-fontello' title='' data-avia-related-tooltip='Compartir en Facebook' rel=\"noopener\"><span class='avia_hidden_link_text'>Compartir en Facebook<\/span><\/a><\/li><li class='av-share-link av-social-link-twitter' ><a target=\"_blank\" aria-label=\"Compartir en Twitter\" href='https:\/\/twitter.com\/share?text=24%20de%20Septiembre%3A%20Lanzamiento%20de%20Memoria%20textil%20y%20emotiva%20de%20las%20aguas%20del%20r%C3%ADo%20Cochrane&#038;url=https:\/\/radiorevelacionfm.cl\/?p=22116' aria-hidden='false' data-av_icon='\ue8f1' data-av_iconfont='entypo-fontello' title='' data-avia-related-tooltip='Compartir en Twitter' rel=\"noopener\"><span class='avia_hidden_link_text'>Compartir en Twitter<\/span><\/a><\/li><li class='av-share-link av-social-link-whatsapp' ><a target=\"_blank\" aria-label=\"Compartir en Whatsapp\" href='https:\/\/api.whatsapp.com\/send?text=https:\/\/radiorevelacionfm.cl\/?p=22116' aria-hidden='false' data-av_icon='\uf232' data-av_iconfont='entypo-fontello' title='' data-avia-related-tooltip='Compartir en Whatsapp' rel=\"noopener\"><span class='avia_hidden_link_text'>Compartir en Whatsapp<\/span><\/a><\/li><li class='av-share-link av-social-link-linkedin' ><a target=\"_blank\" aria-label=\"Compartir en LinkedIn\" href='https:\/\/linkedin.com\/shareArticle?mini=true&#038;title=24%20de%20Septiembre%3A%20Lanzamiento%20de%20Memoria%20textil%20y%20emotiva%20de%20las%20aguas%20del%20r%C3%ADo%20Cochrane&#038;url=https:\/\/radiorevelacionfm.cl\/?p=22116' aria-hidden='false' data-av_icon='\ue8fc' data-av_iconfont='entypo-fontello' title='' data-avia-related-tooltip='Compartir en LinkedIn' rel=\"noopener\"><span class='avia_hidden_link_text'>Compartir en LinkedIn<\/span><\/a><\/li><li class='av-share-link av-social-link-mail' ><a  aria-label=\"Compartir por correo\" href='mailto:?subject=24%20de%20Septiembre%3A%20Lanzamiento%20de%20Memoria%20textil%20y%20emotiva%20de%20las%20aguas%20del%20r%C3%ADo%20Cochrane&#038;body=https:\/\/radiorevelacionfm.cl\/?p=22116' aria-hidden='false' data-av_icon='\ue805' data-av_iconfont='entypo-fontello' title='' data-avia-related-tooltip='Compartir por correo'><span class='avia_hidden_link_text'>Compartir por correo<\/span><\/a><\/li><\/ul><\/div><\/div>\n<div  style='height:50px' class='hr hr-invisible   avia-builder-el-8  el_after_av_social_share  el_before_av_comments_list '><span class='hr-inner ' ><span class='hr-inner-style'><\/span><\/span><\/div>\n<div  class='av-buildercomment  av-blog-meta-html-info-disabled av-blog-meta-tag-disabled  '><\/div>\n","protected":false},"excerpt":{"rendered":"","protected":false},"author":1,"featured_media":22117,"comment_status":"open","ping_status":"open","sticky":false,"template":"","format":"standard","meta":{"footnotes":""},"categories":[52],"tags":[],"class_list":["post-22116","post","type-post","status-publish","format-standard","has-post-thumbnail","hentry","category-cultura"],"jetpack_featured_media_url":"https:\/\/radiorevelacionfm.cl\/wp-content\/uploads\/2022\/09\/agua-1-1_optimized.jpg","_links":{"self":[{"href":"https:\/\/radiorevelacionfm.cl\/index.php?rest_route=\/wp\/v2\/posts\/22116","targetHints":{"allow":["GET"]}}],"collection":[{"href":"https:\/\/radiorevelacionfm.cl\/index.php?rest_route=\/wp\/v2\/posts"}],"about":[{"href":"https:\/\/radiorevelacionfm.cl\/index.php?rest_route=\/wp\/v2\/types\/post"}],"author":[{"embeddable":true,"href":"https:\/\/radiorevelacionfm.cl\/index.php?rest_route=\/wp\/v2\/users\/1"}],"replies":[{"embeddable":true,"href":"https:\/\/radiorevelacionfm.cl\/index.php?rest_route=%2Fwp%2Fv2%2Fcomments&post=22116"}],"version-history":[{"count":2,"href":"https:\/\/radiorevelacionfm.cl\/index.php?rest_route=\/wp\/v2\/posts\/22116\/revisions"}],"predecessor-version":[{"id":22120,"href":"https:\/\/radiorevelacionfm.cl\/index.php?rest_route=\/wp\/v2\/posts\/22116\/revisions\/22120"}],"wp:featuredmedia":[{"embeddable":true,"href":"https:\/\/radiorevelacionfm.cl\/index.php?rest_route=\/wp\/v2\/media\/22117"}],"wp:attachment":[{"href":"https:\/\/radiorevelacionfm.cl\/index.php?rest_route=%2Fwp%2Fv2%2Fmedia&parent=22116"}],"wp:term":[{"taxonomy":"category","embeddable":true,"href":"https:\/\/radiorevelacionfm.cl\/index.php?rest_route=%2Fwp%2Fv2%2Fcategories&post=22116"},{"taxonomy":"post_tag","embeddable":true,"href":"https:\/\/radiorevelacionfm.cl\/index.php?rest_route=%2Fwp%2Fv2%2Ftags&post=22116"}],"curies":[{"name":"wp","href":"https:\/\/api.w.org\/{rel}","templated":true}]}}