{"id":22112,"date":"2022-09-23T11:01:25","date_gmt":"2022-09-23T14:01:25","guid":{"rendered":"https:\/\/radiorevelacionfm.cl\/?p=22112"},"modified":"2022-09-23T11:01:25","modified_gmt":"2022-09-23T14:01:25","slug":"representantes-ayseninos-emprendieron-viaje-para-participar-en-el-nacional-de-cueca-a-realizarse-en-tome","status":"publish","type":"post","link":"https:\/\/radiorevelacionfm.cl\/?p=22112","title":{"rendered":"Representantes ayseninos emprendieron viaje para participar en el Nacional de Cueca a realizarse en Tom\u00e9"},"content":{"rendered":"<div class=\"flex_column av_one_full  flex_column_div av-zero-column-padding first  avia-builder-el-0  el_before_av_one_full  avia-builder-el-first  \" style='border-radius:0px; '><div  class='avia-image-container  av-styling-    avia-builder-el-1  avia-builder-el-no-sibling  avia-align-center '  itemprop=\"image\" itemscope=\"itemscope\" itemtype=\"https:\/\/schema.org\/ImageObject\"  ><div class='avia-image-container-inner'><div class='avia-image-overlay-wrap'><img decoding=\"async\" class='wp-image-22113 avia-img-lazy-loading-not-22113 avia_image' src=\"https:\/\/radiorevelacionfm.cl\/wp-content\/uploads\/2022\/09\/cueca-jose-y-lidia-2-1_optimized.jpg\" alt='' title='cueca-jose-y-lidia-2-(1)_optimized' height=\"600\" width=\"1111\"  itemprop=\"thumbnailUrl\" srcset=\"https:\/\/radiorevelacionfm.cl\/wp-content\/uploads\/2022\/09\/cueca-jose-y-lidia-2-1_optimized.jpg 1111w, https:\/\/radiorevelacionfm.cl\/wp-content\/uploads\/2022\/09\/cueca-jose-y-lidia-2-1_optimized-300x162.jpg 300w, https:\/\/radiorevelacionfm.cl\/wp-content\/uploads\/2022\/09\/cueca-jose-y-lidia-2-1_optimized-1030x556.jpg 1030w, https:\/\/radiorevelacionfm.cl\/wp-content\/uploads\/2022\/09\/cueca-jose-y-lidia-2-1_optimized-768x415.jpg 768w, https:\/\/radiorevelacionfm.cl\/wp-content\/uploads\/2022\/09\/cueca-jose-y-lidia-2-1_optimized-705x381.jpg 705w, https:\/\/radiorevelacionfm.cl\/wp-content\/uploads\/2022\/09\/cueca-jose-y-lidia-2-1_optimized-600x324.jpg 600w\" sizes=\"(max-width: 1111px) 100vw, 1111px\" \/><\/div><\/div><\/div><\/div><div class=\"flex_column av_one_full  flex_column_div av-zero-column-padding first  avia-builder-el-2  el_after_av_one_full  el_before_av_one_full  column-top-margin\" style='border-radius:0px; '><section class=\"av_textblock_section \"  itemscope=\"itemscope\" itemtype=\"https:\/\/schema.org\/BlogPosting\" itemprop=\"blogPost\" ><div class='avia_textblock  '   itemprop=\"text\" ><p style=\"text-align: center;\"><strong><span style=\"font-size: 18pt;\">Representantes ayseninos emprendieron viaje para participar en el Nacional de Cueca a realizarse en Tom\u00e9<\/span><\/strong><\/p>\n<div id=\"gtx-trans\" style=\"position: absolute; left: -50px; top: 4.31534px;\">\n<div class=\"gtx-trans-icon\"><\/div>\n<\/div>\n<\/div><\/section><\/div><div class=\"flex_column av_one_full  flex_column_div av-zero-column-padding first  avia-builder-el-4  el_after_av_one_full  el_before_av_hr  column-top-margin\" style='border-radius:0px; '><section class=\"av_textblock_section \"  itemscope=\"itemscope\" itemtype=\"https:\/\/schema.org\/BlogPosting\" itemprop=\"blogPost\" ><div class='avia_textblock  '   itemprop=\"text\" ><p style=\"text-align: justify;\">Este jueves,\u00a0la pareja de cueca integrada por Lidia Medina y Jos\u00e9 Montiel, emprendieron viaje hacia la ciudad de Tom\u00e9, lugar donde el fin de semana se realizar\u00e1 la competencia de nuestro baile nacional, en la categor\u00eda adulto mayor.<\/p>\n<p style=\"text-align: justify;\">\u201cAntes de viajar nos juntamos con la se\u00f1ora Rosita Navarro, quien nos ha apoyado mucho, la se\u00f1ora Anita Nahuelquin y hay varios clubes de adultos mayores, como as\u00ed tambi\u00e9n harta gente que ha estado con nosotros colaborando. Aparte, ellos se han movido bastante para que nosotros podamos viajar holgadamente a Tom\u00e9, donde se va a realizar el concurso. Entonces, yo quiero comenzar agradeciendo a Dios por esta oportunidad y a toda y cada una de las personas que nos han ayudado\u201d, coment\u00f3 Jos\u00e9 \u201cpepe\u201d Montiel.<\/p>\n<p style=\"text-align: justify;\">Destac\u00f3 tambi\u00e9n que conseguir la vestimenta y el propio hecho de viajar a participar fuera de la regi\u00f3n considera gastos, los cuales gracias a la colaboraci\u00f3n de muchas personas han logrado reunir. Adem\u00e1s, han contado con el apoyo para la preparaci\u00f3n y las variadas invitaciones para presentarse en distintos escenarios locales les han servido para ir ensayando su baile, dijo Montiel.<\/p>\n<p style=\"text-align: justify;\">\u201cHemos sido requeridos por todos lados y hemos ido en todos los lugares donde hemos podido, colegios, jardines, donde nos han invitado ah\u00ed hemos estado, tambi\u00e9n en la actividad que se hizo en la biblioteca p\u00fablica, en la Friosur y las partes donde pudimos estar. Tambi\u00e9n quiero agradecer especialmente a don Manuel, que me ayud\u00f3 con el tema de la manta, con el uso de todos los elementos que llevan a la danza\u201d.<\/p>\n<p style=\"text-align: justify;\">Jos\u00e9 Montiel, a\u00f1adi\u00f3 que buscan dejar bien instalado el nombre de Puerto Ays\u00e9n y sus adultos mayores. \u201cM\u00e1s que todo llevar la voz de Puerto Ays\u00e9n y nosotros queremos representar al adulto mayor, queremos ser embajadores de tanto anciano que est\u00e1 en su casa, de tanta persona mayor, a ellos los queremos representar y poder compartir otras experiencias. Buscando siempre que nosotros los adultos mayores nos tomen en cuenta, que nos hagan participar en todo lo que se pueda, porque la sabidur\u00eda del adulto mayor enriquece a los pueblos\u201d.<\/p>\n<p style=\"text-align: justify;\">Los d\u00edas 24 y 25 de septiembre en la ciudad de Tom\u00e9, se realizar\u00e1 la versi\u00f3n n\u00famero 22 del Campeonato Nacional de Cueca del Adulto Mayor, que tendr\u00e1 como representantes de la regi\u00f3n de Ays\u00e9n a Lidia Medina y Jos\u00e9 Montiel.<\/p>\n<\/div><\/section><\/div><div  style='height:50px' class='hr hr-invisible   avia-builder-el-6  el_after_av_one_full  el_before_av_social_share '><span class='hr-inner ' ><span class='hr-inner-style'><\/span><\/span><\/div><\/p>\n<div  class='av-social-sharing-box  avia-builder-el-7  el_after_av_hr  el_before_av_hr  '><div class='av-share-box'><h5 class='av-share-link-description av-no-toc '>Compartir esta noticia<\/h5><ul class='av-share-box-list noLightbox'><li class='av-share-link av-social-link-facebook' ><a target=\"_blank\" aria-label=\"Compartir en Facebook\" href='https:\/\/www.facebook.com\/sharer.php?u=https:\/\/radiorevelacionfm.cl\/?p=22112&#038;t=Representantes%20ayseninos%20emprendieron%20viaje%20para%20participar%20en%20el%20Nacional%20de%20Cueca%20a%20realizarse%20en%20Tom%C3%A9' aria-hidden='false' data-av_icon='\ue8f3' data-av_iconfont='entypo-fontello' title='' data-avia-related-tooltip='Compartir en Facebook' rel=\"noopener\"><span class='avia_hidden_link_text'>Compartir en Facebook<\/span><\/a><\/li><li class='av-share-link av-social-link-twitter' ><a target=\"_blank\" aria-label=\"Compartir en Twitter\" href='https:\/\/twitter.com\/share?text=Representantes%20ayseninos%20emprendieron%20viaje%20para%20participar%20en%20el%20Nacional%20de%20Cueca%20a%20realizarse%20en%20Tom%C3%A9&#038;url=https:\/\/radiorevelacionfm.cl\/?p=22112' aria-hidden='false' data-av_icon='\ue8f1' data-av_iconfont='entypo-fontello' title='' data-avia-related-tooltip='Compartir en Twitter' rel=\"noopener\"><span class='avia_hidden_link_text'>Compartir en Twitter<\/span><\/a><\/li><li class='av-share-link av-social-link-whatsapp' ><a target=\"_blank\" aria-label=\"Compartir en Whatsapp\" href='https:\/\/api.whatsapp.com\/send?text=https:\/\/radiorevelacionfm.cl\/?p=22112' aria-hidden='false' data-av_icon='\uf232' data-av_iconfont='entypo-fontello' title='' data-avia-related-tooltip='Compartir en Whatsapp' rel=\"noopener\"><span class='avia_hidden_link_text'>Compartir en Whatsapp<\/span><\/a><\/li><li class='av-share-link av-social-link-linkedin' ><a target=\"_blank\" aria-label=\"Compartir en LinkedIn\" href='https:\/\/linkedin.com\/shareArticle?mini=true&#038;title=Representantes%20ayseninos%20emprendieron%20viaje%20para%20participar%20en%20el%20Nacional%20de%20Cueca%20a%20realizarse%20en%20Tom%C3%A9&#038;url=https:\/\/radiorevelacionfm.cl\/?p=22112' aria-hidden='false' data-av_icon='\ue8fc' data-av_iconfont='entypo-fontello' title='' data-avia-related-tooltip='Compartir en LinkedIn' rel=\"noopener\"><span class='avia_hidden_link_text'>Compartir en LinkedIn<\/span><\/a><\/li><li class='av-share-link av-social-link-mail' ><a  aria-label=\"Compartir por correo\" href='mailto:?subject=Representantes%20ayseninos%20emprendieron%20viaje%20para%20participar%20en%20el%20Nacional%20de%20Cueca%20a%20realizarse%20en%20Tom%C3%A9&#038;body=https:\/\/radiorevelacionfm.cl\/?p=22112' aria-hidden='false' data-av_icon='\ue805' data-av_iconfont='entypo-fontello' title='' data-avia-related-tooltip='Compartir por correo'><span class='avia_hidden_link_text'>Compartir por correo<\/span><\/a><\/li><\/ul><\/div><\/div>\n<div  style='height:50px' class='hr hr-invisible   avia-builder-el-8  el_after_av_social_share  el_before_av_comments_list '><span class='hr-inner ' ><span class='hr-inner-style'><\/span><\/span><\/div>\n<div  class='av-buildercomment  av-blog-meta-html-info-disabled av-blog-meta-tag-disabled  '><\/div>\n","protected":false},"excerpt":{"rendered":"","protected":false},"author":1,"featured_media":22113,"comment_status":"open","ping_status":"open","sticky":false,"template":"","format":"standard","meta":{"footnotes":""},"categories":[38],"tags":[],"class_list":["post-22112","post","type-post","status-publish","format-standard","has-post-thumbnail","hentry","category-regional"],"jetpack_featured_media_url":"https:\/\/radiorevelacionfm.cl\/wp-content\/uploads\/2022\/09\/cueca-jose-y-lidia-2-1_optimized.jpg","_links":{"self":[{"href":"https:\/\/radiorevelacionfm.cl\/index.php?rest_route=\/wp\/v2\/posts\/22112","targetHints":{"allow":["GET"]}}],"collection":[{"href":"https:\/\/radiorevelacionfm.cl\/index.php?rest_route=\/wp\/v2\/posts"}],"about":[{"href":"https:\/\/radiorevelacionfm.cl\/index.php?rest_route=\/wp\/v2\/types\/post"}],"author":[{"embeddable":true,"href":"https:\/\/radiorevelacionfm.cl\/index.php?rest_route=\/wp\/v2\/users\/1"}],"replies":[{"embeddable":true,"href":"https:\/\/radiorevelacionfm.cl\/index.php?rest_route=%2Fwp%2Fv2%2Fcomments&post=22112"}],"version-history":[{"count":2,"href":"https:\/\/radiorevelacionfm.cl\/index.php?rest_route=\/wp\/v2\/posts\/22112\/revisions"}],"predecessor-version":[{"id":22115,"href":"https:\/\/radiorevelacionfm.cl\/index.php?rest_route=\/wp\/v2\/posts\/22112\/revisions\/22115"}],"wp:featuredmedia":[{"embeddable":true,"href":"https:\/\/radiorevelacionfm.cl\/index.php?rest_route=\/wp\/v2\/media\/22113"}],"wp:attachment":[{"href":"https:\/\/radiorevelacionfm.cl\/index.php?rest_route=%2Fwp%2Fv2%2Fmedia&parent=22112"}],"wp:term":[{"taxonomy":"category","embeddable":true,"href":"https:\/\/radiorevelacionfm.cl\/index.php?rest_route=%2Fwp%2Fv2%2Fcategories&post=22112"},{"taxonomy":"post_tag","embeddable":true,"href":"https:\/\/radiorevelacionfm.cl\/index.php?rest_route=%2Fwp%2Fv2%2Ftags&post=22112"}],"curies":[{"name":"wp","href":"https:\/\/api.w.org\/{rel}","templated":true}]}}