{"id":2211,"date":"2021-01-29T15:29:52","date_gmt":"2021-01-29T18:29:52","guid":{"rendered":"https:\/\/radiorevelacionfm.cl\/?p=2211"},"modified":"2021-01-29T15:29:52","modified_gmt":"2021-01-29T18:29:52","slug":"intendenta-margarita-ossa-estoy-segura-que-este-proceso-de-vacunacion-va-ser-un-exito-y-vamos-a-inmunizar-al-maximo-de-nuestra-poblacion","status":"publish","type":"post","link":"https:\/\/radiorevelacionfm.cl\/?p=2211","title":{"rendered":"Intendenta Margarita Ossa: \u201cEstoy segura que este proceso de vacunaci\u00f3n va ser un \u00e9xito y vamos a inmunizar al m\u00e1ximo de nuestra poblaci\u00f3n\u201d"},"content":{"rendered":"<div class=\"flex_column av_one_full  flex_column_div av-zero-column-padding first  avia-builder-el-0  el_before_av_one_full  avia-builder-el-first  \" style='border-radius:0px; '><div  class='avia-image-container  av-styling-    avia-builder-el-1  avia-builder-el-no-sibling  avia-align-center '  itemprop=\"image\" itemscope=\"itemscope\" itemtype=\"https:\/\/schema.org\/ImageObject\"  ><div class='avia-image-container-inner'><div class='avia-image-overlay-wrap'><img decoding=\"async\" class='wp-image-0 avia-img-lazy-loading-not-0 avia_image' src=\"https:\/\/radiorevelacionfm.cl\/wp-content\/uploads\/2021\/01\/WhatsApp-Image-2021-01-29-at-12.28.02-1.jpeg\" alt='' title=''   itemprop=\"thumbnailUrl\"  \/><\/div><\/div><\/div><\/div><div class=\"flex_column av_one_full  flex_column_div av-zero-column-padding first  avia-builder-el-2  el_after_av_one_full  el_before_av_one_full  column-top-margin\" style='border-radius:0px; '><section class=\"av_textblock_section \"  itemscope=\"itemscope\" itemtype=\"https:\/\/schema.org\/BlogPosting\" itemprop=\"blogPost\" ><div class='avia_textblock  '   itemprop=\"text\" ><p style=\"text-align: center;\"><span style=\"font-size: 18pt;\"><strong>Intendenta Margarita Ossa: \u201cEstoy segura que este proceso de vacunaci\u00f3n va ser un \u00e9xito y vamos a inmunizar al m\u00e1ximo de nuestra poblaci\u00f3n\u201d<\/strong><\/span><\/p>\n<div id=\"gtx-trans\" style=\"position: absolute; left: -50px; top: 4.31534px;\">\n<div class=\"gtx-trans-icon\"><\/div>\n<\/div>\n<\/div><\/section><\/div><div class=\"flex_column av_one_full  flex_column_div av-zero-column-padding first  avia-builder-el-4  el_after_av_one_full  el_before_av_hr  column-top-margin\" style='border-radius:0px; '><section class=\"av_textblock_section \"  itemscope=\"itemscope\" itemtype=\"https:\/\/schema.org\/BlogPosting\" itemprop=\"blogPost\" ><div class='avia_textblock  '   itemprop=\"text\" ><p style=\"text-align: justify;\"><em>De acuerdo al calendario establecido por el Gobierno, la inoculaci\u00f3n partir\u00e1 el pr\u00f3ximo mi\u00e9rcoles 3 de febrero, centr\u00e1ndose en los adultos mayores; en los funcionarios y usuarios de las residencias sanitarias, adem\u00e1s de los funcionarios y residentes de los ELEAM de la regi\u00f3n. \u00a0\u00a0\u00a0<\/em><\/p>\n<p style=\"text-align: justify;\">Este jueves, el Gobierno de Chile anunci\u00f3 que a contar del pr\u00f3ximo 3 de febrero, se proceder\u00e1 con la primera vacunaci\u00f3n masiva a la poblaci\u00f3n nacional gracias a la llegada de 2 millones de dosis de la vacuna Sinovac. A la regi\u00f3n se destinar\u00e1n \u2013en una primera etapa- un total de 12 mil vacunas.<\/p>\n<p style=\"text-align: justify;\">Respecto de este proceso que se avecina, la Intendenta de Ays\u00e9n, Margarita Ossa, explic\u00f3 que \u201cesto da cuenta del tremendo trabajo del Gobierno del Presidente Sebasti\u00e1n Pi\u00f1era \u2013que se inicia en diciembre del a\u00f1o pasado al sellar contratos con los laboratorios- para garantizar a toda la poblaci\u00f3n del pa\u00eds una vacuna; una vacuna que sabemos es muy eficiente contra esta enfermedad\u201d, dijo.<\/p>\n<p style=\"text-align: justify;\">Sobre c\u00f3mo se llevar\u00e1 a cabo el proceso, la Ejecutivo Regional se\u00f1al\u00f3 que \u201ces algo que estamos coordinando con el sector salud y esperamos que sea igual de exitoso como lo fue la vacunaci\u00f3n Pfizer, donde llegamos a m\u00e1s de 2.000 ayseninos, con todas las particularidades log\u00edsticas que ello implic\u00f3, y no tengo dudas que as\u00ed ser\u00e1 porque nuestra gente quiere salir pronto de esta pandemia y afortunadamente esta nueva vacuna es confiable gracias a los estudios cl\u00ednicos en la Universidad Cat\u00f3lica y a la cooperaci\u00f3n de voluntarios, demostrando tambi\u00e9n que es una vacuna m\u00e1s f\u00e1cil de manipular\u201d, agreg\u00f3.<\/p>\n<p style=\"text-align: justify;\">Junto a lo anterior, la Intendenta Regional le recalc\u00f3 a la poblaci\u00f3n de Ays\u00e9n que \u201cser\u00e1n ocho d\u00edas de vacunaci\u00f3n de suma relevancia, donde vamos a llegar a distintos grupos objetivos \u2013teniendo una semana completa dedicada a nuestros adultos mayores- a nuestros funcionarios de las Fuerzas Armadas y de Orden y a todos nuestros funcionarios que prestan labores esenciales de atenci\u00f3n directa a la ciudadan\u00eda\u201d.<\/p>\n<p style=\"text-align: justify;\">Por \u00faltimo, Ossa Rojas le record\u00f3 a la poblaci\u00f3n regional que \u201cla pandemia no ha terminado con la vacuna, es por eso que debemos seguir utilizando todos nuestros elementos de protecci\u00f3n personal y sobre todo respetar los aforos y entender que si yo me cuido, nos cuidamos todos\u201d, concluy\u00f3.<\/p>\n<\/div><\/section><\/div><div  style='height:50px' class='hr hr-invisible   avia-builder-el-6  el_after_av_one_full  el_before_av_social_share '><span class='hr-inner ' ><span class='hr-inner-style'><\/span><\/span><\/div><\/p>\n<div  class='av-social-sharing-box  avia-builder-el-7  el_after_av_hr  el_before_av_hr  '><div class='av-share-box'><h5 class='av-share-link-description av-no-toc '>Compartir esta noticia<\/h5><ul class='av-share-box-list noLightbox'><li class='av-share-link av-social-link-facebook' ><a target=\"_blank\" aria-label=\"Compartir en Facebook\" href='https:\/\/www.facebook.com\/sharer.php?u=https:\/\/radiorevelacionfm.cl\/?p=2211&#038;t=Intendenta%20Margarita%20Ossa%3A%20%E2%80%9CEstoy%20segura%20que%20este%20proceso%20de%20vacunaci%C3%B3n%20va%20ser%20un%20%C3%A9xito%20y%20vamos%20a%20inmunizar%20al%20m%C3%A1ximo%20de%20nuestra%20poblaci%C3%B3n%E2%80%9D' aria-hidden='false' data-av_icon='\ue8f3' data-av_iconfont='entypo-fontello' title='' data-avia-related-tooltip='Compartir en Facebook' rel=\"noopener\"><span class='avia_hidden_link_text'>Compartir en Facebook<\/span><\/a><\/li><li class='av-share-link av-social-link-twitter' ><a target=\"_blank\" aria-label=\"Compartir en Twitter\" href='https:\/\/twitter.com\/share?text=Intendenta%20Margarita%20Ossa%3A%20%E2%80%9CEstoy%20segura%20que%20este%20proceso%20de%20vacunaci%C3%B3n%20va%20ser%20un%20%C3%A9xito%20y%20vamos%20a%20inmunizar%20al%20m%C3%A1ximo%20de%20nuestra%20poblaci%C3%B3n%E2%80%9D&#038;url=https:\/\/radiorevelacionfm.cl\/?p=2211' aria-hidden='false' data-av_icon='\ue8f1' data-av_iconfont='entypo-fontello' title='' data-avia-related-tooltip='Compartir en Twitter' rel=\"noopener\"><span class='avia_hidden_link_text'>Compartir en Twitter<\/span><\/a><\/li><li class='av-share-link av-social-link-whatsapp' ><a target=\"_blank\" aria-label=\"Compartir en Whatsapp\" href='https:\/\/api.whatsapp.com\/send?text=https:\/\/radiorevelacionfm.cl\/?p=2211' aria-hidden='false' data-av_icon='\uf232' data-av_iconfont='entypo-fontello' title='' data-avia-related-tooltip='Compartir en Whatsapp' rel=\"noopener\"><span class='avia_hidden_link_text'>Compartir en Whatsapp<\/span><\/a><\/li><li class='av-share-link av-social-link-linkedin' ><a target=\"_blank\" aria-label=\"Compartir en LinkedIn\" href='https:\/\/linkedin.com\/shareArticle?mini=true&#038;title=Intendenta%20Margarita%20Ossa%3A%20%E2%80%9CEstoy%20segura%20que%20este%20proceso%20de%20vacunaci%C3%B3n%20va%20ser%20un%20%C3%A9xito%20y%20vamos%20a%20inmunizar%20al%20m%C3%A1ximo%20de%20nuestra%20poblaci%C3%B3n%E2%80%9D&#038;url=https:\/\/radiorevelacionfm.cl\/?p=2211' aria-hidden='false' data-av_icon='\ue8fc' data-av_iconfont='entypo-fontello' title='' data-avia-related-tooltip='Compartir en LinkedIn' rel=\"noopener\"><span class='avia_hidden_link_text'>Compartir en LinkedIn<\/span><\/a><\/li><li class='av-share-link av-social-link-mail' ><a  aria-label=\"Compartir por correo\" href='mailto:?subject=Intendenta%20Margarita%20Ossa%3A%20%E2%80%9CEstoy%20segura%20que%20este%20proceso%20de%20vacunaci%C3%B3n%20va%20ser%20un%20%C3%A9xito%20y%20vamos%20a%20inmunizar%20al%20m%C3%A1ximo%20de%20nuestra%20poblaci%C3%B3n%E2%80%9D&#038;body=https:\/\/radiorevelacionfm.cl\/?p=2211' aria-hidden='false' data-av_icon='\ue805' data-av_iconfont='entypo-fontello' title='' data-avia-related-tooltip='Compartir por correo'><span class='avia_hidden_link_text'>Compartir por correo<\/span><\/a><\/li><\/ul><\/div><\/div>\n<div  style='height:50px' class='hr hr-invisible   avia-builder-el-8  el_after_av_social_share  el_before_av_comments_list '><span class='hr-inner ' ><span class='hr-inner-style'><\/span><\/span><\/div>\n<div  class='av-buildercomment  av-blog-meta-html-info-disabled av-blog-meta-tag-disabled  '><\/div>\n","protected":false},"excerpt":{"rendered":"","protected":false},"author":1,"featured_media":0,"comment_status":"open","ping_status":"open","sticky":false,"template":"","format":"standard","meta":{"footnotes":""},"categories":[38],"tags":[],"class_list":["post-2211","post","type-post","status-publish","format-standard","hentry","category-regional"],"jetpack_featured_media_url":"","_links":{"self":[{"href":"https:\/\/radiorevelacionfm.cl\/index.php?rest_route=\/wp\/v2\/posts\/2211","targetHints":{"allow":["GET"]}}],"collection":[{"href":"https:\/\/radiorevelacionfm.cl\/index.php?rest_route=\/wp\/v2\/posts"}],"about":[{"href":"https:\/\/radiorevelacionfm.cl\/index.php?rest_route=\/wp\/v2\/types\/post"}],"author":[{"embeddable":true,"href":"https:\/\/radiorevelacionfm.cl\/index.php?rest_route=\/wp\/v2\/users\/1"}],"replies":[{"embeddable":true,"href":"https:\/\/radiorevelacionfm.cl\/index.php?rest_route=%2Fwp%2Fv2%2Fcomments&post=2211"}],"version-history":[{"count":1,"href":"https:\/\/radiorevelacionfm.cl\/index.php?rest_route=\/wp\/v2\/posts\/2211\/revisions"}],"predecessor-version":[{"id":2213,"href":"https:\/\/radiorevelacionfm.cl\/index.php?rest_route=\/wp\/v2\/posts\/2211\/revisions\/2213"}],"wp:attachment":[{"href":"https:\/\/radiorevelacionfm.cl\/index.php?rest_route=%2Fwp%2Fv2%2Fmedia&parent=2211"}],"wp:term":[{"taxonomy":"category","embeddable":true,"href":"https:\/\/radiorevelacionfm.cl\/index.php?rest_route=%2Fwp%2Fv2%2Fcategories&post=2211"},{"taxonomy":"post_tag","embeddable":true,"href":"https:\/\/radiorevelacionfm.cl\/index.php?rest_route=%2Fwp%2Fv2%2Ftags&post=2211"}],"curies":[{"name":"wp","href":"https:\/\/api.w.org\/{rel}","templated":true}]}}