{"id":22105,"date":"2022-09-23T09:23:04","date_gmt":"2022-09-23T12:23:04","guid":{"rendered":"https:\/\/radiorevelacionfm.cl\/?p=22105"},"modified":"2022-09-23T09:23:04","modified_gmt":"2022-09-23T12:23:04","slug":"emprendedoras-de-manihuales-cisnes-y-aysen-recibieron-premio-mujeres-con-energia","status":"publish","type":"post","link":"https:\/\/radiorevelacionfm.cl\/?p=22105","title":{"rendered":"Emprendedoras de Ma\u00f1ihuales, Cisnes y Ays\u00e9n recibieron premio \u00abMujeres con Energ\u00eda\u00bb"},"content":{"rendered":"<div class=\"flex_column av_one_full  flex_column_div av-zero-column-padding first  avia-builder-el-0  el_before_av_one_full  avia-builder-el-first  \" style='border-radius:0px; '><div  class='avia-image-container  av-styling-    avia-builder-el-1  avia-builder-el-no-sibling  avia-align-center '  itemprop=\"image\" itemscope=\"itemscope\" itemtype=\"https:\/\/schema.org\/ImageObject\"  ><div class='avia-image-container-inner'><div class='avia-image-overlay-wrap'><img decoding=\"async\" class='wp-image-22106 avia-img-lazy-loading-not-22106 avia_image' src=\"https:\/\/radiorevelacionfm.cl\/wp-content\/uploads\/2022\/09\/MUJERES-PREMIO-696x522-1-1.jpg\" alt='' title='MUJERES-PREMIO-696x522 (1) (1)' height=\"600\" width=\"936\"  itemprop=\"thumbnailUrl\" srcset=\"https:\/\/radiorevelacionfm.cl\/wp-content\/uploads\/2022\/09\/MUJERES-PREMIO-696x522-1-1.jpg 936w, https:\/\/radiorevelacionfm.cl\/wp-content\/uploads\/2022\/09\/MUJERES-PREMIO-696x522-1-1-300x192.jpg 300w, https:\/\/radiorevelacionfm.cl\/wp-content\/uploads\/2022\/09\/MUJERES-PREMIO-696x522-1-1-768x492.jpg 768w, https:\/\/radiorevelacionfm.cl\/wp-content\/uploads\/2022\/09\/MUJERES-PREMIO-696x522-1-1-705x452.jpg 705w, https:\/\/radiorevelacionfm.cl\/wp-content\/uploads\/2022\/09\/MUJERES-PREMIO-696x522-1-1-600x385.jpg 600w\" sizes=\"(max-width: 936px) 100vw, 936px\" \/><\/div><\/div><\/div><\/div><div class=\"flex_column av_one_full  flex_column_div av-zero-column-padding first  avia-builder-el-2  el_after_av_one_full  el_before_av_one_full  column-top-margin\" style='border-radius:0px; '><section class=\"av_textblock_section \"  itemscope=\"itemscope\" itemtype=\"https:\/\/schema.org\/BlogPosting\" itemprop=\"blogPost\" ><div class='avia_textblock  '   itemprop=\"text\" ><p style=\"text-align: center;\"><strong><span style=\"font-size: 18pt;\">Emprendedoras de Ma\u00f1ihuales, Cisnes y Ays\u00e9n recibieron premio \u00abMujeres con Energ\u00eda\u00bb<\/span><\/strong><\/p>\n<div id=\"gtx-trans\" style=\"position: absolute; left: -50px; top: 4.31534px;\">\n<div class=\"gtx-trans-icon\"><\/div>\n<\/div>\n<\/div><\/section><\/div><div class=\"flex_column av_one_full  flex_column_div av-zero-column-padding first  avia-builder-el-4  el_after_av_one_full  el_before_av_hr  column-top-margin\" style='border-radius:0px; '><section class=\"av_textblock_section \"  itemscope=\"itemscope\" itemtype=\"https:\/\/schema.org\/BlogPosting\" itemprop=\"blogPost\" ><div class='avia_textblock  '   itemprop=\"text\" ><p style=\"text-align: justify;\">Tras culminar la segunda academia de emprendimiento del programa Mujeres con Energ\u00eda de Grupo Saesa, las tres ganadoras de la Regi\u00f3n de Ays\u00e9n recibieron en la ciudad de Coyhaique su cheque por un mill\u00f3n de pesos de libre disposici\u00f3n.<\/p>\n<p style=\"text-align: justify;\">Y fue a trav\u00e9s de una ceremonia realizada en dependencias de la C\u00e1mara Chilena de la Construcci\u00f3n en donde se hizo entrega de los premios a Valeria Valenzuela Carrillo de Puerto Ays\u00e9n, Nancy Ruiz Arias de Puerto Cisnes y Margarita Vargas de Villa Ma\u00f1ihuales.<\/p>\n<p style=\"text-align: justify;\">Esta \u00faltima, con su emprendimiento familiar de alojamiento y turismo, Camping Las Margaritas, fue la que obtuvo el puntaje m\u00e1s alto de la academia.<\/p>\n<p style=\"text-align: justify;\">\u201cMe siento s\u00faper orgullosa, porque a mi edad he pasado tropiezos con hartas cosas igual, pero siempre he salido adelante. Cuando yo me propongo algo, tengo que sacarlo. Y gracias a mis hijos que me cooperaron, me ayudaron. En ese mes mi hijo me hab\u00eda invitado a la quinta regi\u00f3n, porque \u00e9l vive all\u00e1, para pasar el invierno, porque hay m\u00e1s tiempo para salir, as\u00ed que ten\u00eda todo el tiempo disponible para estar conectada en eso\u201d, dice Margarita.<\/p>\n<p style=\"text-align: justify;\">Para Nancy, con su servicio de banqueter\u00eda y comida, Delicias Magus en Puerto Cisnes, su participaci\u00f3n de esta academia es una motivaci\u00f3n. \u201cEs s\u00faper importante porque te ayuda a crecer, es un desaf\u00edo que yo constantemente me estoy planteando para mi, para ver hasta d\u00f3nde puedo llegar como emprendedora, y la verdad es que tampoco me esperaba estar entre las ganadoras, gran sorpresa. En estos momentos a\u00fan no nos convencemos que s\u00ed fuimos las ganadoras\u201d.<\/p>\n<p style=\"text-align: justify;\">Y desde Puerto Ays\u00e9n, Valeria con su empresa de dise\u00f1os locales Monitos Vole, tambi\u00e9n se mostr\u00f3 emocionada con su premio, indicando que \u201ces s\u00faper gratificante terminar la academia, porque es s\u00faper dif\u00edcil llevar adelante estos procesos como aprender de manera online, y una sorpresa tremenda poder ser finalista y ganadoras del premio\u201d.<\/p>\n<p style=\"text-align: justify;\">Por su parte el jefe de Servicio al Cliente de Edelaysen, Patricio Raimilla Guzm\u00e1n, destac\u00f3 el empuje de las emprendedoras de Ays\u00e9n, poniendo como ejemplo a la alumna con la mejor calificaci\u00f3n de la academia.<\/p>\n<p style=\"text-align: justify;\">\u201cComo Edelaysen y como Grupo Saesa, es s\u00faper importante, s\u00faper gratificante tambi\u00e9n, tener a tres mujeres de una regi\u00f3n tan aislada como la regi\u00f3n de Ays\u00e9n, y m\u00e1s a\u00fan que una de ellas haya tenido la mejor evaluaci\u00f3n en toda la Academia, es decir, de m\u00e1s de 100 personas, casi dos mil kil\u00f3metros de zona de concesi\u00f3n, que destaquen, que participen y sean parte fundamental del programa. Es muy dif\u00edcil hacer emprendimiento en una regi\u00f3n tan aislada como esta, y que todos formemos parte de eso y ayudemos con un granito de arena, la verdad es que es s\u00faper valorable y gratificante para nosotros\u201d.<\/p>\n<p style=\"text-align: justify;\">En la segunda Academia de Emprendedoras del programa \u201cMujeres con Energ\u00eda\u201d del Grupo Saesa y Edelaysen, participaron m\u00e1s de 100 emprendedoras del sur del pa\u00eds, donde 69 de ellas obtuvieron la certificaci\u00f3n que les otorga AIEP, entidad que estuvo a cargo de los cursos de formaci\u00f3n.<\/p>\n<\/div><\/section><\/div><div  style='height:50px' class='hr hr-invisible   avia-builder-el-6  el_after_av_one_full  el_before_av_social_share '><span class='hr-inner ' ><span class='hr-inner-style'><\/span><\/span><\/div><\/p>\n<div  class='av-social-sharing-box  avia-builder-el-7  el_after_av_hr  el_before_av_hr  '><div class='av-share-box'><h5 class='av-share-link-description av-no-toc '>Compartir esta noticia<\/h5><ul class='av-share-box-list noLightbox'><li class='av-share-link av-social-link-facebook' ><a target=\"_blank\" aria-label=\"Compartir en Facebook\" href='https:\/\/www.facebook.com\/sharer.php?u=https:\/\/radiorevelacionfm.cl\/?p=22105&#038;t=Emprendedoras%20de%20Ma%C3%B1ihuales%2C%20Cisnes%20y%20Ays%C3%A9n%20recibieron%20premio%20%C2%ABMujeres%20con%20Energ%C3%ADa%C2%BB' aria-hidden='false' data-av_icon='\ue8f3' data-av_iconfont='entypo-fontello' title='' data-avia-related-tooltip='Compartir en Facebook' rel=\"noopener\"><span class='avia_hidden_link_text'>Compartir en Facebook<\/span><\/a><\/li><li class='av-share-link av-social-link-twitter' ><a target=\"_blank\" aria-label=\"Compartir en Twitter\" href='https:\/\/twitter.com\/share?text=Emprendedoras%20de%20Ma%C3%B1ihuales%2C%20Cisnes%20y%20Ays%C3%A9n%20recibieron%20premio%20%C2%ABMujeres%20con%20Energ%C3%ADa%C2%BB&#038;url=https:\/\/radiorevelacionfm.cl\/?p=22105' aria-hidden='false' data-av_icon='\ue8f1' data-av_iconfont='entypo-fontello' title='' data-avia-related-tooltip='Compartir en Twitter' rel=\"noopener\"><span class='avia_hidden_link_text'>Compartir en Twitter<\/span><\/a><\/li><li class='av-share-link av-social-link-whatsapp' ><a target=\"_blank\" aria-label=\"Compartir en Whatsapp\" href='https:\/\/api.whatsapp.com\/send?text=https:\/\/radiorevelacionfm.cl\/?p=22105' aria-hidden='false' data-av_icon='\uf232' data-av_iconfont='entypo-fontello' title='' data-avia-related-tooltip='Compartir en Whatsapp' rel=\"noopener\"><span class='avia_hidden_link_text'>Compartir en Whatsapp<\/span><\/a><\/li><li class='av-share-link av-social-link-linkedin' ><a target=\"_blank\" aria-label=\"Compartir en LinkedIn\" href='https:\/\/linkedin.com\/shareArticle?mini=true&#038;title=Emprendedoras%20de%20Ma%C3%B1ihuales%2C%20Cisnes%20y%20Ays%C3%A9n%20recibieron%20premio%20%C2%ABMujeres%20con%20Energ%C3%ADa%C2%BB&#038;url=https:\/\/radiorevelacionfm.cl\/?p=22105' aria-hidden='false' data-av_icon='\ue8fc' data-av_iconfont='entypo-fontello' title='' data-avia-related-tooltip='Compartir en LinkedIn' rel=\"noopener\"><span class='avia_hidden_link_text'>Compartir en LinkedIn<\/span><\/a><\/li><li class='av-share-link av-social-link-mail' ><a  aria-label=\"Compartir por correo\" href='mailto:?subject=Emprendedoras%20de%20Ma%C3%B1ihuales%2C%20Cisnes%20y%20Ays%C3%A9n%20recibieron%20premio%20%C2%ABMujeres%20con%20Energ%C3%ADa%C2%BB&#038;body=https:\/\/radiorevelacionfm.cl\/?p=22105' aria-hidden='false' data-av_icon='\ue805' data-av_iconfont='entypo-fontello' title='' data-avia-related-tooltip='Compartir por correo'><span class='avia_hidden_link_text'>Compartir por correo<\/span><\/a><\/li><\/ul><\/div><\/div>\n<div  style='height:50px' class='hr hr-invisible   avia-builder-el-8  el_after_av_social_share  el_before_av_comments_list '><span class='hr-inner ' ><span class='hr-inner-style'><\/span><\/span><\/div>\n<div  class='av-buildercomment  av-blog-meta-html-info-disabled av-blog-meta-tag-disabled  '><\/div>\n","protected":false},"excerpt":{"rendered":"","protected":false},"author":1,"featured_media":22106,"comment_status":"open","ping_status":"open","sticky":false,"template":"","format":"standard","meta":{"footnotes":""},"categories":[38],"tags":[],"class_list":["post-22105","post","type-post","status-publish","format-standard","has-post-thumbnail","hentry","category-regional"],"jetpack_featured_media_url":"https:\/\/radiorevelacionfm.cl\/wp-content\/uploads\/2022\/09\/MUJERES-PREMIO-696x522-1-1.jpg","_links":{"self":[{"href":"https:\/\/radiorevelacionfm.cl\/index.php?rest_route=\/wp\/v2\/posts\/22105","targetHints":{"allow":["GET"]}}],"collection":[{"href":"https:\/\/radiorevelacionfm.cl\/index.php?rest_route=\/wp\/v2\/posts"}],"about":[{"href":"https:\/\/radiorevelacionfm.cl\/index.php?rest_route=\/wp\/v2\/types\/post"}],"author":[{"embeddable":true,"href":"https:\/\/radiorevelacionfm.cl\/index.php?rest_route=\/wp\/v2\/users\/1"}],"replies":[{"embeddable":true,"href":"https:\/\/radiorevelacionfm.cl\/index.php?rest_route=%2Fwp%2Fv2%2Fcomments&post=22105"}],"version-history":[{"count":2,"href":"https:\/\/radiorevelacionfm.cl\/index.php?rest_route=\/wp\/v2\/posts\/22105\/revisions"}],"predecessor-version":[{"id":22108,"href":"https:\/\/radiorevelacionfm.cl\/index.php?rest_route=\/wp\/v2\/posts\/22105\/revisions\/22108"}],"wp:featuredmedia":[{"embeddable":true,"href":"https:\/\/radiorevelacionfm.cl\/index.php?rest_route=\/wp\/v2\/media\/22106"}],"wp:attachment":[{"href":"https:\/\/radiorevelacionfm.cl\/index.php?rest_route=%2Fwp%2Fv2%2Fmedia&parent=22105"}],"wp:term":[{"taxonomy":"category","embeddable":true,"href":"https:\/\/radiorevelacionfm.cl\/index.php?rest_route=%2Fwp%2Fv2%2Fcategories&post=22105"},{"taxonomy":"post_tag","embeddable":true,"href":"https:\/\/radiorevelacionfm.cl\/index.php?rest_route=%2Fwp%2Fv2%2Ftags&post=22105"}],"curies":[{"name":"wp","href":"https:\/\/api.w.org\/{rel}","templated":true}]}}