{"id":22102,"date":"2022-09-23T15:38:31","date_gmt":"2022-09-23T18:38:31","guid":{"rendered":"https:\/\/radiorevelacionfm.cl\/?p=22102"},"modified":"2022-09-23T15:38:31","modified_gmt":"2022-09-23T18:38:31","slug":"reciente-expedicion-invernal-al-istmo-de-ofqui-cientificos-relatan-su-experiencia-y-hallazgos","status":"publish","type":"post","link":"https:\/\/radiorevelacionfm.cl\/?p=22102","title":{"rendered":"Reciente expedici\u00f3n invernal al Istmo de Ofqui, cient\u00edficos relatan su experiencia y hallazgos"},"content":{"rendered":"<div class=\"flex_column av_one_full  flex_column_div av-zero-column-padding first  avia-builder-el-0  el_before_av_one_full  avia-builder-el-first  \" style='border-radius:0px; '><div  class='avia-image-container  av-styling-    avia-builder-el-1  avia-builder-el-no-sibling  avia-align-center '  itemprop=\"image\" itemscope=\"itemscope\" itemtype=\"https:\/\/schema.org\/ImageObject\"  ><div class='avia-image-container-inner'><div class='avia-image-overlay-wrap'><img decoding=\"async\" class='wp-image-22103 avia-img-lazy-loading-not-22103 avia_image' src=\"https:\/\/radiorevelacionfm.cl\/wp-content\/uploads\/2022\/09\/ofqui_1-1_optimized.jpg\" alt='' title='ofqui_1-(1)_optimized' height=\"600\" width=\"1298\"  itemprop=\"thumbnailUrl\" srcset=\"https:\/\/radiorevelacionfm.cl\/wp-content\/uploads\/2022\/09\/ofqui_1-1_optimized.jpg 1298w, https:\/\/radiorevelacionfm.cl\/wp-content\/uploads\/2022\/09\/ofqui_1-1_optimized-300x139.jpg 300w, https:\/\/radiorevelacionfm.cl\/wp-content\/uploads\/2022\/09\/ofqui_1-1_optimized-1030x476.jpg 1030w, https:\/\/radiorevelacionfm.cl\/wp-content\/uploads\/2022\/09\/ofqui_1-1_optimized-768x355.jpg 768w, https:\/\/radiorevelacionfm.cl\/wp-content\/uploads\/2022\/09\/ofqui_1-1_optimized-705x326.jpg 705w, https:\/\/radiorevelacionfm.cl\/wp-content\/uploads\/2022\/09\/ofqui_1-1_optimized-600x277.jpg 600w\" sizes=\"(max-width: 1298px) 100vw, 1298px\" \/><\/div><\/div><\/div><\/div><div class=\"flex_column av_one_full  flex_column_div av-zero-column-padding first  avia-builder-el-2  el_after_av_one_full  el_before_av_one_full  column-top-margin\" style='border-radius:0px; '><section class=\"av_textblock_section \"  itemscope=\"itemscope\" itemtype=\"https:\/\/schema.org\/BlogPosting\" itemprop=\"blogPost\" ><div class='avia_textblock  '   itemprop=\"text\" ><p style=\"text-align: center;\"><strong><span style=\"font-size: 18pt;\">Reciente expedici\u00f3n invernal al Istmo de Ofqui, cient\u00edficos relatan su experiencia y hallazgos<\/span><\/strong><\/p>\n<div id=\"gtx-trans\" style=\"position: absolute; left: -50px; top: 4.31534px;\">\n<div class=\"gtx-trans-icon\"><\/div>\n<\/div>\n<\/div><\/section><\/div><div class=\"flex_column av_one_full  flex_column_div av-zero-column-padding first  avia-builder-el-4  el_after_av_one_full  el_before_av_hr  column-top-margin\" style='border-radius:0px; '><section class=\"av_textblock_section \"  itemscope=\"itemscope\" itemtype=\"https:\/\/schema.org\/BlogPosting\" itemprop=\"blogPost\" ><div class='avia_textblock  '   itemprop=\"text\" ><p style=\"text-align: justify;\">A finales de agosto un equipo multidisciplinario de cient\u00edficos y cient\u00edficas exploraron la remota zona del Istmo de Ofqui, durante la exigente temporada invernal de la Patagonia chilena. Este lugar guarda incre\u00edbles secretos cient\u00edficos que a\u00fan no hab\u00edan sido explorados en tal magnitud por las diversas disciplinas.<\/p>\n<p style=\"text-align: justify;\">Ocean\u00f3grafos, especialistas en especies marinas, tanto mam\u00edferos como bent\u00f3nicas, limn\u00f3logos, arque\u00f3logos y paleoec\u00f3logos conformaron la segunda expedici\u00f3n al Istmo de Ofqui, la cual tuvo una primera exploraci\u00f3n durante el a\u00f1o 2021, en ambas oportunidades se tomaron diversas muestras del \u201ccasi intacto\u201d estado del Golfo de Penas, un ecosistema que re\u00fane una desembocadura glaciar, el mar, la Laguna San Rafael, desembocadura de r\u00edos, el h\u00e1bitat de ballenas en riesgo de extinci\u00f3n, una de las m\u00e1s extensas playa de Chile e \u00a0intervenciones humanas que intentaron abrir una senda entre el mar y la laguna. Todas estas caracter\u00edsticas re\u00fanen el sector conocido como Istmo de Ofqui, ubicado en el golfo de Penas, regi\u00f3n de Ays\u00e9n, una zona que para los investigadores de las ciencias humanas y naturales sigue siendo a\u00fan un misterio con gran potencial cient\u00edfico.<\/p>\n<p style=\"text-align: justify;\">Conversamos en detalle con las diferentes l\u00edneas de estudio que abord\u00f3 la reciente expedici\u00f3n, la que reuni\u00f3 a cient\u00edficos y cient\u00edficas de tres centros de nuestro pa\u00eds, desde Ays\u00e9n el Centro de Investigaci\u00f3n en Ecosistemas de la Patagonia (CIEP), organizadores de la campa\u00f1a, desde Coquimbo el Centro de Estudios Avanzados en Zonas \u00c1ridas (CEAZA), especialistas en mam\u00edferos marinos y desde la regi\u00f3n del Biob\u00edo, el Centro Copas Coastal, qui\u00e9nes tienen una sede en la comuna de Tortel y gran experiencia oceanogr\u00e1fica.<\/p>\n<p style=\"text-align: justify;\"><strong>Ecosistemas dulceacu\u00edcolas<\/strong><\/p>\n<p style=\"text-align: justify;\">En t\u00e9rmino de ecosistemas dulceacu\u00edcolas el equipo de CIEP pudo describir de manera preliminar las caracter\u00edsticas limnol\u00f3gicas de este territorio, con dos grandes cuencas, los r\u00edos San Tadeo y Nevado que drenan agua de glaciar, adem\u00e1s de un extenso sistema de humedales y lagunas, los cuales probablemente est\u00e1 fuertemente influenciado por la zona costera. El bi\u00f3logo Luis Uribe relata, \u201cnos encontramos con un gran desaf\u00edo para tener acceso a estos cuerpos de agua tierra adentro, pudiendo solo tomar muestras (calidad de agua y biodiversidad de macroinvertebrados) en los lugares m\u00e1s cercanos a la l\u00ednea de costa, a excepci\u00f3n del r\u00edo San Tadeo, el cual remontamos con zodiac aguas arriba tomando muestras de agua de varios de sus afluentes, con el fin de entender la din\u00e1mica f\u00edsico-qu\u00edmica de su drenaje y c\u00f3mo esta agua influye en el estuario y la productividad marina costera.\u00a0En general, nuestro objetivo principal fue recorrer el territorio, observarlo y hacer nos preguntas con enfoque cient\u00edfico para a futuro poder estudiar y entender la interacci\u00f3n terrestre-marina de estos ecosistemas dulceacu\u00edcolas tan lejanos de los efectos antropog\u00e9nicos\u201d.<\/p>\n<p style=\"text-align: justify;\"><strong>Paleoecolog\u00eda y arqueolog\u00eda<\/strong><\/p>\n<p style=\"text-align: justify;\">Con el fin de realizar estudios Paleoecol\u00f3gicos se tomaron muestras de musgos, para an\u00e1lisis de polen, en sitios con diferentes caracter\u00edsticas ecosist\u00e9micas, lo que permitir\u00e1 generar una colecci\u00f3n de lluvia de polen moderno en un \u00e1rea sin registros previos. Este primer avance busca entender qu\u00e9 especies de plantas influyen en determinados espacios, as\u00ed tambi\u00e9n cu\u00e1l es la potencia de la se\u00f1al antr\u00f3pica en el paisaje. A futuro se espera construir una imagen integra de estos procesos y entender c\u00f3mo ha cambiado a trav\u00e9s del tiempo el paisaje de esta zona. Junto a lo anterior, se realizaron prospecciones arqueol\u00f3gicas entendiendo los distintos procesos territoriales que se han dado en el \u00e1rea, tanto en t\u00e9rminos de habitabilidad de pueblos ind\u00edgenas canoeros, como tambi\u00e9n de procesos hist\u00f3ricos, especialmente asociados a la construcci\u00f3n del canal en el istmo de Ofqui. Estas aproximaciones, complement\u00e1ndose con los hallazgos encontrados en la expedici\u00f3n 2021, permitieron registrar y descartar zonas con material hist\u00f3rico-arqueol\u00f3gico, proyectando a futuro nuevos sitios que puedan albergar alg\u00fan tipo de evidencia cultural de tiempos pasados.<\/p>\n<p style=\"text-align: justify;\"><strong>Ecosistemas Marinos<\/strong><\/p>\n<p style=\"text-align: justify;\">En relaci\u00f3n con la caracterizaci\u00f3n de los sistemas bent\u00f3nicos; aquellas especies que habitan en fondo marino, la Dra. Paula Ortiz, relata \u201cpudimos observar una playa de arena de gran extensi\u00f3n, con caracter\u00edsticas de playa reflectiva y una zona de rompiente de intenso oleaje, en esta playa se identificaron macroalgas a la deriva como huiros (Macrocystis pyrifera) y cochayuyo (Durvillea ant\u00e1rctica) el cual sirve de fuente de alimento para peque\u00f1os crust\u00e1ceos. Debido a las condiciones clim\u00e1ticas y oleaje no pudimos trabajar en la desembocadura del glaciar San Quint\u00edn; Y nos enfocamos en la bah\u00eda San Quint\u00edn ubicada al norte de Golfo de Penas, lugar donde desemboca el rio San Tadeo y se ubican el Seno Aldunate. En esta \u00e1rea m\u00e1s protegida del oleaje, observamos la influencia del r\u00edo y la alta sedimentaci\u00f3n en el fondo marino, el cual se caracteriz\u00f3 por presentar fondos blandos, es decir un sedimento fino tipo fango, el cual fue muestreado mediante el despliegue de un equipo mec\u00e1nico que nos permiti\u00f3 colectar muestras de sedimento para caracterizar diferentes par\u00e1metros sedimentarios como granulometr\u00eda, contenido de materia org\u00e1nica total, potencial Redox y pH, clorofila en sedimentos y la fauna que vive en estos ambientes. Las muestras de sedimento nos indican en una primera instancia influencia glacial dado el color gris claro, textura fina y bajo contenido de materia org\u00e1nica, lo que repercute en bajas biomasas y densidades de fauna\u201d.<\/p>\n<p style=\"text-align: justify;\">Otro factor importante para conocer el estado de salud de los ecosistemas marinos son aquellos estudios relacionados a la columna de agua, donde se obtuvieron muestras para caracterizar en t\u00e9rminos f\u00edsicos; como temperatura, salinidad y ox\u00edgeno, como tambi\u00e9n, qu\u00edmicos; concentraci\u00f3n de nutrientes y biol\u00f3gicos; concentraci\u00f3n de clorofila, carbono org\u00e1nico disuelto, composici\u00f3n de la comunidad bacteriana\/fitoplanct\u00f3nica. Estas muestras podr\u00e1n dar luces del estado de este sector con bajo impacto antropog\u00e9nico, para\u00a0la Dra. Paulina Montero, jefa de la expedici\u00f3n y ocean\u00f3grafa, el ecosistema estudiado presentaba las siguientes caracter\u00edsticas a primera impresi\u00f3n, \u201chasta el momento la data de los perfiles f\u00edsicos nos indica que tenemos una zona bastante oxigenada,\u00a0con concentraciones entre 6.8 y 7.5 ml\/L de ox\u00edgeno disuelto en todas las estaciones de muestreo.\u00a0En aquellas donde se busc\u00f3 estimar la influencia del agua tanto fluvial como glacial en el oc\u00e9ano costero, present\u00f3 profundidades menores a los 15 metros. Dada la alta intensidad del viento en la zona y las condiciones de invierno, pensamos que habr\u00e1 bajas concentraciones de comunidades microplanct\u00f3nicas\u201d.<\/p>\n<p style=\"text-align: justify;\">El Dr. Carlos Olavarr\u00eda, director ejecutivo Centro Cient\u00edfico CEAZA, especialista en mam\u00edferos marinos, relata sus hallazgos, \u201cen el grupo Mar de CEAZA tenemos una l\u00ednea de investigaci\u00f3n que est\u00e1 centrada en las ballenas y su relaci\u00f3n como predadores tope en el ecosistema marino y las condiciones oceanogr\u00e1ficas de los lugares en que se encuentran estos animales. En particular, el golfo de Penas es un sector que hemos estado trabajando desde hace ya varios a\u00f1os para tratar de entender la mortandad masiva de ballenas sei que ha estado ocurriendo desde el a\u00f1o 2015 en adelante. La segunda investigaci\u00f3n que estamos realizando es sobre ballenas franca, tratando de entender los patrones de uso de este lugar, por parte de la hembra y las cr\u00edas. Se piensa que la poblaci\u00f3n de ballenas franca de este sector es muy reducida y que a lo largo de Chile se plantea que est\u00e1 en peligro cr\u00edtico, por lo tanto, identificar pareas de reproducci\u00f3n y crianza de la ballena franca es primordial para poder despu\u00e9s establecer medidas de conservaci\u00f3n\u201d.<\/p>\n<p style=\"text-align: justify;\">El especialista detall\u00f3 que se monitore\u00f3 la costa del sector norte del golfo de Penas para investigar sobre nuevos varamientos de ballenas sei y posteriormente hacer an\u00e1lisis gen\u00e9ticos de sus tejidos. Adem\u00e1s, indica que no se encontraron ejemplares de ballenas franca pero que es\u00a0\u201cimportante seguir este monitoreo a\u00f1o tras a\u00f1o, porque esta poblaci\u00f3n es muy reducida y se considera que est\u00e1 en peligro cr\u00edtico, por lo que se necesita saber si hay \u00e1reas de concentraci\u00f3n durante su \u00e9poca de reproducci\u00f3n\u201d<\/p>\n<p style=\"text-align: justify;\">\u201cA pesar de no haber obtenido tanta data en esta expedici\u00f3n, es muy importante continuar estos estudios y el monitoreo en este sector porque es unos de los lugares a nivel mundial donde se ha concentrado la mayor mortandad de ejemplares de ballenas sei, todos los a\u00f1os estamos encontrando nuevos ejemplares muertos, algo est\u00e1 sucediendo que a\u00fan no logramos comprender. En el caso de las ballenas franca, se trata de una poblaci\u00f3n con tan pocos ejemplares que todav\u00eda no ha sido capaz de recuperarse despu\u00e9s de la ballener\u00eda comercial, por lo que es importante encontrar lugares donde las hembras con sus cr\u00edas vivan sus primeros meses de crianza, y en Chile a\u00fan no logramos identificarlos, pero estamos apostando que eso est\u00e1 ocurriendo en alg\u00fan lugar del golfo de Penas\u201d.<\/p>\n<p style=\"text-align: justify;\">Recordemos que el a\u00f1o 2019 se detect\u00f3 una varaz\u00f3n de ballenas en la zona, ocasi\u00f3n en la que el Centro COPAS instal\u00f3 un punto de muestreo con sensores de ox\u00edgeno, temperatura y conductividad. \u201cEn esta reciente expedici\u00f3n, adem\u00e1s de la recolecci\u00f3n de columna de agua y sedimento de fondo marino, retiramos dichos equipos, cuyos datos ahora deber\u00e1n ser analizados en laboratorio\u201d, comenta Nicol\u00e1s Mayorga, investigador de COPAS Coastal.<\/p>\n<p style=\"text-align: justify;\">Como bien relatan las y los cient\u00edficos, a\u00fan son muy recientes los estudios y hallazgos, sin embargo, para poder establecer una base del estado del ecosistema, como del comportamiento de las ballenas o de indicios del pasado de este sector, es necesario tomar muestras, analizarlas, para as\u00ed, corroborar o descartar teor\u00edas. En base a ello, se espera continuar con las campa\u00f1as multidisciplinarias en diferentes \u00e9pocas del a\u00f1o y con diversidad de especialidades, las que sin duda, se suman y potencian en el trabajo conjunto.<\/p>\n<\/div><\/section><\/div><div  style='height:50px' class='hr hr-invisible   avia-builder-el-6  el_after_av_one_full  el_before_av_social_share '><span class='hr-inner ' ><span class='hr-inner-style'><\/span><\/span><\/div><\/p>\n<div  class='av-social-sharing-box  avia-builder-el-7  el_after_av_hr  el_before_av_hr  '><div class='av-share-box'><h5 class='av-share-link-description av-no-toc '>Compartir esta noticia<\/h5><ul class='av-share-box-list noLightbox'><li class='av-share-link av-social-link-facebook' ><a target=\"_blank\" aria-label=\"Compartir en Facebook\" href='https:\/\/www.facebook.com\/sharer.php?u=https:\/\/radiorevelacionfm.cl\/?p=22102&#038;t=Reciente%20expedici%C3%B3n%20invernal%20al%20Istmo%20de%20Ofqui%2C%20cient%C3%ADficos%20relatan%20su%20experiencia%20y%20hallazgos' aria-hidden='false' data-av_icon='\ue8f3' data-av_iconfont='entypo-fontello' title='' data-avia-related-tooltip='Compartir en Facebook' rel=\"noopener\"><span class='avia_hidden_link_text'>Compartir en Facebook<\/span><\/a><\/li><li class='av-share-link av-social-link-twitter' ><a target=\"_blank\" aria-label=\"Compartir en Twitter\" href='https:\/\/twitter.com\/share?text=Reciente%20expedici%C3%B3n%20invernal%20al%20Istmo%20de%20Ofqui%2C%20cient%C3%ADficos%20relatan%20su%20experiencia%20y%20hallazgos&#038;url=https:\/\/radiorevelacionfm.cl\/?p=22102' aria-hidden='false' data-av_icon='\ue8f1' data-av_iconfont='entypo-fontello' title='' data-avia-related-tooltip='Compartir en Twitter' rel=\"noopener\"><span class='avia_hidden_link_text'>Compartir en Twitter<\/span><\/a><\/li><li class='av-share-link av-social-link-whatsapp' ><a target=\"_blank\" aria-label=\"Compartir en Whatsapp\" href='https:\/\/api.whatsapp.com\/send?text=https:\/\/radiorevelacionfm.cl\/?p=22102' aria-hidden='false' data-av_icon='\uf232' data-av_iconfont='entypo-fontello' title='' data-avia-related-tooltip='Compartir en Whatsapp' rel=\"noopener\"><span class='avia_hidden_link_text'>Compartir en Whatsapp<\/span><\/a><\/li><li class='av-share-link av-social-link-linkedin' ><a target=\"_blank\" aria-label=\"Compartir en LinkedIn\" href='https:\/\/linkedin.com\/shareArticle?mini=true&#038;title=Reciente%20expedici%C3%B3n%20invernal%20al%20Istmo%20de%20Ofqui%2C%20cient%C3%ADficos%20relatan%20su%20experiencia%20y%20hallazgos&#038;url=https:\/\/radiorevelacionfm.cl\/?p=22102' aria-hidden='false' data-av_icon='\ue8fc' data-av_iconfont='entypo-fontello' title='' data-avia-related-tooltip='Compartir en LinkedIn' rel=\"noopener\"><span class='avia_hidden_link_text'>Compartir en LinkedIn<\/span><\/a><\/li><li class='av-share-link av-social-link-mail' ><a  aria-label=\"Compartir por correo\" href='mailto:?subject=Reciente%20expedici%C3%B3n%20invernal%20al%20Istmo%20de%20Ofqui%2C%20cient%C3%ADficos%20relatan%20su%20experiencia%20y%20hallazgos&#038;body=https:\/\/radiorevelacionfm.cl\/?p=22102' aria-hidden='false' data-av_icon='\ue805' data-av_iconfont='entypo-fontello' title='' data-avia-related-tooltip='Compartir por correo'><span class='avia_hidden_link_text'>Compartir por correo<\/span><\/a><\/li><\/ul><\/div><\/div>\n<div  style='height:50px' class='hr hr-invisible   avia-builder-el-8  el_after_av_social_share  el_before_av_comments_list '><span class='hr-inner ' ><span class='hr-inner-style'><\/span><\/span><\/div>\n<div  class='av-buildercomment  av-blog-meta-html-info-disabled av-blog-meta-tag-disabled  '><\/div>\n","protected":false},"excerpt":{"rendered":"","protected":false},"author":1,"featured_media":22103,"comment_status":"open","ping_status":"open","sticky":false,"template":"","format":"standard","meta":{"footnotes":""},"categories":[53],"tags":[],"class_list":["post-22102","post","type-post","status-publish","format-standard","has-post-thumbnail","hentry","category-ciencia"],"jetpack_featured_media_url":"https:\/\/radiorevelacionfm.cl\/wp-content\/uploads\/2022\/09\/ofqui_1-1_optimized.jpg","_links":{"self":[{"href":"https:\/\/radiorevelacionfm.cl\/index.php?rest_route=\/wp\/v2\/posts\/22102","targetHints":{"allow":["GET"]}}],"collection":[{"href":"https:\/\/radiorevelacionfm.cl\/index.php?rest_route=\/wp\/v2\/posts"}],"about":[{"href":"https:\/\/radiorevelacionfm.cl\/index.php?rest_route=\/wp\/v2\/types\/post"}],"author":[{"embeddable":true,"href":"https:\/\/radiorevelacionfm.cl\/index.php?rest_route=\/wp\/v2\/users\/1"}],"replies":[{"embeddable":true,"href":"https:\/\/radiorevelacionfm.cl\/index.php?rest_route=%2Fwp%2Fv2%2Fcomments&post=22102"}],"version-history":[{"count":2,"href":"https:\/\/radiorevelacionfm.cl\/index.php?rest_route=\/wp\/v2\/posts\/22102\/revisions"}],"predecessor-version":[{"id":22126,"href":"https:\/\/radiorevelacionfm.cl\/index.php?rest_route=\/wp\/v2\/posts\/22102\/revisions\/22126"}],"wp:featuredmedia":[{"embeddable":true,"href":"https:\/\/radiorevelacionfm.cl\/index.php?rest_route=\/wp\/v2\/media\/22103"}],"wp:attachment":[{"href":"https:\/\/radiorevelacionfm.cl\/index.php?rest_route=%2Fwp%2Fv2%2Fmedia&parent=22102"}],"wp:term":[{"taxonomy":"category","embeddable":true,"href":"https:\/\/radiorevelacionfm.cl\/index.php?rest_route=%2Fwp%2Fv2%2Fcategories&post=22102"},{"taxonomy":"post_tag","embeddable":true,"href":"https:\/\/radiorevelacionfm.cl\/index.php?rest_route=%2Fwp%2Fv2%2Ftags&post=22102"}],"curies":[{"name":"wp","href":"https:\/\/api.w.org\/{rel}","templated":true}]}}