{"id":22097,"date":"2022-09-22T21:42:50","date_gmt":"2022-09-23T00:42:50","guid":{"rendered":"https:\/\/radiorevelacionfm.cl\/?p=22097"},"modified":"2022-09-22T21:45:19","modified_gmt":"2022-09-23T00:45:19","slug":"ejercito-realizo-accion-civica-septiembre-amigo-en-villa-ohiggins","status":"publish","type":"post","link":"https:\/\/radiorevelacionfm.cl\/?p=22097","title":{"rendered":"Ej\u00e9rcito realiz\u00f3 acci\u00f3n c\u00edvica Septiembre Amigo en Villa O\u00b4Higgins"},"content":{"rendered":"<div class=\"flex_column av_one_full  flex_column_div av-zero-column-padding first  avia-builder-el-0  el_before_av_one_full  avia-builder-el-first  \" style='border-radius:0px; '><div  class='avia-image-container  av-styling-    avia-builder-el-1  avia-builder-el-no-sibling  avia-align-center '  itemprop=\"image\" itemscope=\"itemscope\" itemtype=\"https:\/\/schema.org\/ImageObject\"  ><div class='avia-image-container-inner'><div class='avia-image-overlay-wrap'><img decoding=\"async\" class='wp-image-22098 avia-img-lazy-loading-not-22098 avia_image' src=\"https:\/\/radiorevelacionfm.cl\/wp-content\/uploads\/2022\/09\/Villa-OH-1-1.jpg\" alt='' title='Villa OH (1) (1)' height=\"600\" width=\"1079\"  itemprop=\"thumbnailUrl\" srcset=\"https:\/\/radiorevelacionfm.cl\/wp-content\/uploads\/2022\/09\/Villa-OH-1-1.jpg 1079w, https:\/\/radiorevelacionfm.cl\/wp-content\/uploads\/2022\/09\/Villa-OH-1-1-300x167.jpg 300w, https:\/\/radiorevelacionfm.cl\/wp-content\/uploads\/2022\/09\/Villa-OH-1-1-1030x573.jpg 1030w, https:\/\/radiorevelacionfm.cl\/wp-content\/uploads\/2022\/09\/Villa-OH-1-1-768x427.jpg 768w, https:\/\/radiorevelacionfm.cl\/wp-content\/uploads\/2022\/09\/Villa-OH-1-1-705x392.jpg 705w, https:\/\/radiorevelacionfm.cl\/wp-content\/uploads\/2022\/09\/Villa-OH-1-1-600x334.jpg 600w\" sizes=\"(max-width: 1079px) 100vw, 1079px\" \/><\/div><\/div><\/div><\/div>\n<div class=\"flex_column av_one_full  flex_column_div av-zero-column-padding first  avia-builder-el-2  el_after_av_one_full  el_before_av_one_full  column-top-margin\" style='border-radius:0px; '><section class=\"av_textblock_section \"  itemscope=\"itemscope\" itemtype=\"https:\/\/schema.org\/BlogPosting\" itemprop=\"blogPost\" ><div class='avia_textblock  '   itemprop=\"text\" ><p style=\"text-align: center;\"><strong><span style=\"font-size: 18pt;\">Ej\u00e9rcito realiz\u00f3 acci\u00f3n c\u00edvica Septiembre Amigo en Villa O\u00b4Higgins<\/span><\/strong><\/p>\n<h1 class=\"entry-title\"><\/h1>\n<div id=\"gtx-trans\" style=\"position: absolute; left: -50px; top: 4.31534px;\">\n<div class=\"gtx-trans-icon\"><\/div>\n<\/div>\n<\/div><\/section><\/div><div class=\"flex_column av_one_full  flex_column_div av-zero-column-padding first  avia-builder-el-4  el_after_av_one_full  el_before_av_hr  column-top-margin\" style='border-radius:0px; '><section class=\"av_textblock_section \"  itemscope=\"itemscope\" itemtype=\"https:\/\/schema.org\/BlogPosting\" itemprop=\"blogPost\" ><div class='avia_textblock  '   itemprop=\"text\" ><p style=\"text-align: justify;\">Enmarcado en la actividades del mes de la Patria, se desarroll\u00f3 el programa Septiembre Amigo 2022, acci\u00f3n c\u00edvica que realiza el Ej\u00e9rcito de Chile a nivel nacional en apoyo a contribuir en mejorar la calidad de vida de las comunidades de las zonas aisladas.<\/p>\n<p style=\"text-align: justify;\">Es as\u00ed como personal y medios de la Compa\u00f1\u00eda Andina Divisionaria N\u00b020 \u201cCochrane\u201d, realizaron un operativo c\u00edvico en la comuna de Villa O\u2019Higgins, prestando colaboraci\u00f3n en el traslado de personas por el Lago O\u00b4Higgins por medio de la embarcaci\u00f3n institucional LTP \u201cCapit\u00e1n IHL\u201d.<\/p>\n<p style=\"text-align: justify;\">El Capit\u00e1n Felipe Salgado de la Compa\u00f1\u00eda Andina Divisionaria N\u00b020 \u201cCochrane\u201d se\u00f1ala \u201cCon el apoyo del personal y la lancha del Ejercito Capit\u00e1n IHL, entregamos apoyo a los pobladores del Sector La Ramona, brazo poniente del Lago O\u00b4Higgins, trasladando personas, entregando pertrechos y art\u00edculos personales. Adem\u00e1s, junto con ello se hizo una prueba de comunicaciones satelitales para enlazar a los pobladores con el resto del pa\u00eds\u201d.<\/p>\n<p style=\"text-align: justify;\">En este sentido, lo que para algunos es algo normal y cotidiano, como una video llamada, en el caso de los habitantes del Lago O\u2019Higgins es muy dif\u00edcil por la zona geogr\u00e1fica del lugar, es as\u00ed como una de los pobladores pudo realizar su primera video llamada desde el lago despu\u00e9s de 10 a\u00f1os insistiendo en la conectividad, gracias a la antena facilitada por el Ej\u00e9rcito de Chile.<\/p>\n<p style=\"text-align: justify;\">Adem\u00e1s, se realiz\u00f3 un operativo de peluquer\u00eda y apoyo mec\u00e1nico a los habitantes de Villa O\u2019Higgins, done los efectivos entregaron orientaciones y asesoraron a la comunidad sobre el cuidado de sus veh\u00edculos y las posibles fallas mec\u00e1nicas.<\/p>\n<p style=\"text-align: justify;\">Cabe destacar, que la presente actividad fue recibida de excelente manera por parte de la comunidad, sinti\u00e9ndose muy agradecidos por la preocupaci\u00f3n y apoyo otorgado por los efectivos.<\/p>\n<\/div><\/section><\/div><\/p>\n<div  style='height:50px' class='hr hr-invisible   avia-builder-el-6  el_after_av_one_full  el_before_av_social_share '><span class='hr-inner ' ><span class='hr-inner-style'><\/span><\/span><\/div>\n<div  class='av-social-sharing-box  avia-builder-el-7  el_after_av_hr  el_before_av_hr  '><div class='av-share-box'><h5 class='av-share-link-description av-no-toc '>Compartir esta noticia<\/h5><ul class='av-share-box-list noLightbox'><li class='av-share-link av-social-link-facebook' ><a target=\"_blank\" aria-label=\"Compartir en Facebook\" href='https:\/\/www.facebook.com\/sharer.php?u=https:\/\/radiorevelacionfm.cl\/?p=22097&#038;t=Ej%C3%A9rcito%20realiz%C3%B3%20acci%C3%B3n%20c%C3%ADvica%20Septiembre%20Amigo%20en%20Villa%20O%C2%B4Higgins' aria-hidden='false' data-av_icon='\ue8f3' data-av_iconfont='entypo-fontello' title='' data-avia-related-tooltip='Compartir en Facebook' rel=\"noopener\"><span class='avia_hidden_link_text'>Compartir en Facebook<\/span><\/a><\/li><li class='av-share-link av-social-link-twitter' ><a target=\"_blank\" aria-label=\"Compartir en Twitter\" href='https:\/\/twitter.com\/share?text=Ej%C3%A9rcito%20realiz%C3%B3%20acci%C3%B3n%20c%C3%ADvica%20Septiembre%20Amigo%20en%20Villa%20O%C2%B4Higgins&#038;url=https:\/\/radiorevelacionfm.cl\/?p=22097' aria-hidden='false' data-av_icon='\ue8f1' data-av_iconfont='entypo-fontello' title='' data-avia-related-tooltip='Compartir en Twitter' rel=\"noopener\"><span class='avia_hidden_link_text'>Compartir en Twitter<\/span><\/a><\/li><li class='av-share-link av-social-link-whatsapp' ><a target=\"_blank\" aria-label=\"Compartir en Whatsapp\" href='https:\/\/api.whatsapp.com\/send?text=https:\/\/radiorevelacionfm.cl\/?p=22097' aria-hidden='false' data-av_icon='\uf232' data-av_iconfont='entypo-fontello' title='' data-avia-related-tooltip='Compartir en Whatsapp' rel=\"noopener\"><span class='avia_hidden_link_text'>Compartir en Whatsapp<\/span><\/a><\/li><li class='av-share-link av-social-link-linkedin' ><a target=\"_blank\" aria-label=\"Compartir en LinkedIn\" href='https:\/\/linkedin.com\/shareArticle?mini=true&#038;title=Ej%C3%A9rcito%20realiz%C3%B3%20acci%C3%B3n%20c%C3%ADvica%20Septiembre%20Amigo%20en%20Villa%20O%C2%B4Higgins&#038;url=https:\/\/radiorevelacionfm.cl\/?p=22097' aria-hidden='false' data-av_icon='\ue8fc' data-av_iconfont='entypo-fontello' title='' data-avia-related-tooltip='Compartir en LinkedIn' rel=\"noopener\"><span class='avia_hidden_link_text'>Compartir en LinkedIn<\/span><\/a><\/li><li class='av-share-link av-social-link-mail' ><a  aria-label=\"Compartir por correo\" href='mailto:?subject=Ej%C3%A9rcito%20realiz%C3%B3%20acci%C3%B3n%20c%C3%ADvica%20Septiembre%20Amigo%20en%20Villa%20O%C2%B4Higgins&#038;body=https:\/\/radiorevelacionfm.cl\/?p=22097' aria-hidden='false' data-av_icon='\ue805' data-av_iconfont='entypo-fontello' title='' data-avia-related-tooltip='Compartir por correo'><span class='avia_hidden_link_text'>Compartir por correo<\/span><\/a><\/li><\/ul><\/div><\/div>\n<div  style='height:50px' class='hr hr-invisible   avia-builder-el-8  el_after_av_social_share  el_before_av_comments_list '><span class='hr-inner ' ><span class='hr-inner-style'><\/span><\/span><\/div>\n<div  class='av-buildercomment  av-blog-meta-html-info-disabled av-blog-meta-tag-disabled  '><\/div>\n","protected":false},"excerpt":{"rendered":"","protected":false},"author":1,"featured_media":22098,"comment_status":"open","ping_status":"open","sticky":false,"template":"","format":"standard","meta":{"footnotes":""},"categories":[38],"tags":[],"class_list":["post-22097","post","type-post","status-publish","format-standard","has-post-thumbnail","hentry","category-regional"],"jetpack_featured_media_url":"https:\/\/radiorevelacionfm.cl\/wp-content\/uploads\/2022\/09\/Villa-OH-1-1.jpg","_links":{"self":[{"href":"https:\/\/radiorevelacionfm.cl\/index.php?rest_route=\/wp\/v2\/posts\/22097","targetHints":{"allow":["GET"]}}],"collection":[{"href":"https:\/\/radiorevelacionfm.cl\/index.php?rest_route=\/wp\/v2\/posts"}],"about":[{"href":"https:\/\/radiorevelacionfm.cl\/index.php?rest_route=\/wp\/v2\/types\/post"}],"author":[{"embeddable":true,"href":"https:\/\/radiorevelacionfm.cl\/index.php?rest_route=\/wp\/v2\/users\/1"}],"replies":[{"embeddable":true,"href":"https:\/\/radiorevelacionfm.cl\/index.php?rest_route=%2Fwp%2Fv2%2Fcomments&post=22097"}],"version-history":[{"count":3,"href":"https:\/\/radiorevelacionfm.cl\/index.php?rest_route=\/wp\/v2\/posts\/22097\/revisions"}],"predecessor-version":[{"id":22100,"href":"https:\/\/radiorevelacionfm.cl\/index.php?rest_route=\/wp\/v2\/posts\/22097\/revisions\/22100"}],"wp:featuredmedia":[{"embeddable":true,"href":"https:\/\/radiorevelacionfm.cl\/index.php?rest_route=\/wp\/v2\/media\/22098"}],"wp:attachment":[{"href":"https:\/\/radiorevelacionfm.cl\/index.php?rest_route=%2Fwp%2Fv2%2Fmedia&parent=22097"}],"wp:term":[{"taxonomy":"category","embeddable":true,"href":"https:\/\/radiorevelacionfm.cl\/index.php?rest_route=%2Fwp%2Fv2%2Fcategories&post=22097"},{"taxonomy":"post_tag","embeddable":true,"href":"https:\/\/radiorevelacionfm.cl\/index.php?rest_route=%2Fwp%2Fv2%2Ftags&post=22097"}],"curies":[{"name":"wp","href":"https:\/\/api.w.org\/{rel}","templated":true}]}}