{"id":22092,"date":"2022-09-22T18:03:47","date_gmt":"2022-09-22T21:03:47","guid":{"rendered":"https:\/\/radiorevelacionfm.cl\/?p=22092"},"modified":"2022-09-22T18:03:47","modified_gmt":"2022-09-22T21:03:47","slug":"presidente-nacional-de-bomberos-visito-obras-de-nuevo-cuartel-en-puerto-cisnes","status":"publish","type":"post","link":"https:\/\/radiorevelacionfm.cl\/?p=22092","title":{"rendered":"Presidente Nacional de Bomberos visit\u00f3 obras de nuevo Cuartel en Puerto Cisnes"},"content":{"rendered":"<div class=\"flex_column av_one_full  flex_column_div av-zero-column-padding first  avia-builder-el-0  el_before_av_one_full  avia-builder-el-first  \" style='border-radius:0px; '><div  class='avia-image-container  av-styling-    avia-builder-el-1  avia-builder-el-no-sibling  avia-align-center '  itemprop=\"image\" itemscope=\"itemscope\" itemtype=\"https:\/\/schema.org\/ImageObject\"  ><div class='avia-image-container-inner'><div class='avia-image-overlay-wrap'><img decoding=\"async\" class='wp-image-22093 avia-img-lazy-loading-not-22093 avia_image' src=\"https:\/\/radiorevelacionfm.cl\/wp-content\/uploads\/2022\/09\/presidente-nacional-en-cisnes-7-1-1.jpeg\" alt='' title='presidente nacional en cisnes 7 (1) (1)' height=\"600\" width=\"1333\"  itemprop=\"thumbnailUrl\" srcset=\"https:\/\/radiorevelacionfm.cl\/wp-content\/uploads\/2022\/09\/presidente-nacional-en-cisnes-7-1-1.jpeg 1333w, https:\/\/radiorevelacionfm.cl\/wp-content\/uploads\/2022\/09\/presidente-nacional-en-cisnes-7-1-1-300x135.jpeg 300w, https:\/\/radiorevelacionfm.cl\/wp-content\/uploads\/2022\/09\/presidente-nacional-en-cisnes-7-1-1-1030x464.jpeg 1030w, https:\/\/radiorevelacionfm.cl\/wp-content\/uploads\/2022\/09\/presidente-nacional-en-cisnes-7-1-1-768x346.jpeg 768w, https:\/\/radiorevelacionfm.cl\/wp-content\/uploads\/2022\/09\/presidente-nacional-en-cisnes-7-1-1-705x317.jpeg 705w, https:\/\/radiorevelacionfm.cl\/wp-content\/uploads\/2022\/09\/presidente-nacional-en-cisnes-7-1-1-600x270.jpeg 600w\" sizes=\"(max-width: 1333px) 100vw, 1333px\" \/><\/div><\/div><\/div><\/div><div class=\"flex_column av_one_full  flex_column_div av-zero-column-padding first  avia-builder-el-2  el_after_av_one_full  el_before_av_one_full  column-top-margin\" style='border-radius:0px; '><section class=\"av_textblock_section \"  itemscope=\"itemscope\" itemtype=\"https:\/\/schema.org\/BlogPosting\" itemprop=\"blogPost\" ><div class='avia_textblock  '   itemprop=\"text\" ><p style=\"text-align: center;\"><strong><span style=\"font-size: 18pt;\">Presidente Nacional de Bomberos visit\u00f3 obras de nuevo Cuartel en Puerto Cisnes <\/span><\/strong><\/p>\n<div id=\"gtx-trans\" style=\"position: absolute; left: -50px; top: 4.31534px;\">\n<div class=\"gtx-trans-icon\"><\/div>\n<\/div>\n<\/div><\/section><\/div><div class=\"flex_column av_one_full  flex_column_div av-zero-column-padding first  avia-builder-el-4  el_after_av_one_full  el_before_av_hr  column-top-margin\" style='border-radius:0px; '><section class=\"av_textblock_section \"  itemscope=\"itemscope\" itemtype=\"https:\/\/schema.org\/BlogPosting\" itemprop=\"blogPost\" ><div class='avia_textblock  '   itemprop=\"text\" ><p style=\"text-align: justify;\">Hasta la conocida \u201cPerla del Litoral\u201d lleg\u00f3 el Presidente Nacional de Bomberos, Juan Carlos Field, quien, junto a representantes de la Ilustre Municipalidad de Cisnes y del Concejo Municipal, el Presidente Regional de Bomberos Miguel Jara, Consejeros Regionales, tambi\u00e9n oficiales y voluntarios del Cuerpo de Bomberos de Cisnes, visitaron las obras de construcci\u00f3n del nuevo cuartel de la primera compa\u00f1\u00eda.<\/p>\n<p style=\"text-align: justify;\">\u201cEstamos acompa\u00f1ando al presidente regional don Miguel Jara en esta visita a la regi\u00f3n de Ays\u00e9n, puntualmente el d\u00eda de hoy al Cuerpo de Bomberos de Cisnes, viendo el futuro cuartel de la Primera Compa\u00f1\u00eda, que es un recinto bien ejecutado, muy s\u00f3lido, mucha estructura met\u00e1lica, ideal para esta la zona\u201d, mencion\u00f3 el Presidente Nacional de Bomberos, Juan Carlos Field.<\/p>\n<p style=\"text-align: justify;\">Por su parte, el Presidente Regional de la instituci\u00f3n voluntaria, Miguel Jara, relev\u00f3 la visita de la autoridad nacional, destacando los avances en el proyecto que beneficiar\u00e1 a los Bomberos de Cisnes.<\/p>\n<p style=\"text-align: justify;\">\u201cTuvimos la grata presencia de nuestro presidente nacional de Bomberos, Juan Carlos Field, vinimos a saludar a la Primera Compa\u00f1\u00eda, a recorrer su cuartel, el antiguo cuartel y despu\u00e9s de un almuerzo, vinimos a ver las obras de ejecuci\u00f3n del nuevo cuartel de Bomberos, que es un dise\u00f1o donde se comparti\u00f3 el trabajo entre el Municipio de Cisnes m\u00e1s la Junta Nacional de Bomberos y su unidad de arquitectura. As\u00ed vemos c\u00f3mo va avanzando, esperando que el pr\u00f3ximo a\u00f1o podamos recibir esta nueva casa que hemos anhelado durante tanto tiempo\u201d.<\/p>\n<p style=\"text-align: justify;\">La Consejera Regional de la Provincia de Ays\u00e9n, Paola Rodr\u00edguez, valor\u00f3 la presencia del Presidente Nacional de Bomberos, quien adem\u00e1s destac\u00f3, la construcci\u00f3n del nuevo cuartel para la Primera Compa\u00f1\u00eda de Cisnes y los m\u00e1s de 16 mil millones de pesos que el Gobierno Regional ha designado para los Bomberos de toda la regi\u00f3n.<\/p>\n<p style=\"text-align: justify;\">\u201cPara nosotros es un gusto y valoramos que ellos hayan llegado a la regi\u00f3n y que el Presidente Nacional haya venido a Puerto Cisnes, a ver las instalaciones de lo que ser\u00e1 el futuro cuartel de Bomberos, que tambi\u00e9n ha sido gestionado con aportes del Gobierno Regional. Saber adem\u00e1s que, ellos est\u00e1n tan comprometidos como nosotros con estos 16 mil millones de pesos, que van a ir en beneficio de todos los voluntarios de todas las compa\u00f1\u00edas de la regi\u00f3n de Ays\u00e9n\u201d.<\/p>\n<p style=\"text-align: justify;\">La m\u00e1xima autoridad de Bomberos a nivel nacional, tambi\u00e9n puso en valor, la importante inversi\u00f3n del Gobierno Regional que permitir\u00e1 equipar y renovar maquinaria a todos los cuerpos de bomberos de la regi\u00f3n de Ays\u00e9n.<\/p>\n<\/div><\/section><\/div><div  style='height:50px' class='hr hr-invisible   avia-builder-el-6  el_after_av_one_full  el_before_av_social_share '><span class='hr-inner ' ><span class='hr-inner-style'><\/span><\/span><\/div><\/p>\n<div  class='av-social-sharing-box  avia-builder-el-7  el_after_av_hr  el_before_av_hr  '><div class='av-share-box'><h5 class='av-share-link-description av-no-toc '>Compartir esta noticia<\/h5><ul class='av-share-box-list noLightbox'><li class='av-share-link av-social-link-facebook' ><a target=\"_blank\" aria-label=\"Compartir en Facebook\" href='https:\/\/www.facebook.com\/sharer.php?u=https:\/\/radiorevelacionfm.cl\/?p=22092&#038;t=Presidente%20Nacional%20de%20Bomberos%20visit%C3%B3%20obras%20de%20nuevo%20Cuartel%20en%20Puerto%20Cisnes' aria-hidden='false' data-av_icon='\ue8f3' data-av_iconfont='entypo-fontello' title='' data-avia-related-tooltip='Compartir en Facebook' rel=\"noopener\"><span class='avia_hidden_link_text'>Compartir en Facebook<\/span><\/a><\/li><li class='av-share-link av-social-link-twitter' ><a target=\"_blank\" aria-label=\"Compartir en Twitter\" href='https:\/\/twitter.com\/share?text=Presidente%20Nacional%20de%20Bomberos%20visit%C3%B3%20obras%20de%20nuevo%20Cuartel%20en%20Puerto%20Cisnes&#038;url=https:\/\/radiorevelacionfm.cl\/?p=22092' aria-hidden='false' data-av_icon='\ue8f1' data-av_iconfont='entypo-fontello' title='' data-avia-related-tooltip='Compartir en Twitter' rel=\"noopener\"><span class='avia_hidden_link_text'>Compartir en Twitter<\/span><\/a><\/li><li class='av-share-link av-social-link-whatsapp' ><a target=\"_blank\" aria-label=\"Compartir en Whatsapp\" href='https:\/\/api.whatsapp.com\/send?text=https:\/\/radiorevelacionfm.cl\/?p=22092' aria-hidden='false' data-av_icon='\uf232' data-av_iconfont='entypo-fontello' title='' data-avia-related-tooltip='Compartir en Whatsapp' rel=\"noopener\"><span class='avia_hidden_link_text'>Compartir en Whatsapp<\/span><\/a><\/li><li class='av-share-link av-social-link-linkedin' ><a target=\"_blank\" aria-label=\"Compartir en LinkedIn\" href='https:\/\/linkedin.com\/shareArticle?mini=true&#038;title=Presidente%20Nacional%20de%20Bomberos%20visit%C3%B3%20obras%20de%20nuevo%20Cuartel%20en%20Puerto%20Cisnes&#038;url=https:\/\/radiorevelacionfm.cl\/?p=22092' aria-hidden='false' data-av_icon='\ue8fc' data-av_iconfont='entypo-fontello' title='' data-avia-related-tooltip='Compartir en LinkedIn' rel=\"noopener\"><span class='avia_hidden_link_text'>Compartir en LinkedIn<\/span><\/a><\/li><li class='av-share-link av-social-link-mail' ><a  aria-label=\"Compartir por correo\" href='mailto:?subject=Presidente%20Nacional%20de%20Bomberos%20visit%C3%B3%20obras%20de%20nuevo%20Cuartel%20en%20Puerto%20Cisnes&#038;body=https:\/\/radiorevelacionfm.cl\/?p=22092' aria-hidden='false' data-av_icon='\ue805' data-av_iconfont='entypo-fontello' title='' data-avia-related-tooltip='Compartir por correo'><span class='avia_hidden_link_text'>Compartir por correo<\/span><\/a><\/li><\/ul><\/div><\/div>\n<div  style='height:50px' class='hr hr-invisible   avia-builder-el-8  el_after_av_social_share  el_before_av_comments_list '><span class='hr-inner ' ><span class='hr-inner-style'><\/span><\/span><\/div>\n<div  class='av-buildercomment  av-blog-meta-html-info-disabled av-blog-meta-tag-disabled  '><\/div>\n","protected":false},"excerpt":{"rendered":"","protected":false},"author":1,"featured_media":22093,"comment_status":"open","ping_status":"open","sticky":false,"template":"","format":"standard","meta":{"footnotes":""},"categories":[38],"tags":[],"class_list":["post-22092","post","type-post","status-publish","format-standard","has-post-thumbnail","hentry","category-regional"],"jetpack_featured_media_url":"https:\/\/radiorevelacionfm.cl\/wp-content\/uploads\/2022\/09\/presidente-nacional-en-cisnes-7-1-1.jpeg","_links":{"self":[{"href":"https:\/\/radiorevelacionfm.cl\/index.php?rest_route=\/wp\/v2\/posts\/22092","targetHints":{"allow":["GET"]}}],"collection":[{"href":"https:\/\/radiorevelacionfm.cl\/index.php?rest_route=\/wp\/v2\/posts"}],"about":[{"href":"https:\/\/radiorevelacionfm.cl\/index.php?rest_route=\/wp\/v2\/types\/post"}],"author":[{"embeddable":true,"href":"https:\/\/radiorevelacionfm.cl\/index.php?rest_route=\/wp\/v2\/users\/1"}],"replies":[{"embeddable":true,"href":"https:\/\/radiorevelacionfm.cl\/index.php?rest_route=%2Fwp%2Fv2%2Fcomments&post=22092"}],"version-history":[{"count":2,"href":"https:\/\/radiorevelacionfm.cl\/index.php?rest_route=\/wp\/v2\/posts\/22092\/revisions"}],"predecessor-version":[{"id":22095,"href":"https:\/\/radiorevelacionfm.cl\/index.php?rest_route=\/wp\/v2\/posts\/22092\/revisions\/22095"}],"wp:featuredmedia":[{"embeddable":true,"href":"https:\/\/radiorevelacionfm.cl\/index.php?rest_route=\/wp\/v2\/media\/22093"}],"wp:attachment":[{"href":"https:\/\/radiorevelacionfm.cl\/index.php?rest_route=%2Fwp%2Fv2%2Fmedia&parent=22092"}],"wp:term":[{"taxonomy":"category","embeddable":true,"href":"https:\/\/radiorevelacionfm.cl\/index.php?rest_route=%2Fwp%2Fv2%2Fcategories&post=22092"},{"taxonomy":"post_tag","embeddable":true,"href":"https:\/\/radiorevelacionfm.cl\/index.php?rest_route=%2Fwp%2Fv2%2Ftags&post=22092"}],"curies":[{"name":"wp","href":"https:\/\/api.w.org\/{rel}","templated":true}]}}