{"id":22087,"date":"2022-09-22T16:49:57","date_gmt":"2022-09-22T19:49:57","guid":{"rendered":"https:\/\/radiorevelacionfm.cl\/?p=22087"},"modified":"2022-09-22T16:49:57","modified_gmt":"2022-09-22T19:49:57","slug":"emprendedores-as-de-rio-ibanez-presentan-planes-de-negocio-para-fortalecer-iniciativas-productivas","status":"publish","type":"post","link":"https:\/\/radiorevelacionfm.cl\/?p=22087","title":{"rendered":"Emprendedores\/as de R\u00edo Ib\u00e1\u00f1ez presentan planes de negocio para fortalecer iniciativas productivas"},"content":{"rendered":"<div class=\"flex_column av_one_full  flex_column_div av-zero-column-padding first  avia-builder-el-0  el_before_av_one_full  avia-builder-el-first  \" style='border-radius:0px; '><div  class='avia-image-container  av-styling-    avia-builder-el-1  avia-builder-el-no-sibling  avia-align-center '  itemprop=\"image\" itemscope=\"itemscope\" itemtype=\"https:\/\/schema.org\/ImageObject\"  ><div class='avia-image-container-inner'><div class='avia-image-overlay-wrap'><img decoding=\"async\" class='wp-image-22088 avia-img-lazy-loading-not-22088 avia_image' src=\"https:\/\/radiorevelacionfm.cl\/wp-content\/uploads\/2022\/09\/3ri-1_optimized.jpg\" alt='' title='3ri-(1)_optimized' height=\"600\" width=\"1067\"  itemprop=\"thumbnailUrl\" srcset=\"https:\/\/radiorevelacionfm.cl\/wp-content\/uploads\/2022\/09\/3ri-1_optimized.jpg 1067w, https:\/\/radiorevelacionfm.cl\/wp-content\/uploads\/2022\/09\/3ri-1_optimized-300x169.jpg 300w, https:\/\/radiorevelacionfm.cl\/wp-content\/uploads\/2022\/09\/3ri-1_optimized-1030x579.jpg 1030w, https:\/\/radiorevelacionfm.cl\/wp-content\/uploads\/2022\/09\/3ri-1_optimized-768x432.jpg 768w, https:\/\/radiorevelacionfm.cl\/wp-content\/uploads\/2022\/09\/3ri-1_optimized-705x396.jpg 705w, https:\/\/radiorevelacionfm.cl\/wp-content\/uploads\/2022\/09\/3ri-1_optimized-600x337.jpg 600w\" sizes=\"(max-width: 1067px) 100vw, 1067px\" \/><\/div><\/div><\/div><\/div><div class=\"flex_column av_one_full  flex_column_div av-zero-column-padding first  avia-builder-el-2  el_after_av_one_full  el_before_av_one_full  column-top-margin\" style='border-radius:0px; '><section class=\"av_textblock_section \"  itemscope=\"itemscope\" itemtype=\"https:\/\/schema.org\/BlogPosting\" itemprop=\"blogPost\" ><div class='avia_textblock  '   itemprop=\"text\" ><p style=\"text-align: center;\"><span style=\"font-size: 18pt;\"><strong>Emprendedores\/as de R\u00edo Ib\u00e1\u00f1ez presentan planes de negocio para fortalecer iniciativas productivas<\/strong><\/span><\/p>\n<div id=\"gtx-trans\" style=\"position: absolute; left: -50px; top: 4.31534px;\">\n<div class=\"gtx-trans-icon\"><\/div>\n<\/div>\n<\/div><\/section><\/div><div class=\"flex_column av_one_full  flex_column_div av-zero-column-padding first  avia-builder-el-4  el_after_av_one_full  el_before_av_hr  column-top-margin\" style='border-radius:0px; '><section class=\"av_textblock_section \"  itemscope=\"itemscope\" itemtype=\"https:\/\/schema.org\/BlogPosting\" itemprop=\"blogPost\" ><div class='avia_textblock  '   itemprop=\"text\" ><p style=\"text-align: justify;\">Hasta Puerto Ingeniero Ib\u00e1\u00f1ez lleg\u00f3 la Directora Regional del FOSIS, Fernanda Leiva, para estar presente y conocer en detalle cuales son las ideas de negocio o emprendimientos iniciales que buscan potenciar los usuarios y usuarias del programa Emprendamos Semilla, orientado a familias del Subsistema de Seguridades y Oportunidades del Ministerio de Desarrollo Social y Familia.<\/p>\n<p style=\"text-align: justify;\">La presentaci\u00f3n de planes de financiamiento se llev\u00f3 a cabo en las Bibliotecas Municipales de Puerto Ib\u00e1\u00f1ez y Villa Cerro Castillo, donde cada uno de los usuarios y usuarias del programa expusieron sus emprendimientos y los distintos rubros en los que se desempe\u00f1an, junto con la planificaci\u00f3n que han venido desarrollando para la adquisici\u00f3n de herramientas, maquinaria o insumos que podr\u00e1n concretar gracias a los recursos que entrega el FOSIS.<\/p>\n<p style=\"text-align: justify;\">Otilia Segura, Emprendedora de Puerto Ib\u00e1\u00f1ez, valor\u00f3 positivamente la intervenci\u00f3n y coment\u00f3 que \u201cquiero comprar maquinaria para seguir trabajando en las cosas dulces que yo hago, la gente siempre me est\u00e1 pidiendo los alfajores, waffles, las tortas de hoja y pan de pascua que en diciembre vendo mucho. Mi anhelo es comprar una maquinaria porque realmente no me alcanza para comprar eso y me gustar\u00eda financiarlo para poder seguir desarrollando mi emprendimiento. Primera vez que yo postulo a esto y gracias a dios qued\u00e9, as\u00ed que estoy feliz y me gustar\u00eda comprarme una batidora y una mini primer que me hace mucha falta. Muy agradecida de FOSIS y de los profesionales que nos han estado apoyando.\u201d<\/p>\n<p style=\"text-align: justify;\">La Directora Regional del FOSIS en Ays\u00e9n, Fernanda Leiva, destac\u00f3 que \u00abparticipamos en la presentaci\u00f3n de los planes de negocio de nuestras usuarias y usuarios de la comuna de R\u00edo Ib\u00e1\u00f1ez en Villa Cerro Castillo y Puerto Ib\u00e1\u00f1ez, donde pudimos acompa\u00f1ar este importante momento en que exponen en qu\u00e9 van a invertir los recursos que entrega el programa Emprendamos Semilla, para poder hacer crecer su idea de negocio o emprendimiento incipiente. Cabe mencionar que ac\u00e1 estamos apoyando a familias del Subsistema de Seguridades y Oportunidades para que puedan consolidar una actividad productiva o servicio que les permita aumentar su generaci\u00f3n de ingresos para mejorar su bienestar.\u00bb<\/p>\n<p style=\"text-align: justify;\">Javiera Cea, Facilitadora del programa Emprendamos Semilla que se ejecuta en R\u00edo Ib\u00e1\u00f1ez, destac\u00f3 la participaci\u00f3n que han tenido los y las emprendedoras que son parte de esta iniciativa program\u00e1tica financiada por el FOSIS y adem\u00e1s manifest\u00f3 que \u201cla ejecuci\u00f3n se realiza a trav\u00e9s de la Ilustre Municipalidad de R\u00edo Ib\u00e1\u00f1ez y es una muy buena instancia para poder potencia a los emprendedores y emprendedoras locales, y las ideas de negocio nuevas que van surgiendo. Han sido talleres muy interesantes y la gente ha participado y colaborado de buena manera para ir adquiriendo conocimientos y herramientas que les permitan mejorar sus negocios.\u201d<\/p>\n<p style=\"text-align: justify;\">El programa Emprendamos Semilla entrega capacitaci\u00f3n, asesor\u00eda t\u00e9cnica y un plan de financiamiento para fortalecer y desarrollar la iniciativa de negocio, permitiendo aumentar la generaci\u00f3n de ingresos a los usuarios y usuarias que participan.<\/p>\n<\/div><\/section><\/div><div  style='height:50px' class='hr hr-invisible   avia-builder-el-6  el_after_av_one_full  el_before_av_social_share '><span class='hr-inner ' ><span class='hr-inner-style'><\/span><\/span><\/div><\/p>\n<div  class='av-social-sharing-box  avia-builder-el-7  el_after_av_hr  el_before_av_hr  '><div class='av-share-box'><h5 class='av-share-link-description av-no-toc '>Compartir esta noticia<\/h5><ul class='av-share-box-list noLightbox'><li class='av-share-link av-social-link-facebook' ><a target=\"_blank\" aria-label=\"Compartir en Facebook\" href='https:\/\/www.facebook.com\/sharer.php?u=https:\/\/radiorevelacionfm.cl\/?p=22087&#038;t=Emprendedores%2Fas%20de%20R%C3%ADo%20Ib%C3%A1%C3%B1ez%20presentan%20planes%20de%20negocio%20para%20fortalecer%20iniciativas%20productivas' aria-hidden='false' data-av_icon='\ue8f3' data-av_iconfont='entypo-fontello' title='' data-avia-related-tooltip='Compartir en Facebook' rel=\"noopener\"><span class='avia_hidden_link_text'>Compartir en Facebook<\/span><\/a><\/li><li class='av-share-link av-social-link-twitter' ><a target=\"_blank\" aria-label=\"Compartir en Twitter\" href='https:\/\/twitter.com\/share?text=Emprendedores%2Fas%20de%20R%C3%ADo%20Ib%C3%A1%C3%B1ez%20presentan%20planes%20de%20negocio%20para%20fortalecer%20iniciativas%20productivas&#038;url=https:\/\/radiorevelacionfm.cl\/?p=22087' aria-hidden='false' data-av_icon='\ue8f1' data-av_iconfont='entypo-fontello' title='' data-avia-related-tooltip='Compartir en Twitter' rel=\"noopener\"><span class='avia_hidden_link_text'>Compartir en Twitter<\/span><\/a><\/li><li class='av-share-link av-social-link-whatsapp' ><a target=\"_blank\" aria-label=\"Compartir en Whatsapp\" href='https:\/\/api.whatsapp.com\/send?text=https:\/\/radiorevelacionfm.cl\/?p=22087' aria-hidden='false' data-av_icon='\uf232' data-av_iconfont='entypo-fontello' title='' data-avia-related-tooltip='Compartir en Whatsapp' rel=\"noopener\"><span class='avia_hidden_link_text'>Compartir en Whatsapp<\/span><\/a><\/li><li class='av-share-link av-social-link-linkedin' ><a target=\"_blank\" aria-label=\"Compartir en LinkedIn\" href='https:\/\/linkedin.com\/shareArticle?mini=true&#038;title=Emprendedores%2Fas%20de%20R%C3%ADo%20Ib%C3%A1%C3%B1ez%20presentan%20planes%20de%20negocio%20para%20fortalecer%20iniciativas%20productivas&#038;url=https:\/\/radiorevelacionfm.cl\/?p=22087' aria-hidden='false' data-av_icon='\ue8fc' data-av_iconfont='entypo-fontello' title='' data-avia-related-tooltip='Compartir en LinkedIn' rel=\"noopener\"><span class='avia_hidden_link_text'>Compartir en LinkedIn<\/span><\/a><\/li><li class='av-share-link av-social-link-mail' ><a  aria-label=\"Compartir por correo\" href='mailto:?subject=Emprendedores%2Fas%20de%20R%C3%ADo%20Ib%C3%A1%C3%B1ez%20presentan%20planes%20de%20negocio%20para%20fortalecer%20iniciativas%20productivas&#038;body=https:\/\/radiorevelacionfm.cl\/?p=22087' aria-hidden='false' data-av_icon='\ue805' data-av_iconfont='entypo-fontello' title='' data-avia-related-tooltip='Compartir por correo'><span class='avia_hidden_link_text'>Compartir por correo<\/span><\/a><\/li><\/ul><\/div><\/div>\n<div  style='height:50px' class='hr hr-invisible   avia-builder-el-8  el_after_av_social_share  el_before_av_comments_list '><span class='hr-inner ' ><span class='hr-inner-style'><\/span><\/span><\/div>\n<div  class='av-buildercomment  av-blog-meta-html-info-disabled av-blog-meta-tag-disabled  '><\/div>\n","protected":false},"excerpt":{"rendered":"","protected":false},"author":1,"featured_media":22088,"comment_status":"open","ping_status":"open","sticky":false,"template":"","format":"standard","meta":{"footnotes":""},"categories":[38],"tags":[],"class_list":["post-22087","post","type-post","status-publish","format-standard","has-post-thumbnail","hentry","category-regional"],"jetpack_featured_media_url":"https:\/\/radiorevelacionfm.cl\/wp-content\/uploads\/2022\/09\/3ri-1_optimized.jpg","_links":{"self":[{"href":"https:\/\/radiorevelacionfm.cl\/index.php?rest_route=\/wp\/v2\/posts\/22087","targetHints":{"allow":["GET"]}}],"collection":[{"href":"https:\/\/radiorevelacionfm.cl\/index.php?rest_route=\/wp\/v2\/posts"}],"about":[{"href":"https:\/\/radiorevelacionfm.cl\/index.php?rest_route=\/wp\/v2\/types\/post"}],"author":[{"embeddable":true,"href":"https:\/\/radiorevelacionfm.cl\/index.php?rest_route=\/wp\/v2\/users\/1"}],"replies":[{"embeddable":true,"href":"https:\/\/radiorevelacionfm.cl\/index.php?rest_route=%2Fwp%2Fv2%2Fcomments&post=22087"}],"version-history":[{"count":2,"href":"https:\/\/radiorevelacionfm.cl\/index.php?rest_route=\/wp\/v2\/posts\/22087\/revisions"}],"predecessor-version":[{"id":22090,"href":"https:\/\/radiorevelacionfm.cl\/index.php?rest_route=\/wp\/v2\/posts\/22087\/revisions\/22090"}],"wp:featuredmedia":[{"embeddable":true,"href":"https:\/\/radiorevelacionfm.cl\/index.php?rest_route=\/wp\/v2\/media\/22088"}],"wp:attachment":[{"href":"https:\/\/radiorevelacionfm.cl\/index.php?rest_route=%2Fwp%2Fv2%2Fmedia&parent=22087"}],"wp:term":[{"taxonomy":"category","embeddable":true,"href":"https:\/\/radiorevelacionfm.cl\/index.php?rest_route=%2Fwp%2Fv2%2Fcategories&post=22087"},{"taxonomy":"post_tag","embeddable":true,"href":"https:\/\/radiorevelacionfm.cl\/index.php?rest_route=%2Fwp%2Fv2%2Ftags&post=22087"}],"curies":[{"name":"wp","href":"https:\/\/api.w.org\/{rel}","templated":true}]}}